{"id":340042,"date":"2025-08-24T05:58:20","date_gmt":"2025-08-24T05:58:20","guid":{"rendered":"https:\/\/www.europesays.com\/fr\/340042\/"},"modified":"2025-08-24T05:58:20","modified_gmt":"2025-08-24T05:58:20","slug":"deux-spectacles-gratuits-pour-toute-la-famille-avant-la-rentree","status":"publish","type":"post","link":"https:\/\/www.europesays.com\/fr\/340042\/","title":{"rendered":"deux spectacles gratuits pour toute la famille avant la rentr\u00e9e"},"content":{"rendered":"<p>            Par<br \/>\n        <strong><br \/>\n            <a href=\"https:\/\/actu.fr\/auteur\/matheo-girard\" title=\"Consulter tous les articles de Matheo Girard\" rel=\"nofollow noopener\" target=\"_blank\">Matheo Girard<\/a><br \/>\n        <\/strong><\/p>\n<p>        Publi\u00e9 le<\/p>\n<p>            24 ao\u00fbt 2025 \u00e0 7h16        <\/p>\n<p>Chaque \u00e9t\u00e9, la Ville de <b>Ch\u00e2teaugiron <\/b>(Ille-et-Vilaine)\u00a0 organise des animations \u00e0 destination du grand public, habitants ou touristes de passage dans la petite cit\u00e9 de caract\u00e8re.<\/p>\n<p class=\" wall-content\">Gratuites, ces animations s\u2019adressent \u00e0 un <b>public familial.<\/b> Un \u00e9t\u00e9 au ch\u00e2teau propose deux nouveaux rendez-vous.<\/p>\n<p>Deux spectacles gratuits\u00a0<\/p>\n<p class=\" wall-content\">D\u2019abord le spectacle Caillasse par la compagnie Le Guichet, mercredi 27\u00a0ao\u00fbt.<\/p>\n<p class=\" wall-content\">\u00ab Il raconte l\u2019histoire d\u2019un prisonnier qui r\u00eave de s\u2019\u00e9vader de son quotidien avec son ami imaginaire. \u00bb<\/p>\n<p class=\" wall-content\">Puis le spectacle Les Fr\u00e8res Forsini par la compagnie L\u2019H\u00e9misph\u00e8re de l\u2019ouest, le 30\u00a0ao\u00fbt : un num\u00e9ro de cirque.<\/p>\n<p>Vid\u00e9os : en ce moment sur Actu<\/p>\n<p>Pratique : mercredi 27 ao\u00fbt \u00e0 17 h au Pr\u00e9au communal de Saint-Aubin-du-Pavail. Dur\u00e9e : 50 min et gratuit (pas de r\u00e9servation). Samedi 30 ao\u00fbt \u00e0 17 h dans la cour du ch\u00e2teau. D\u00e8s 3 ans, gratuit (sans r\u00e9servation).<\/p>\n<p class=\" wall-content\">Personnalisez votre actualit\u00e9 en ajoutant vos villes et m\u00e9dias en favori avec <a href=\"https:\/\/moncompte.actu.fr\" title=\"D\u00e9couvez Mon Actu\" rel=\"nofollow noopener\" data-trk=\"{&quot;cta&quot;:{&quot;action&quot;:&quot;https:\\\/\\\/moncompte.actu.fr&quot;,&quot;category&quot;:&quot;mon compte&quot;,&quot;from&quot;:&quot;article footer&quot;,&quot;name&quot;:&quot;Mon actu&quot;,&quot;type&quot;:&quot;cta&quot;}}\" target=\"_blank\">Mon Actu<\/a>.<\/p>\n","protected":false},"excerpt":{"rendered":"Par Matheo Girard Publi\u00e9 le 24 ao\u00fbt 2025 \u00e0 7h16 Chaque \u00e9t\u00e9, la Ville de Ch\u00e2teaugiron (Ille-et-Vilaine)\u00a0 organise&hellip;\n","protected":false},"author":2,"featured_media":340043,"comment_status":"","ping_status":"","sticky":false,"template":"","format":"standard","meta":{"footnotes":""},"categories":[2821],"tags":[1111,11,1063,829,1777,674,1011,27,1652,12,584,25,853],"class_list":{"0":"post-340042","1":"post","2":"type-post","3":"status-publish","4":"format-standard","5":"has-post-thumbnail","7":"category-rennes","8":"tag-actu","9":"tag-actualites","10":"tag-animations","11":"tag-bretagne","12":"tag-eu","13":"tag-europe","14":"tag-fr","15":"tag-france","16":"tag-loisirs-culture","17":"tag-news","18":"tag-rennes","19":"tag-republique-francaise","20":"tag-spectacles"},"share_on_mastodon":{"url":"https:\/\/pubeurope.com\/@fr\/115082212975296572","error":""},"_links":{"self":[{"href":"https:\/\/www.europesays.com\/fr\/wp-json\/wp\/v2\/posts\/340042","targetHints":{"allow":["GET"]}}],"collection":[{"href":"https:\/\/www.europesays.com\/fr\/wp-json\/wp\/v2\/posts"}],"about":[{"href":"https:\/\/www.europesays.com\/fr\/wp-json\/wp\/v2\/types\/post"}],"author":[{"embeddable":true,"href":"https:\/\/www.europesays.com\/fr\/wp-json\/wp\/v2\/users\/2"}],"replies":[{"embeddable":true,"href":"https:\/\/www.europesays.com\/fr\/wp-json\/wp\/v2\/comments?post=340042"}],"version-history":[{"count":0,"href":"https:\/\/www.europesays.com\/fr\/wp-json\/wp\/v2\/posts\/340042\/revisions"}],"wp:featuredmedia":[{"embeddable":true,"href":"https:\/\/www.europesays.com\/fr\/wp-json\/wp\/v2\/media\/340043"}],"wp:attachment":[{"href":"https:\/\/www.europesays.com\/fr\/wp-json\/wp\/v2\/media?parent=340042"}],"wp:term":[{"taxonomy":"category","embeddable":true,"href":"https:\/\/www.europesays.com\/fr\/wp-json\/wp\/v2\/categories?post=340042"},{"taxonomy":"post_tag","embeddable":true,"href":"https:\/\/www.europesays.com\/fr\/wp-json\/wp\/v2\/tags?post=340042"}],"curies":[{"name":"wp","href":"https:\/\/api.w.org\/{rel}","templated":true}]}}