{"id":340044,"date":"2025-08-24T05:59:15","date_gmt":"2025-08-24T05:59:15","guid":{"rendered":"https:\/\/www.europesays.com\/fr\/340044\/"},"modified":"2025-08-24T05:59:15","modified_gmt":"2025-08-24T05:59:15","slug":"depuis-strasbourg-ces-nouveaux-trains-vont-faire-un-trajet-de-4-minutes","status":"publish","type":"post","link":"https:\/\/www.europesays.com\/fr\/340044\/","title":{"rendered":"depuis Strasbourg, ces nouveaux trains vont faire un trajet de&#8230; 4 minutes"},"content":{"rendered":"<p>            Par<br \/>\n        <strong><br \/>\n            <a href=\"https:\/\/actu.fr\/auteur\/ivan-capecchi\" title=\"Consulter tous les articles de Ivan CAPECCHI\" rel=\"nofollow noopener\" target=\"_blank\">Ivan CAPECCHI<\/a><br \/>\n        <\/strong><\/p>\n<p>        Publi\u00e9 le<\/p>\n<p>            24 ao\u00fbt 2025 \u00e0 7h02        <\/p>\n<p>Ils avaient disparu depuis des ann\u00e9es : les \u00ab <strong>trains bleus<\/strong> \u00bb font leur retour \u00e0 Strasbourg \u00e0 l\u2019occasion de la <strong>saison 2025-2026 du Racing Club de Strasbourg<\/strong>, annonce la <strong>R\u00e9gion Grand Est<\/strong> dans un communiqu\u00e9. \u00c0 partir du <strong>24 ao\u00fbt 2025<\/strong>, des <strong>TER sp\u00e9ciaux circuleront les jours de match<\/strong> entre la <strong>gare centrale et celle de Krimmeri-Meinau<\/strong>, situ\u00e9e \u00e0 proximit\u00e9 du <a href=\"https:\/\/actu.fr\/grand-est\/strasbourg_67482\/stade-de-la-meinau-la-pose-de-la-charpente-debute-c-est-une-operation-technique_62354636.html\" rel=\"nofollow noopener\" target=\"_blank\">stade de la Meinau<\/a>.<\/p>\n<p>Dur\u00e9e du trajet : 4 minutes<\/p>\n<p class=\" wall-content\">Particularit\u00e9 <a href=\"https:\/\/actu.fr\/insolite\" rel=\"nofollow noopener\" target=\"_blank\">insolite<\/a> : <strong>la dur\u00e9e totale du trajet sera de\u2026 4 minutes<\/strong>.<\/p>\n<p class=\" wall-content\">\n<p class=\" wall-content\">Objectif affich\u00e9 : <strong>faciliter l\u2019acc\u00e8s des supporters, limiter les embouteillages autour de la Meinau et proposer une alternative plus durable \u00e0 la voiture<\/strong>.<\/p>\n<p>Des correspondances pr\u00e9vues avec les lignes vers Haguenau, Saverne ou S\u00e9lestat<\/p>\n<p class=\" wall-content\">Ces trains<strong> circuleront avant chaque rencontre<\/strong>, avec des <strong>arriv\u00e9es \u00e9chelonn\u00e9es entre deux heures et trente minutes avant le coup d\u2019envoi<\/strong>, puis assureront le <strong>retour apr\u00e8s le match<\/strong>.<\/p>\n<p class=\" wall-content\">Des <strong>correspondances<\/strong> sont pr\u00e9vues avec les <strong>lignes r\u00e9guli\u00e8res vers Haguenau, Saverne, S\u00e9lestat, Colmar ou Mulhouse<\/strong>.<\/p>\n<p class=\" wall-content\">Personnalisez votre actualit\u00e9 en ajoutant vos villes et m\u00e9dias en favori avec <a href=\"https:\/\/moncompte.actu.fr\" title=\"D\u00e9couvez Mon Actu\" rel=\"nofollow noopener\" data-trk=\"{&quot;cta&quot;:{&quot;action&quot;:&quot;https:\\\/\\\/moncompte.actu.fr&quot;,&quot;category&quot;:&quot;mon compte&quot;,&quot;from&quot;:&quot;article footer&quot;,&quot;name&quot;:&quot;Mon actu&quot;,&quot;type&quot;:&quot;cta&quot;}}\" target=\"_blank\">Mon Actu<\/a>.<\/p>\n","protected":false},"excerpt":{"rendered":"Par Ivan CAPECCHI Publi\u00e9 le 24 ao\u00fbt 2025 \u00e0 7h02 Ils avaient disparu depuis des ann\u00e9es : les&hellip;\n","protected":false},"author":2,"featured_media":340045,"comment_status":"","ping_status":"","sticky":false,"template":"","format":"standard","meta":{"footnotes":""},"categories":[2820],"tags":[1111,11,1777,674,1011,27,775,1757,12,25,2215,104,640],"class_list":{"0":"post-340044","1":"post","2":"type-post","3":"status-publish","4":"format-standard","5":"has-post-thumbnail","7":"category-strasbourg","8":"tag-actu","9":"tag-actualites","10":"tag-eu","11":"tag-europe","12":"tag-fr","13":"tag-france","14":"tag-grand-est","15":"tag-insolite","16":"tag-news","17":"tag-republique-francaise","18":"tag-sncf","19":"tag-societe","20":"tag-strasbourg"},"share_on_mastodon":{"url":"https:\/\/pubeurope.com\/@fr\/115082216455273108","error":""},"_links":{"self":[{"href":"https:\/\/www.europesays.com\/fr\/wp-json\/wp\/v2\/posts\/340044","targetHints":{"allow":["GET"]}}],"collection":[{"href":"https:\/\/www.europesays.com\/fr\/wp-json\/wp\/v2\/posts"}],"about":[{"href":"https:\/\/www.europesays.com\/fr\/wp-json\/wp\/v2\/types\/post"}],"author":[{"embeddable":true,"href":"https:\/\/www.europesays.com\/fr\/wp-json\/wp\/v2\/users\/2"}],"replies":[{"embeddable":true,"href":"https:\/\/www.europesays.com\/fr\/wp-json\/wp\/v2\/comments?post=340044"}],"version-history":[{"count":0,"href":"https:\/\/www.europesays.com\/fr\/wp-json\/wp\/v2\/posts\/340044\/revisions"}],"wp:featuredmedia":[{"embeddable":true,"href":"https:\/\/www.europesays.com\/fr\/wp-json\/wp\/v2\/media\/340045"}],"wp:attachment":[{"href":"https:\/\/www.europesays.com\/fr\/wp-json\/wp\/v2\/media?parent=340044"}],"wp:term":[{"taxonomy":"category","embeddable":true,"href":"https:\/\/www.europesays.com\/fr\/wp-json\/wp\/v2\/categories?post=340044"},{"taxonomy":"post_tag","embeddable":true,"href":"https:\/\/www.europesays.com\/fr\/wp-json\/wp\/v2\/tags?post=340044"}],"curies":[{"name":"wp","href":"https:\/\/api.w.org\/{rel}","templated":true}]}}