{"id":340046,"date":"2025-08-24T06:00:45","date_gmt":"2025-08-24T06:00:45","guid":{"rendered":"https:\/\/www.europesays.com\/fr\/340046\/"},"modified":"2025-08-24T06:00:45","modified_gmt":"2025-08-24T06:00:45","slug":"fabrice-mercier-publie-un-album-photos-de-strasbourg-tout-en-synchronicite","status":"publish","type":"post","link":"https:\/\/www.europesays.com\/fr\/340046\/","title":{"rendered":"Fabrice Mercier publie un album photos de Strasbourg tout en synchronicit\u00e9"},"content":{"rendered":"<p class=\"wp-block-post-excerpt__excerpt\">Le photographe strasbourgeois Fabrice Mercier publiera en octobre \u00ab\u00a0SynchroniCit\u00e9\u00a0\u00bb. Fruit de quatre ann\u00e9es \u00e0 arpenter la capitale alsacienne, son premier recueil photos rassemble des instants o\u00f9 la rue accueille d\u2019improbables co\u00efncidences visuelles. <\/p>\n<p class=\"font-sans\">\n\t\t\tCet article est en acc\u00e8s libre. Pour soutenir Rue89 Strasbourg,<br \/>\n\t\t\t<a class=\"underline\" href=\"https:\/\/www.rue89strasbourg.com\/abonnement\" rel=\"nofollow noopener\" target=\"_blank\">abonnez-vous<\/a>.\n\t\t<\/p>\n<p>Camille Curnier<\/p>\n<p>Publi\u00e9 le 24 ao\u00fbt 2025\u00a0\u00a0\u00b7\u00a0\u00a0<\/p>\n<p>Imprim\u00e9 le 24 ao\u00fbt 2025 \u00e0 07h03\u00a0\u00a0\u00b7\u00a0\u00a0<\/p>\n<p>\t\t\t\t\t2\u00a0minutes\n<\/p>\n<p>Un passant qui se fond dans les couleurs bariol\u00e9es des chaises d\u2019un caf\u00e9, une robe aux motifs g\u00e9om\u00e9triques qui rappelle les pots de fleurs voisins, un manteau qui se fond dans une fresque murale\u2026 Au bon endroit et au bon moment, le hasard compose des images furtives, que le regard aff\u00fbt\u00e9 de Fabrice Mercier sait r\u00e9v\u00e9ler. Hoenheimois depuis six ans mais Strasbourgeois de naissance, le photographe de 54 ans s\u2019appr\u00eate \u00e0 publier en octobre son premier album photographique \u00ab\u00a0SynchroniCit\u00e9\u00a0\u00bb, consacr\u00e9 \u00e0 ces instants furtifs o\u00f9 la vie urbaine compose des tableaux improbables.<\/p>\n<p><a href=\"https:\/\/www.rue89strasbourg.com\/abonnement\/paiement?sub=3&amp;discount=ete2025\" rel=\"nofollow noopener\" target=\"_blank\"><img loading=\"lazy\" decoding=\"async\" width=\"970\" height=\"250\" src=\"https:\/\/www.europesays.com\/fr\/wp-content\/uploads\/2025\/07\/bannie\u0300re-site-desktop-anime\u0301e.gif\" alt=\"\" class=\"wp-image-350811\" style=\"width:792px;height:auto\"\/><\/a><\/p>\n<p><a href=\"https:\/\/www.rue89strasbourg.com\/abonnement\/paiement?sub=3&amp;discount=ete2025\" rel=\"nofollow noopener\" target=\"_blank\"><img loading=\"lazy\" decoding=\"async\" width=\"300\" height=\"300\" src=\"https:\/\/www.europesays.com\/fr\/wp-content\/uploads\/2025\/07\/bannie\u0300re-pub-mobile-anime\u0301e.gif\" alt=\"\" class=\"wp-image-350815\"\/><\/a><\/p>\n<p>Cr\u00e9er le hasard <\/p>\n<p>\u00ab\u00a0Strasbourg, c\u2019est sur mon chemin quand je rentre du travail. Je pose mon v\u00e9lo et je marche pendant deux heures, sans r\u00e9el but\u00a0\u00bb, d\u00e9crit Fabrice Mercier. \u00c9ducateur dans un foyer d\u2019accueil pour personnes en situation de handicap \u00e0 Illkirch-Graffenstaden, il ne vit pas de la photographie. Et pourtant, ce rituel du soir, cette mani\u00e8re de prolonger la route, est peu \u00e0 peu devenu une passion\u00a0: \u00ab\u00a0C\u2019\u00e9tait mon quotidien du lundi au samedi ces derni\u00e8res ann\u00e9es. Une sorte de bouff\u00e9e d\u2019oxyg\u00e8ne qui me permettait de voir autre chose.\u00a0\u00bb<\/p>\n<p>De par sa sensibilit\u00e9 et son engagement dans le social, Fabrice Mercier a naturellement port\u00e9 son regard vers les \u00eatres humains plut\u00f4t que vers des paysages fig\u00e9s. Peu \u00e0 peu, il a appris \u00e0 rep\u00e9rer ces moments o\u00f9 la ville offre des images qu\u2019on croirait compos\u00e9es\u00a0:<\/p>\n<blockquote class=\"wp-block-quote is-layout-flow wp-block-quote-is-layout-flow\">\n<p>\u00ab\u00a0J\u2019ai trouv\u00e9 une sorte de technique, qui n\u2019est pas inn\u00e9e et qui n\u2019est pas mienne, mais qui m\u2019a permis de travailler \u00e0 faire co\u00efncider le sujet avec son environnement. Au d\u00e9but, je photographiais simplement des gens qui marchaient dans la rue, mais tr\u00e8s vite, il fallait que quelque chose se passe, qu\u2019il y ait une interaction entre la personne et son environnement. C\u2019est l\u00e0 que la photo prenait vie.\u00a0\u00bb<\/p>\n<\/blockquote>\n<p><img loading=\"lazy\" decoding=\"async\" width=\"792\" height=\"634\" src=\"https:\/\/www.europesays.com\/fr\/wp-content\/uploads\/2025\/08\/fabrice-mercier-double-5-3d-792x634.jpg\" alt=\"\" class=\"wp-image-356509\"  \/><\/p>\n<p>\t\tRed\u00e9couvrir Strasbourg<\/p>\n<p>Au travers de son objectif, Fabrice Mercier t\u00e9moigne aussi de l\u2019\u00e9volution de Strasbourg. En quatre ans, il a immortalis\u00e9 la ville en perp\u00e9tuelle transformation. Ses archives donnent \u00e0 voir le cin\u00e9ma voisin de la librairie Kl\u00e9ber, encore appel\u00e9 L\u2019Odyss\u00e9e, aujourd\u2019hui rebaptis\u00e9 Cosmos. Ailleurs, des fresques de street art qui ont aujourd\u2019hui disparu.<\/p>\n<p>Les images de Fabrice Mercier se concentrent en grande partie dans l\u2019hypercentre de la ville. Un terrain qui concentre autant de sc\u00e8nes de vie pleine de l\u00e9g\u00e8ret\u00e9 que de r\u00e9alit\u00e9s plus dures. \u00ab\u00a0En quelques ann\u00e9es, j\u2019ai vu beaucoup plus de pr\u00e9carit\u00e9 dans la rue. Ce n\u2019est pas forc\u00e9ment ce que je vais chercher \u00e0 photographier de prime abord, mais c\u2019est une r\u00e9alit\u00e9 qui s\u2019impose aussi \u00e0 moi\u00a0\u00bb, constate-t-il.<\/p>\n<p>Un premier livre en crowdfunding <\/p>\n<p>Ce style photographique a rapidement trouv\u00e9 son public sur les r\u00e9seaux sociaux. Apr\u00e8s une premi\u00e8re exposition intitul\u00e9e \u00ab\u00a0Com\u00e9die urbaine\u00a0\u00bb en 2022 \u00e0 la Cour des Boecklin \u00e0 Strasbourg, et quelques publications dans des revues comme Or Norme, Fabrice Mercier a d\u00e9cid\u00e9 de lancer son premier livre photographique. Rassemblant pr\u00e8s de 500 clich\u00e9s pris entre 2021 et 2025, le projet se finance gr\u00e2ce \u00e0 <a href=\"https:\/\/www.fabricemercier.com\/la-boutique\/\" rel=\"nofollow noopener\" target=\"_blank\">une campagne participative ouverte le 20 ao\u00fbt<\/a>. Il n\u00e9cessite la vente de 150 premiers exemplaires pour pouvoir \u00eatre imprim\u00e9. \u00c0 l\u2019heure d\u2019\u00e9crire ces lignes, le livre n\u2019est donc disponible au tarif de 30 euros qu\u2019en <a href=\"https:\/\/www.fabricemercier.com\/\" rel=\"nofollow noopener\" target=\"_blank\">pr\u00e9commande sur le blog du photographe<\/a>.<\/p>\n<p><img loading=\"lazy\" decoding=\"async\" width=\"792\" height=\"528\" src=\"https:\/\/www.europesays.com\/fr\/wp-content\/uploads\/2025\/08\/fabrice-mercier-couv-3d-792x528.jpg\" alt=\"\" class=\"wp-image-356510\"  \/><\/p>\n","protected":false},"excerpt":{"rendered":"Le photographe strasbourgeois Fabrice Mercier publiera en octobre \u00ab\u00a0SynchroniCit\u00e9\u00a0\u00bb. Fruit de quatre ann\u00e9es \u00e0 arpenter la capitale alsacienne,&hellip;\n","protected":false},"author":2,"featured_media":340047,"comment_status":"","ping_status":"","sticky":false,"template":"","format":"standard","meta":{"footnotes":""},"categories":[2820],"tags":[1111,11,1777,674,1011,27,775,12,1756,25,640],"class_list":{"0":"post-340046","1":"post","2":"type-post","3":"status-publish","4":"format-standard","5":"has-post-thumbnail","7":"category-strasbourg","8":"tag-actu","9":"tag-actualites","10":"tag-eu","11":"tag-europe","12":"tag-fr","13":"tag-france","14":"tag-grand-est","15":"tag-news","16":"tag-photographie","17":"tag-republique-francaise","18":"tag-strasbourg"},"share_on_mastodon":{"url":"https:\/\/pubeurope.com\/@fr\/115082220340194809","error":""},"_links":{"self":[{"href":"https:\/\/www.europesays.com\/fr\/wp-json\/wp\/v2\/posts\/340046","targetHints":{"allow":["GET"]}}],"collection":[{"href":"https:\/\/www.europesays.com\/fr\/wp-json\/wp\/v2\/posts"}],"about":[{"href":"https:\/\/www.europesays.com\/fr\/wp-json\/wp\/v2\/types\/post"}],"author":[{"embeddable":true,"href":"https:\/\/www.europesays.com\/fr\/wp-json\/wp\/v2\/users\/2"}],"replies":[{"embeddable":true,"href":"https:\/\/www.europesays.com\/fr\/wp-json\/wp\/v2\/comments?post=340046"}],"version-history":[{"count":0,"href":"https:\/\/www.europesays.com\/fr\/wp-json\/wp\/v2\/posts\/340046\/revisions"}],"wp:featuredmedia":[{"embeddable":true,"href":"https:\/\/www.europesays.com\/fr\/wp-json\/wp\/v2\/media\/340047"}],"wp:attachment":[{"href":"https:\/\/www.europesays.com\/fr\/wp-json\/wp\/v2\/media?parent=340046"}],"wp:term":[{"taxonomy":"category","embeddable":true,"href":"https:\/\/www.europesays.com\/fr\/wp-json\/wp\/v2\/categories?post=340046"},{"taxonomy":"post_tag","embeddable":true,"href":"https:\/\/www.europesays.com\/fr\/wp-json\/wp\/v2\/tags?post=340046"}],"curies":[{"name":"wp","href":"https:\/\/api.w.org\/{rel}","templated":true}]}}