{"id":340049,"date":"2025-08-24T06:02:15","date_gmt":"2025-08-24T06:02:15","guid":{"rendered":"https:\/\/www.europesays.com\/fr\/340049\/"},"modified":"2025-08-24T06:02:15","modified_gmt":"2025-08-24T06:02:15","slug":"a-laeroport-de-nice-la-chienne-eko-se-balade-pour-apaiser-les-voyageurs-stresses","status":"publish","type":"post","link":"https:\/\/www.europesays.com\/fr\/340049\/","title":{"rendered":"\u00c0 l\u2019a\u00e9roport de Nice, la chienne Eko se balade pour apaiser les voyageurs stress\u00e9s"},"content":{"rendered":"<p><strong>REPORTAGE &#8211; <\/strong>Cet \u00e9t\u00e9, une m\u00e9diation animale in\u00e9dite est exp\u00e9riment\u00e9e dans les terminaux ni\u00e7ois, juste avant l\u2019embarquement.<\/p>\n<p class=\"fig-paragraph\">Anxieux \u00e0 l\u2019id\u00e9e de prendre l\u2019avion ou contrari\u00e9 par\u00a0<a href=\"http:\/\/www.lefigaro.fr\/nice\/l-ete-sera-complique-a-l-aeroport-de-nice-les-retards-se-multiplient-depuis-des-mois-a-cause-du-controle-aerien-20250703\" data-fig-type=\"NewsFlash\" data-gtm-custom-categorie=\"navigation\" data-gtm-custom-action=\"crossclick\" data-gtm-custom-label=\"Contextuel\" data-gtm-event=\"customEventSPE\" data-fig-domain=\"LEFIGARO\" target=\"_blank\" rel=\"noopener\">un retard<\/a>\u00a0? Voici Eko, un golden retriever crois\u00e9 patou, v\u00e9ritable \u00ab\u00e9ponge \u00e0 \u00e9motions\u00bb, qui se balade avec sa ma\u00eetresse, Nathalie Schindelman, dans les terminaux de Nice (Alpes-Maritimes).\u00a0<a href=\"http:\/\/www.lefigaro.fr\/nice\/aeroport-de-nice-franck-goldnadel-reconduit-comme-president-pour-cinq-ans-20250304\" data-fig-type=\"NewsFlash\" data-gtm-custom-categorie=\"navigation\" data-gtm-custom-action=\"crossclick\" data-gtm-custom-label=\"Contextuel\" data-gtm-event=\"customEventSPE\" data-fig-domain=\"LEFIGARO\" target=\"_blank\" rel=\"noopener\">L\u2019a\u00e9roport international de la C\u00f4te d\u2019Azur<\/a>\u00a0a exp\u00e9riment\u00e9 cet \u00e9t\u00e9 ce dispositif in\u00e9dit de m\u00e9diation animale pour d\u00e9tresser, relaxer et distraire les voyageurs juste avant l\u2019embarquement. L\u2019initiative pourrait \u00eatre reconduite, la chienne \u00e9tant d\u00e9j\u00e0 reconnue et appr\u00e9ci\u00e9e par le personnel.<\/p>\n<p class=\"fig-paragraph\">Il faut dire que ce canid\u00e9 imposant de neuf mois, au regard attendrissant, parvient vite \u00e0 redonner le sourire. \u00abC\u2019est un soutien \u00e9motionnel, de la relaxation animale par les cinq sens. On apporte un peu d\u2019humanit\u00e9 par le chien\u00bb, r\u00e9sume sa propri\u00e9taire, qui travaille avec passion depuis quinze ans dans ce secteur.<\/p>\n<p>                                    <a class=\"fig-a11y-skip a11y-hidden\" href=\"#fig-a11y-skip-main-inarticle\"><br \/>\n        Passer la publicit\u00e9<br \/>\n    <\/a><\/p>\n<p class=\"fig-paragraph\">Apr\u00e8s \u00eatre intervenue dans des h\u00f4pitaux, dans un service de soins palliatifs \u00e0 Antibes, puis\u00a0<a href=\"http:\/\/www.lefigaro.fr\/nice\/a-grasse-le-maire-pret-a-doubler-la-taille-de-la-prison-20241218\" data-fig-type=\"NewsFlash\" data-gtm-custom-categorie=\"navigation\" data-gtm-custom-action=\"crossclick\" data-gtm-custom-label=\"Contextuel\" data-gtm-event=\"customEventSPE\" data-fig-domain=\"LEFIGARO\" target=\"_blank\" rel=\"noopener\">en milieu carc\u00e9ral \u00e0 Grasse<\/a>, elle officie donc d\u00e9sormais dans un a\u00e9roport, milieu pour le moins insolite. \u00abC\u2019est un projet qui me tient \u00e0 c\u0153ur et je suis contente car j\u2019ai de tr\u00e8s bons retours\u00bb, assure Nathalie Schindelman.<\/p>\n<p class=\"fig-paragraph\">L\u2019animal suscite la curiosit\u00e9 et son doux pelage blanc neige invite \u00e0 le caresser. La chienne rep\u00e8re les passagers anxieux et se dirige naturellement vers eux, assure sa ma\u00eetresse, qui la laisse aller o\u00f9 elle le souhaite. Nathalie Schindelman entreprend ensuite la conversation, explique avec p\u00e9dagogie le dispositif, puis propose d\u2019offrir une friandise \u00e0 Eko, qui n\u2019en demandait pas tant. Ici, la chienne est m\u00eame autoris\u00e9e \u00e0 sauter sur les fauteuils pour un tendre moment avec un passager inquiet.<\/p>\n<p>\u00abOn ne cesse de se faire arr\u00eater\u00bb<\/p>\n<p class=\"fig-paragraph\">\u00abL\u2019objectif est de ne plus se focaliser sur le moment mais de s\u2019int\u00e9resser uniquement au chien\u00bb, explique Nathalie Schindelman qui porte un tee-shirt floqu\u00e9 \u00abrelax dog\u00bb.\u00a0<a href=\"http:\/\/www.lefigaro.fr\/voyages\/aviophobie-on-a-teste-le-stage-anti-stress-d-air-france-20240323\" data-fig-type=\"Article\" data-gtm-custom-categorie=\"navigation\" data-gtm-custom-action=\"crossclick\" data-gtm-custom-label=\"Contextuel\" data-gtm-event=\"customEventSPE\" data-fig-domain=\"LEFIGARO\" target=\"_blank\" rel=\"noopener\">L\u2019aviophobie<\/a>\u00a0touche plus de 20% des Fran\u00e7ais mais certains n\u2019ont pas d\u2019autres possibilit\u00e9s que de l\u2019emprunter.<\/p>\n<p class=\"fig-paragraph\">Pendant deux heures, ce duo se fait remarquer au sein du terminal, m\u00eame si beaucoup de voyageurs s\u2019interrogent sur la pr\u00e9sence d\u2019un animal de cette taille, ce qui n\u2019est pas courant. \u00abOn ne cesse de se faire arr\u00eater\u00bb, sourit Nathalie Schindelman. Les enfants et les personnes \u00e2g\u00e9es sont les plus sensibles. \u00abC\u2019est une belle initiative, une parenth\u00e8se bienvenue pour apporter un peu de calme et de d\u00e9tente avant un vol\u00bb, salue Tatiana, qui s\u2019appr\u00eate avec son mari et son jeune fils \u00e0 traverser l\u2019Atlantique en\u00a0<a href=\"http:\/\/www.lefigaro.fr\/nice\/l-amerique-du-nord-en-force-de-nouvelles-destinations-depuis-l-aeroport-de-nice-pour-cet-ete-20230221\" data-fig-type=\"Article\" data-gtm-custom-categorie=\"navigation\" data-gtm-custom-action=\"crossclick\" data-gtm-custom-label=\"Contextuel\" data-gtm-event=\"customEventSPE\" data-fig-domain=\"LEFIGARO\" target=\"_blank\" rel=\"noopener\">direction de New York<\/a>. \u00abC\u2019est un moment de tendresse r\u00e9ciproque, l\u2019animal, lui, ne se pose pas la question\u00bb, mart\u00e8le la sp\u00e9cialiste de la m\u00e9diation animale.<\/p>\n<p class=\"fig-body-link\">\n            \u00c0 lire aussi<br \/>\n        <a class=\"fig-body-link__link\" href=\"https:\/\/www.lefigaro.fr\/demain\" target=\"_blank\" data-fig-type=\"Section\" rel=\"sponsored noopener\" data-gtm-custom-categorie=\"navigation\" data-gtm-custom-action=\"crossclick\" data-gtm-custom-label=\"Contextuel\" data-gtm-event=\"customEventSPE\" data-fig-domain=\"LEFIGARO\">D\u00e9couvrez les initiatives et acteurs du changement dans Le Figaro demain<br \/>\n    <\/a>\n<\/p>\n<p class=\"fig-paragraph\">D\u00e8s son plus jeune \u00e2ge, la chienne Eko est venue se balader deux \u00e0 trois fois par semaine dans l\u2019a\u00e9roport ni\u00e7ois pour s\u2019habiter aux bruits et \u00e0 l\u2019agitation environnante, ce qui explique son calme au moment de s\u2019avancer dans un terminal qui se remplit vite en cette matin\u00e9e d\u2019ao\u00fbt. L\u2019a\u00e9roport de Nice, troisi\u00e8me a\u00e9roport fran\u00e7ais derri\u00e8re ceux d\u2019Orly et Roissy, voit passer\u00a0<a href=\"http:\/\/www.lefigaro.fr\/nice\/aeroport-de-nice-avec-14-8-millions-de-passagers-en-2024-la-frequentation-de-l-avant-covid-depassee-20250120\" data-fig-type=\"NewsFlash\" data-gtm-custom-categorie=\"navigation\" data-gtm-custom-action=\"crossclick\" data-gtm-custom-label=\"Contextuel\" data-gtm-event=\"customEventSPE\" data-fig-domain=\"LEFIGARO\" target=\"_blank\" rel=\"noopener\">pr\u00e8s de 15 millions de passagers par an<\/a>.<\/p>\n<p>                                    <a class=\"fig-a11y-skip a11y-hidden\" href=\"#fig-a11y-skip-main-inarticle_mtf\"><br \/>\n        Passer la publicit\u00e9<br \/>\n    <\/a><\/p>\n<p class=\"fig-paragraph\">Convaincue par l\u2019exp\u00e9rience positive qu\u2019apporte Eko aux voyageurs crois\u00e9s, Nathalie Schindelman aimerait m\u00eame pousser le concept plus loin en obtenant l\u2019autorisation d\u2019accompagner son chien jusqu\u2019aux portes de l\u2019avion.<\/p>\n","protected":false},"excerpt":{"rendered":"REPORTAGE &#8211; Cet \u00e9t\u00e9, une m\u00e9diation animale in\u00e9dite est exp\u00e9riment\u00e9e dans les terminaux ni\u00e7ois, juste avant l\u2019embarquement. Anxieux&hellip;\n","protected":false},"author":2,"featured_media":340050,"comment_status":"","ping_status":"","sticky":false,"template":"","format":"standard","meta":{"footnotes":""},"categories":[2819],"tags":[1111,11,663,4850,47616,1777,674,12424,1011,27,12,2401,882,25,4990],"class_list":{"0":"post-340049","1":"post","2":"type-post","3":"status-publish","4":"format-standard","5":"has-post-thumbnail","7":"category-nice","8":"tag-actu","9":"tag-actualites","10":"tag-aeroport","11":"tag-chien","12":"tag-demain-societe","13":"tag-eu","14":"tag-europe","15":"tag-figaro-demain","16":"tag-fr","17":"tag-france","18":"tag-news","19":"tag-nice","20":"tag-provence-alpes-cote-dazur","21":"tag-republique-francaise","22":"tag-stress"},"share_on_mastodon":{"url":"https:\/\/pubeurope.com\/@fr\/115082228120923377","error":""},"_links":{"self":[{"href":"https:\/\/www.europesays.com\/fr\/wp-json\/wp\/v2\/posts\/340049","targetHints":{"allow":["GET"]}}],"collection":[{"href":"https:\/\/www.europesays.com\/fr\/wp-json\/wp\/v2\/posts"}],"about":[{"href":"https:\/\/www.europesays.com\/fr\/wp-json\/wp\/v2\/types\/post"}],"author":[{"embeddable":true,"href":"https:\/\/www.europesays.com\/fr\/wp-json\/wp\/v2\/users\/2"}],"replies":[{"embeddable":true,"href":"https:\/\/www.europesays.com\/fr\/wp-json\/wp\/v2\/comments?post=340049"}],"version-history":[{"count":0,"href":"https:\/\/www.europesays.com\/fr\/wp-json\/wp\/v2\/posts\/340049\/revisions"}],"wp:featuredmedia":[{"embeddable":true,"href":"https:\/\/www.europesays.com\/fr\/wp-json\/wp\/v2\/media\/340050"}],"wp:attachment":[{"href":"https:\/\/www.europesays.com\/fr\/wp-json\/wp\/v2\/media?parent=340049"}],"wp:term":[{"taxonomy":"category","embeddable":true,"href":"https:\/\/www.europesays.com\/fr\/wp-json\/wp\/v2\/categories?post=340049"},{"taxonomy":"post_tag","embeddable":true,"href":"https:\/\/www.europesays.com\/fr\/wp-json\/wp\/v2\/tags?post=340049"}],"curies":[{"name":"wp","href":"https:\/\/api.w.org\/{rel}","templated":true}]}}