{"id":340053,"date":"2025-08-24T06:04:52","date_gmt":"2025-08-24T06:04:52","guid":{"rendered":"https:\/\/www.europesays.com\/fr\/340053\/"},"modified":"2025-08-24T06:04:52","modified_gmt":"2025-08-24T06:04:52","slug":"nantes-anthony-lopes-un-capitaine-sans-brassard","status":"publish","type":"post","link":"https:\/\/www.europesays.com\/fr\/340053\/","title":{"rendered":"Nantes : Anthony Lopes, un capitaine sans brassard"},"content":{"rendered":"<p><strong>Le FC Nantes se cherche encore un capitaine en ce d\u00e9but de saison. Et Si Anthony Lopes a tout du joueur capable de mener les Canaris, l&rsquo;entra\u00eeneur nantais n&rsquo;est pas tr\u00e8s chaud.\u00a0<\/strong><\/p>\n<p>Apr\u00e8s une d\u00e9faite inaugurale \u00e0 la Beaujoire face au PSG, le <a href=\"https:\/\/www.foot01.com\/equipe\/nantes\/\" target=\"_blank\" rel=\"noopener nofollow\" title=\"FC Nantes\">FC Nantes<\/a> version Luis Castro se d\u00e9placent dimanche \u00e0 Stasbourg, o\u00f9 les Alsaciens sont souvent rudes \u00e0 faire d\u00e9jouer. Pour cette rencontre, l&rsquo;entra\u00eeneur nantais a d\u00e9cid\u00e9 de donner le brassard de capitaine \u00e0 Kelvin Amian, l&rsquo;exp\u00e9riment\u00e9 d\u00e9fenseur de 27 ans. Mais rien n&rsquo;est totalement d\u00e9cid\u00e9 pour l&rsquo;ancien coach de Dunkerque, qui a \u00e9galement pens\u00e9 \u00e0 Francis Coquelin, mais ce dernier est forfait pour la rencontre \u00e0 la Meinau. Nombreux sont ceux qui pensent \u00e9galement que le gardien de but des Canaris pourrait faire l&rsquo;affaire, tant Anthony Lopes a de l&rsquo;exp\u00e9rience en Ligue 1. Mais Luis Castro l&rsquo;a redit dans les colonnes de Ouest-France, m\u00eame s&rsquo;il pense que le portier international portugais a les \u00e9paules tr\u00e8s solides et ferait un excellent capitaine, il ne lui confiera pas ce r\u00f4le.<\/p>\n<p>Anthony Lopes ne sera pas le capitaine de Nantes<\/p>\n<blockquote class=\"twitter-tweet\"><p>&#13;<\/p>\n<p lang=\"fr\" dir=\"ltr\">\ud83d\udcac Les mots du Coach avant notre d\u00e9placement \u00e0 Strasbourg.<\/p>\n<p>\ud83d\udd1c <a href=\"https:\/\/twitter.com\/hashtag\/rcsafcn?src=hash&amp;ref_src=twsrc%5Etfw\" rel=\"nofollow noopener\" target=\"_blank\">#rcsafcn<\/a><\/p>\n<p>&#13;<br \/>\n\u2014 FC Nantes (@FCNantes) <a href=\"https:\/\/twitter.com\/FCNantes\/status\/1958888629389894065?ref_src=twsrc%5Etfw\" rel=\"nofollow noopener\" target=\"_blank\">August 22, 2025<\/a><\/p><\/blockquote>\n<p>Non pas que Luis Castro ait des doutes sur l&rsquo;ancien portier embl\u00e9matique de l&rsquo;OL, mais il n&rsquo;aime pas trop confier ce r\u00f4le \u00e0 un gardien de but, et il commence l\u00e9g\u00e8rement s&rsquo;agacer d&rsquo;\u00eatre questionn\u00e9 sur ce th\u00e8me. \u00ab\u00a0Cela fait peut-\u00eatre cinq fois qu\u2019on me pose une question sur le capitanat. On a besoin de joueurs avec du caract\u00e8re et de l\u2019exp\u00e9rience sur le terrain, et pas seulement le capitaine. Je n\u2019aime pas que le gardien soit le capitaine, mais c\u2019est s\u00fbr qu\u2019Anthony Lopes est un joueur qui parle avec les autres, qui peut beaucoup les aider de par son exp\u00e9rience. Des joueurs vont progressivement prendre de la place. La personnalit\u00e9, c\u2019est \u00e7a. Nous avons d\u00e9j\u00e0 des joueurs comme \u00e7a \u00bb, a pr\u00e9cis\u00e9 l&rsquo;entra\u00eeneur du FC Nantes. Il faudra donc patienter encore un peu, une fois que Coquelin sera revenu, qui sera le capitaine nantais cette saison.\u00a0<\/p>\n<p>          <script async src=\"https:\/\/platform.twitter.com\/widgets.js\" charset=\"utf-8\"><\/script><\/p>\n","protected":false},"excerpt":{"rendered":"Le FC Nantes se cherche encore un capitaine en ce d\u00e9but de saison. Et Si Anthony Lopes a&hellip;\n","protected":false},"author":2,"featured_media":340054,"comment_status":"","ping_status":"","sticky":false,"template":"","format":"standard","meta":{"footnotes":""},"categories":[2818],"tags":[1111,11,1777,674,1011,27,766,12,2636,25],"class_list":{"0":"post-340053","1":"post","2":"type-post","3":"status-publish","4":"format-standard","5":"has-post-thumbnail","7":"category-nantes","8":"tag-actu","9":"tag-actualites","10":"tag-eu","11":"tag-europe","12":"tag-fr","13":"tag-france","14":"tag-nantes","15":"tag-news","16":"tag-pays-de-la-loire","17":"tag-republique-francaise"},"share_on_mastodon":{"url":"https:\/\/pubeurope.com\/@fr\/115082239877434279","error":""},"_links":{"self":[{"href":"https:\/\/www.europesays.com\/fr\/wp-json\/wp\/v2\/posts\/340053","targetHints":{"allow":["GET"]}}],"collection":[{"href":"https:\/\/www.europesays.com\/fr\/wp-json\/wp\/v2\/posts"}],"about":[{"href":"https:\/\/www.europesays.com\/fr\/wp-json\/wp\/v2\/types\/post"}],"author":[{"embeddable":true,"href":"https:\/\/www.europesays.com\/fr\/wp-json\/wp\/v2\/users\/2"}],"replies":[{"embeddable":true,"href":"https:\/\/www.europesays.com\/fr\/wp-json\/wp\/v2\/comments?post=340053"}],"version-history":[{"count":0,"href":"https:\/\/www.europesays.com\/fr\/wp-json\/wp\/v2\/posts\/340053\/revisions"}],"wp:featuredmedia":[{"embeddable":true,"href":"https:\/\/www.europesays.com\/fr\/wp-json\/wp\/v2\/media\/340054"}],"wp:attachment":[{"href":"https:\/\/www.europesays.com\/fr\/wp-json\/wp\/v2\/media?parent=340053"}],"wp:term":[{"taxonomy":"category","embeddable":true,"href":"https:\/\/www.europesays.com\/fr\/wp-json\/wp\/v2\/categories?post=340053"},{"taxonomy":"post_tag","embeddable":true,"href":"https:\/\/www.europesays.com\/fr\/wp-json\/wp\/v2\/tags?post=340053"}],"curies":[{"name":"wp","href":"https:\/\/api.w.org\/{rel}","templated":true}]}}