{"id":340055,"date":"2025-08-24T06:05:11","date_gmt":"2025-08-24T06:05:11","guid":{"rendered":"https:\/\/www.europesays.com\/fr\/340055\/"},"modified":"2025-08-24T06:05:11","modified_gmt":"2025-08-24T06:05:11","slug":"tout-juste-diplomee-elle-realise-son-reve-en-ouvrant-son-premier-restaurant-a-bordeaux","status":"publish","type":"post","link":"https:\/\/www.europesays.com\/fr\/340055\/","title":{"rendered":"Tout juste dipl\u00f4m\u00e9e, elle r\u00e9alise son r\u00eave en ouvrant son premier restaurant \u00e0 Bordeaux"},"content":{"rendered":"<p>            Par<br \/>\n        <strong><br \/>\n            <a href=\"https:\/\/actu.fr\/auteur\/julian-doubax\" title=\"Consulter tous les articles de Julian Doubax\" rel=\"nofollow noopener\" target=\"_blank\">Julian Doubax<\/a><br \/>\n        <\/strong><\/p>\n<p>        Publi\u00e9 le<\/p>\n<p>            24 ao\u00fbt 2025 \u00e0 7h24        <\/p>\n<p>Le jeudi 10\u00a0juillet 2025, <strong>Sorea<\/strong> a ouvert ses portes au Cours de la Martinique, dans le quartier des <a href=\"https:\/\/actu.fr\/nouvelle-aquitaine\/bordeaux_33063\/opposes-a-la-mairie-de-bordeaux-sur-la-vegetalisation-d-une-place-ces-riverains-echouent-devant-la-justice_63022216.html\" rel=\"nofollow noopener\" target=\"_blank\">Chartrons<\/a> \u00e0 Bordeaux. Ce restaurant propose des formules <strong>brunchs<\/strong> avec des plats soigneusement pr\u00e9par\u00e9s par Antonin, jeune chef pass\u00e9 notamment par le Quatri\u00e8me Mur, \u00e9tablissement de <a href=\"https:\/\/actu.fr\/nouvelle-aquitaine\/bordeaux_33063\/philippe-etchebest-va-ouvrir-un-nouveau-restaurant-a-bordeaux-et-on-connait-le-concept_63007841.html#:~:text=Bordeaux-,Philippe%20Etchebest%20va%20ouvrir%20un%20nouveau%20restaurant%20%C3%A0%20Bordeaux%20(et,restaurant%20au%20c%C5%93ur%20de%20Bordeaux.\" rel=\"nofollow noopener\" target=\"_blank\">Philippe Etchebest<\/a>. Derri\u00e8re cette nouvelle adresse\u2009: Philippine, qui vient juste de <strong>terminer ses \u00e9tudes<\/strong> et qui a ouvert son restaurant dans la foul\u00e9e.<\/p>\n<p>Une envie qui date de plusieurs ann\u00e9es<\/p>\n<p class=\" wall-content\">Philippine aura \u00e9t\u00e9 <strong>r\u00e9active<\/strong>. \u00c0 peine son master en h\u00f4tellerie internationale en poche, elle a ouvert Sorea quelques jours plus tard. \u00ab\u2009C\u2019\u00e9tait intense. En janvier, nous avions sign\u00e9 pour l\u2019acquisition du local puis nous avons entam\u00e9 les travaux en m\u00eame temps que ma fin d\u2019\u00e9tudes\u2009\u00bb, raconte la femme de 26\u00a0ans. D\u00e9sormais, elle a r\u00e9ussi \u00e0 accomplir son r\u00eave.<\/p>\n<p class=\" wall-content\">\u00ab\u2009Depuis longtemps, je souhaitais ouvrir mon restaurant. Je me suis tourn\u00e9e vers la formule brunch car je ne voulais pas de coupures pour les horaires. Je voulais avoir un lieu avec une atmosph\u00e8re <strong>calme<\/strong> et <strong>reposante<\/strong> o\u00f9 les gens pouvaient se retrouver pour se d\u00e9tendre.\u2009\u00bb Dans la salle, elle a gard\u00e9 quelques codes de l\u2019ancien \u00e9tablissement, les Sauvages, qui \u00e9tait \u00e9galement un restaurant brunch. Dans l\u2019\u00e9tablissement, plus de vingt places assises sont disponibles avec une <strong>grande verri\u00e8re<\/strong> qui donne sur la cuisine.<\/p>\n<p>Un chef pass\u00e9 par plusieurs restaurants<\/p>\n<p class=\" wall-content\">\u00c0 ses c\u00f4t\u00e9s, Philippine s\u2019est renforc\u00e9e avec de la <strong>jeunesse<\/strong>. Au service, Rachel a 19\u00a0ans et en cuisine, Antonin a 21\u00a0ans. Ce dernier est d\u00e9j\u00e0 pass\u00e9 par plusieurs brasseries bordelaises, au Cap-Ferret et aussi au Quatri\u00e8me Mur, restaurant de Philippe Etchebest.<\/p>\n<p class=\" wall-content\">\u00ab\u2009Je souhaitais avoir un poste \u00e0 responsabilit\u00e9 o\u00f9 je pouvais avoir de la libert\u00e9 et \u00e9laborer de nouvelles recettes car je n\u2019avais fait de formules brunch\u2009\u00bb, explique le jeune cuisinier.<\/p>\n<p class=\" wall-content\">Avec son tablier, con\u00e7u par la grand-m\u00e8re de Philippine, il concocte plusieurs plats avec des produits locaux, le tout fait maison. \u00c0 la carte, les clients pourront retrouver une <strong>focaccia<\/strong> au pesto, tartare de tomate et burrata ou encore une gaufre croustillante au<strong> saumon gravlax<\/strong> et guacamole. Des incontournables du brunch qui seront servis du mercredi au dimanche.<\/p>\n<p>Votre r\u00e9gion, votre actu !<\/p>\n<p>Recevez chaque jour les infos qui comptent pour vous.<\/p>\n<p>\t<a href=\"https:\/\/actu.fr\/newsletter\" class=\"ac-btn ac-btn--corner ac-btn--medium ac-btn--blue800\" rel=\"nofollow noopener\" target=\"_blank\">S&rsquo;incrire<\/a><\/p>\n<p>    <img   decoding=\"async\" loading=\"lazy\" src=\"https:\/\/www.europesays.com\/fr\/wp-content\/uploads\/2025\/08\/sorea-brunch-960x640.jpg\" alt=\"Au menu, le restaurant propose des incontournables du brunch.\" width=\"960\" height=\"640\"\/><br \/>\n    Au menu, le restaurant propose des incontournables du brunch. (\u00a9Sorea)<\/p>\n<p class=\" wall-content\">Le week-end, trois formules sont propos\u00e9es\u2009: un grand brunch avec boisson fra\u00eeche, chaude et plat sucr\u00e9s et sal\u00e9s. Une formule exclusivement sucr\u00e9e et une autre exclusivement sal\u00e9e. En fonction des saisons, la carte \u00e9voluera. \u00ab\u2009Pour l\u2019automne, on va proposer un bagel au porc effiloch\u00e9 pour tenter d\u2019\u00e9largir notre client\u00e8le\u2009\u00bb, annonce Antonin.<\/p>\n<p class=\" wall-content\">Apr\u00e8s plus d\u2019un mois d\u2019ouverture, le succ\u00e8s est au rendez-vous. \u00ab\u2009Nous avons majoritairement des gens qui viennent en groupe pour passer <strong>un bon moment<\/strong> avec de bons retours sur les tarifs et une formule qui fonctionne le week-end\u2009\u00bb, conclut Philippine.<\/p>\n<p>Sorea<br \/>49 cours de la Martinique, 33000 Bordeaux<br \/>Ouvert du mercredi au dimanche<br \/>De 11h \u00e0 15h du mercredi au vendredi et de 10h30 \u00e0 16h du samedi au dimanche<\/p>\n<p class=\" wall-content\">Personnalisez votre actualit\u00e9 en ajoutant vos villes et m\u00e9dias en favori avec <a href=\"https:\/\/moncompte.actu.fr\" title=\"D\u00e9couvez Mon Actu\" rel=\"nofollow noopener\" data-trk=\"{&quot;cta&quot;:{&quot;action&quot;:&quot;https:\\\/\\\/moncompte.actu.fr&quot;,&quot;category&quot;:&quot;mon compte&quot;,&quot;from&quot;:&quot;article footer&quot;,&quot;name&quot;:&quot;Mon actu&quot;,&quot;type&quot;:&quot;cta&quot;}}\" target=\"_blank\">Mon Actu<\/a>.<\/p>\n","protected":false},"excerpt":{"rendered":"Par Julian Doubax Publi\u00e9 le 24 ao\u00fbt 2025 \u00e0 7h24 Le jeudi 10\u00a0juillet 2025, Sorea a ouvert ses&hellip;\n","protected":false},"author":2,"featured_media":340056,"comment_status":"","ping_status":"","sticky":false,"template":"","format":"standard","meta":{"footnotes":""},"categories":[2817],"tags":[1111,11,1997,1777,674,1011,27,1661,12,2219,25,1340,104],"class_list":{"0":"post-340055","1":"post","2":"type-post","3":"status-publish","4":"format-standard","5":"has-post-thumbnail","7":"category-bordeaux","8":"tag-actu","9":"tag-actualites","10":"tag-bordeaux","11":"tag-eu","12":"tag-europe","13":"tag-fr","14":"tag-france","15":"tag-gastronomie","16":"tag-news","17":"tag-nouvelle-aquitaine","18":"tag-republique-francaise","19":"tag-restaurant","20":"tag-societe"},"share_on_mastodon":{"url":"https:\/\/pubeurope.com\/@fr\/115082239985892750","error":""},"_links":{"self":[{"href":"https:\/\/www.europesays.com\/fr\/wp-json\/wp\/v2\/posts\/340055","targetHints":{"allow":["GET"]}}],"collection":[{"href":"https:\/\/www.europesays.com\/fr\/wp-json\/wp\/v2\/posts"}],"about":[{"href":"https:\/\/www.europesays.com\/fr\/wp-json\/wp\/v2\/types\/post"}],"author":[{"embeddable":true,"href":"https:\/\/www.europesays.com\/fr\/wp-json\/wp\/v2\/users\/2"}],"replies":[{"embeddable":true,"href":"https:\/\/www.europesays.com\/fr\/wp-json\/wp\/v2\/comments?post=340055"}],"version-history":[{"count":0,"href":"https:\/\/www.europesays.com\/fr\/wp-json\/wp\/v2\/posts\/340055\/revisions"}],"wp:featuredmedia":[{"embeddable":true,"href":"https:\/\/www.europesays.com\/fr\/wp-json\/wp\/v2\/media\/340056"}],"wp:attachment":[{"href":"https:\/\/www.europesays.com\/fr\/wp-json\/wp\/v2\/media?parent=340055"}],"wp:term":[{"taxonomy":"category","embeddable":true,"href":"https:\/\/www.europesays.com\/fr\/wp-json\/wp\/v2\/categories?post=340055"},{"taxonomy":"post_tag","embeddable":true,"href":"https:\/\/www.europesays.com\/fr\/wp-json\/wp\/v2\/tags?post=340055"}],"curies":[{"name":"wp","href":"https:\/\/api.w.org\/{rel}","templated":true}]}}