{"id":340065,"date":"2025-08-24T06:11:10","date_gmt":"2025-08-24T06:11:10","guid":{"rendered":"https:\/\/www.europesays.com\/fr\/340065\/"},"modified":"2025-08-24T06:11:10","modified_gmt":"2025-08-24T06:11:10","slug":"meteo-les-habitants-de-marseille-bientot-refugies-climatiques-voici-pourquoi","status":"publish","type":"post","link":"https:\/\/www.europesays.com\/fr\/340065\/","title":{"rendered":"M\u00e9t\u00e9o. Les habitants de Marseille bient\u00f4t r\u00e9fugi\u00e9s climatiques ? Voici pourquoi"},"content":{"rendered":"<p>            Par<br \/>\n        <strong><br \/>\n            <a href=\"https:\/\/actu.fr\/auteur\/thomas-blanc\" title=\"Consulter tous les articles de Thomas Blanc\" target=\"_blank\" rel=\"noopener\">Thomas Blanc<\/a><br \/>\n        <\/strong><\/p>\n<p>        Publi\u00e9 le<\/p>\n<p>            24 ao\u00fbt 2025 \u00e0 6h56        <\/p>\n<p>La ville de <a href=\"https:\/\/actu.fr\/marseille\/\" target=\"_blank\" rel=\"noopener\">Marseille<\/a> a beaucoup \u00e0 mettre en avant et s\u2019illustre entre autres pour ses paysages et son <a href=\"https:\/\/actu.fr\/provence-alpes-cote-d-azur\/marseille_13055\/avec-ses-activites-gratuites-la-ville-de-marseille-ecrase-ses-concurrentes-dans-ce-classement_63033550.html\" target=\"_blank\" rel=\"noopener\">acc\u00e8s \u00e0 la culture<\/a>, mais\u00a0il y a un point sur lequel elle fait p\u00e2le figure\u2009: son exposition aux <strong>effets du r\u00e9chauffement climatique<\/strong>.<\/p>\n<p class=\" wall-content\">Bien que cette semaine ait \u00e9t\u00e9 plus douce, l\u2019\u00e9t\u00e9 2025 aura \u00e9t\u00e9 difficile du point de vue des temp\u00e9ratures et du manque de pr\u00e9cipitations. Mais alors, fera-t-il bon vivre \u00e0 Marseille dans les ann\u00e9es \u00e0 venir\u2009? La r\u00e9ponse a \u00e9t\u00e9 publi\u00e9e par <a href=\"https:\/\/www.leparisien.fr\/environnement\/climat\/ou-vivre-face-au-changement-climatique-notre-classement-exclusif-des-villes-francaises-les-plus-et-moins-menacees-18-08-2025-PYCK5FL7A5GM7FHEX2GS5WX4SE.php#:~:text=Sans%20grande%20surprise%2C%20les%20villes,les%20Hauts%2Dde%2DFrance.\" target=\"_blank\" rel=\"noopener\">Le Parisien<\/a> ce lundi 18\u00a0ao\u00fbt dans un classement r\u00e9pertoriant les plus grandes villes de France d\u2019apr\u00e8s le crit\u00e8re suivant\u2009: <strong>Quelles villes sont les mieux adapt\u00e9es<\/strong> au <a href=\"https:\/\/actu.fr\/tag\/rechauffement-climatique\" target=\"_blank\" rel=\"noopener\">changement climatique<\/a>\u2009?<\/p>\n<p>Marseille en queue de classement<\/p>\n<p class=\" wall-content\">En s\u2019appuyant sur les projections de <a href=\"https:\/\/actu.fr\/tag\/meteo-france\" target=\"_blank\" rel=\"noopener\">M\u00e9t\u00e9o-France<\/a>, Le Parisien a consid\u00e9r\u00e9 plusieurs crit\u00e8res\u2009: l\u2019\u00e9volution des <strong>temp\u00e9ratures moyennes \u00e0 l\u2019horizon\u00a02050 et\u00a02100<\/strong>, le nombre de journ\u00e9es de chaleur extr\u00eame et de nuits tropicales, ainsi que les risques li\u00e9s aux submersions marines et aux incendies de for\u00eat, en tenant compte de la pr\u00e9sence \u00e9ventuelle de zones bois\u00e9es voisines.<\/p>\n<p class=\" wall-content\">Il serait surprenant de voir Marseille se trouver en t\u00eate de classement, le Sud \u00e9tant une zone \u00e9videmment plus expos\u00e9e que le Nord.<\/p>\n<p class=\" wall-content\">Mais le r\u00e9sultat est pire qu\u2019attendu puisque la cit\u00e9 phoc\u00e9enne tient une place <strong>dans le trio de cl\u00f4ture<\/strong>\u2026 avec la<strong> 452e place<\/strong> sur 454 villes class\u00e9es et une note de 7,32\/20. Seules <a href=\"https:\/\/actu.fr\/occitanie\/sete_34301\" target=\"_blank\" rel=\"noopener\">S\u00e8te<\/a> et Agde, dans l\u2019<a href=\"https:\/\/actu.fr\/occitanie\/herault_34\" target=\"_blank\" rel=\"noopener\">H\u00e9rault<\/a>, font pire et sont donc plus \u00e0 fuir que Marseille.<\/p>\n<p>La fin des vagues de froid<\/p>\n<p class=\" wall-content\">Concernant le crit\u00e8re pr\u00e9cis des temp\u00e9ratures en\u00a02050 et\u00a02100, le site <a href=\"https:\/\/meteofrance.com\/climadiag-commune\" target=\"_blank\" rel=\"noopener\">Climadiag<\/a>, cr\u00e9e par M\u00e9t\u00e9o-France, pr\u00e9cise la hausse des temp\u00e9ratures \u00e0 venir. En 2100, la temp\u00e9rature moyenne, dans la capitale proven\u00e7ale, est ainsi estim\u00e9e \u00e0 26,3\u00a0\u00b0C en \u00e9t\u00e9 contre 22,4\u00a0\u00b0C \u00e0 notre \u00e9poque. Le nombre de nuits tropicales, chaque ann\u00e9e, va passer de 36 aujourd\u2019hui \u00e0 98 en 2100, soit plus d\u2019une nuit sur quatre.<\/p>\n<p class=\" wall-content\">En hiver, la temp\u00e9rature moyenne pourrait d\u00e9passer les 11 degr\u00e9s d\u2019ici \u00e0 la fin du si\u00e8cle, contre 8 aujourd\u2019hui. Les vagues de froid, elles, n\u2019existeraient plus.<\/p>\n<p>Votre r\u00e9gion, votre actu !<\/p>\n<p>Recevez chaque jour les infos qui comptent pour vous.<\/p>\n<p>\t<a href=\"https:\/\/actu.fr\/newsletter\" class=\"ac-btn ac-btn--corner ac-btn--medium ac-btn--blue800\" target=\"_blank\" rel=\"noopener\">S&rsquo;incrire<\/a><\/p>\n<p class=\" wall-content\">En plus de sa position g\u00e9ographique, Marseille est victime d\u2019un effet p\u00e9nalisant les plus grandes agglom\u00e9rations, <strong>l\u2019\u00eelot de chaleur urbain<\/strong>. \u00ab\u2009Les temp\u00e9ratures ont tendance \u00e0 grimper davantage dans les zones les plus denses. Cet effet est globalement <strong>proportionnel \u00e0 la taille de la ville<\/strong>, m\u00eame s\u2019il d\u00e9pend aussi de beaucoup d\u2019\u00e9l\u00e9ments\u2009\u00bb, pointe Olivier Cantat g\u00e9ographe et climatologue \u00e0 l\u2019universit\u00e9 Caen-Normandie aupr\u00e8s du Parisien.<\/p>\n<p>La r\u00e9gion Paca plus critique de France<\/p>\n<p class=\" wall-content\">Et ce n\u2019est pas en migrant dans une autre ville des <a href=\"https:\/\/actu.fr\/provence-alpes-cote-d-azur\/bouches-du-rhone_13\" target=\"_blank\" rel=\"noopener\">Bouches-du-Rh\u00f4ne<\/a> qu\u2019il sera possible de trouver des conditions de vie plus agr\u00e9ables. Les derni\u00e8res pages du classement d\u00e9bordent de communes de la r\u00e9gion de Marseille\u2009avec entre autres\u2009: <a href=\"https:\/\/actu.fr\/provence-alpes-cote-d-azur\/arles_13004\" target=\"_blank\" rel=\"noopener\">Arles<\/a> en 450e position (7,48\/20), Marignane 449e, <a href=\"https:\/\/actu.fr\/provence-alpes-cote-d-azur\/martigues_13056\" target=\"_blank\" rel=\"noopener\">Martigues<\/a> 447e, Vitrolles 444e, <a href=\"https:\/\/actu.fr\/provence-alpes-cote-d-azur\/aix-en-provence_13001\" target=\"_blank\" rel=\"noopener\">Aix-en-Provence<\/a> 435e, Salon-de-Provence 415e, etc. on oublierait presque que le classement est fait \u00e0 l\u2019\u00e9chelle nationale\u2026<\/p>\n<p class=\" wall-content\">La r\u00e9gion <a href=\"https:\/\/actu.fr\/provence-alpes-cote-d-azur\/\" target=\"_blank\" rel=\"noopener\">Paca<\/a> de mani\u00e8re g\u00e9n\u00e9rale n\u2019est pas mise \u00e0 l\u2019honneur, la ville la mieux class\u00e9e du <a href=\"https:\/\/actu.fr\/provence-alpes-cote-d-azur\/var_83\" target=\"_blank\" rel=\"noopener\">Var<\/a>, Saint-Rapha\u00ebl n\u2019obtient que la note de 9,98\/20 et la 392e place. La deuxi\u00e8me ville de la r\u00e9gion, <strong>Nice ne sort que 400e<\/strong>. La Corse, la r\u00e9gion lyonnaise, le sud-ouest et le bassin parisien sont aussi dans le dernier tiers du classement.<\/p>\n<p>Le Nord largement \u00e9pargn\u00e9<\/p>\n<p class=\" wall-content\">Pour retrouver une exposition faible aux effets du r\u00e9chauffement il faut <strong>remonter tr\u00e8s haut sur la carte de l\u2019Hexagone<\/strong>. Les villes les mieux loties sont majoritairement au nord-ouest du pays, en Bretagne et sur les c\u00f4tes de la Manche, mais surtout dans les terres o\u00f9 le risque de submersion marine est nulle. Les temp\u00e9ratures y sont et y seront aussi moins hautes qu\u2019ailleurs.<\/p>\n<p class=\" wall-content\">Le r\u00e9chauffement climatique est caus\u00e9 par l\u2019activit\u00e9 humaine, il obligera les populations \u00e0 vivre durablement sous des temp\u00e9ratures plus \u00e9lev\u00e9es et peut-\u00eatre en ce qui concerne certains Marseillais et certaines Marseillaises \u00e0 <strong>d\u00e9m\u00e9nager<\/strong>\u2026<\/p>\n<p class=\" wall-content\">Personnalisez votre actualit\u00e9 en ajoutant vos villes et m\u00e9dias en favori avec <a href=\"https:\/\/moncompte.actu.fr\" title=\"D\u00e9couvez Mon Actu\" rel=\"nofollow noopener\" data-trk=\"{&quot;cta&quot;:{&quot;action&quot;:&quot;https:\\\/\\\/moncompte.actu.fr&quot;,&quot;category&quot;:&quot;mon compte&quot;,&quot;from&quot;:&quot;article footer&quot;,&quot;name&quot;:&quot;Mon actu&quot;,&quot;type&quot;:&quot;cta&quot;}}\" target=\"_blank\">Mon Actu<\/a>.<\/p>\n","protected":false},"excerpt":{"rendered":"Par Thomas Blanc Publi\u00e9 le 24 ao\u00fbt 2025 \u00e0 6h56 La ville de Marseille a beaucoup \u00e0 mettre&hellip;\n","protected":false},"author":2,"featured_media":188878,"comment_status":"","ping_status":"","sticky":false,"template":"","format":"standard","meta":{"footnotes":""},"categories":[2814],"tags":[1111,11,4734,1129,1777,674,1011,27,884,2357,12,52,882,5140,25],"class_list":{"0":"post-340065","1":"post","2":"type-post","3":"status-publish","4":"format-standard","5":"has-post-thumbnail","7":"category-marseille","8":"tag-actu","9":"tag-actualites","10":"tag-changement-climatique","11":"tag-climat","12":"tag-eu","13":"tag-europe","14":"tag-fr","15":"tag-france","16":"tag-marseille","17":"tag-meteo-france","18":"tag-news","19":"tag-planete","20":"tag-provence-alpes-cote-dazur","21":"tag-rechauffement-climatique","22":"tag-republique-francaise"},"share_on_mastodon":{"url":"https:\/\/pubeurope.com\/@fr\/115082263508042101","error":""},"_links":{"self":[{"href":"https:\/\/www.europesays.com\/fr\/wp-json\/wp\/v2\/posts\/340065","targetHints":{"allow":["GET"]}}],"collection":[{"href":"https:\/\/www.europesays.com\/fr\/wp-json\/wp\/v2\/posts"}],"about":[{"href":"https:\/\/www.europesays.com\/fr\/wp-json\/wp\/v2\/types\/post"}],"author":[{"embeddable":true,"href":"https:\/\/www.europesays.com\/fr\/wp-json\/wp\/v2\/users\/2"}],"replies":[{"embeddable":true,"href":"https:\/\/www.europesays.com\/fr\/wp-json\/wp\/v2\/comments?post=340065"}],"version-history":[{"count":0,"href":"https:\/\/www.europesays.com\/fr\/wp-json\/wp\/v2\/posts\/340065\/revisions"}],"wp:featuredmedia":[{"embeddable":true,"href":"https:\/\/www.europesays.com\/fr\/wp-json\/wp\/v2\/media\/188878"}],"wp:attachment":[{"href":"https:\/\/www.europesays.com\/fr\/wp-json\/wp\/v2\/media?parent=340065"}],"wp:term":[{"taxonomy":"category","embeddable":true,"href":"https:\/\/www.europesays.com\/fr\/wp-json\/wp\/v2\/categories?post=340065"},{"taxonomy":"post_tag","embeddable":true,"href":"https:\/\/www.europesays.com\/fr\/wp-json\/wp\/v2\/tags?post=340065"}],"curies":[{"name":"wp","href":"https:\/\/api.w.org\/{rel}","templated":true}]}}