{"id":340066,"date":"2025-08-24T06:12:14","date_gmt":"2025-08-24T06:12:14","guid":{"rendered":"https:\/\/www.europesays.com\/fr\/340066\/"},"modified":"2025-08-24T06:12:14","modified_gmt":"2025-08-24T06:12:14","slug":"pfc-5-2-cest-tres-cher-paye-lache-max-lopez","status":"publish","type":"post","link":"https:\/\/www.europesays.com\/fr\/340066\/","title":{"rendered":"PFC (5-2) : C\u2019est tr\u00e8s cher pay\u00e9, l\u00e2che Max Lopez !"},"content":{"rendered":"<p><strong>Revenu fouler la pelouse du Stade V\u00e9lodrome sous les couleurs du Paris FC, Maxime Lopez a v\u00e9cu une soir\u00e9e particuli\u00e8re lors du match comptant pour la 2e journ\u00e9e de L1 opposant son \u00e9quipe \u00e0 l\u2019Olympique de Marseille, sold\u00e9 par une large victoire olympienne (5-2). Form\u00e9 \u00e0 l\u2019OM, l\u2019ancien minot n\u2019a pas cach\u00e9 son \u00e9motion, mais aussi une certaine frustration apr\u00e8s la rencontre.<\/strong><\/p>\n<p>Interrog\u00e9 au micro de <strong>BeIN Sports<\/strong>, <strong>Maxime Lopez<\/strong> a d\u2019abord \u00e9voqu\u00e9 avec sinc\u00e9rit\u00e9 la signification de ce retour \u00e0 Marseille :<\/p>\n<p>A lire :\u00a0<a href=\"https:\/\/www.footballclubdemarseille.fr\/om-actualites\/%f0%9f%9a%a8%e2%9a%aa%f0%9f%94%b5-enorme-coup-de-theatre-de-zerbi-pret-a-tendre-la-main-a-rabiot.html#google_vignette\" target=\"_blank\" rel=\"noopener nofollow\">\ud83d\udea8\u26aa\ud83d\udd35 ENORME COUP DE THEATRE ! De Zerbi pr\u00eat \u00e0 tendre la main \u00e0 Rabiot !<\/a><\/p>\n<p>\u00a0<\/p>\n<p><strong>Un retour charg\u00e9 d\u2019\u00e9motion pour Maxime Lopez<\/strong><\/p>\n<p>\u00a0<\/p>\n<blockquote>\n<p>\u201cC\u2019est tr\u00e8s cher pay\u00e9. Mais je suis fier de mon \u00e9quipe. On a tenu t\u00eate par moments \u00e0 cette \u00e9quipe de l\u2019OM qui reste une grande \u00e9quipe.\u201d<\/p>\n<\/blockquote>\n<p>Le <strong>milieu de terrain du PFC<\/strong> n\u2019a pas manqu\u00e9 de saluer la qualit\u00e9 de l\u2019effectif marseillais, tout en regrettant les erreurs commises par son \u00e9quipe.<\/p>\n<blockquote>\n<p>\u201cOn est revenus \u00e0 2-2, mais comme je l\u2019ai dit la semaine derni\u00e8re, la <strong>Ligue 1<\/strong>, ce n\u2019est pas des blagues. Quand tu fais trop de cadeaux, tu es puni. L\u00e0, ce sont des <strong>joueurs de classe mondiale<\/strong>, et les erreurs se payent cash.\u201d<\/p>\n<\/blockquote>\n<p>\u00a0<\/p>\n<p><strong>Une d\u00e9faite s\u00e9v\u00e8re, mais des motifs d\u2019espoir<\/strong><\/p>\n<p>Malgr\u00e9 le score final de <strong>5-2<\/strong>, le <strong>Paris FC<\/strong> a montr\u00e9 des phases int\u00e9ressantes, notamment en premi\u00e8re p\u00e9riode. Lopez insiste :<\/p>\n<blockquote>\n<p>\u201c5-2, c\u2019est s\u00e9v\u00e8re, mais on a eu des occasions.\u201d<\/p>\n<\/blockquote>\n<p>Face \u00e0 une <strong>\u00e9quipe de l\u2019OM<\/strong> en pleine pr\u00e9paration, avec un <strong>secteur offensif d\u00e9j\u00e0 en jambes<\/strong>, le <strong>Paris FC<\/strong> a malgr\u00e9 tout r\u00e9ussi \u00e0 exister par s\u00e9quences. Pour <strong>Maxime Lopez<\/strong>, cette rencontre restera un moment \u00e0 part, entre <strong>retour aux sources<\/strong> et volont\u00e9 de prouver qu\u2019il peut encore briller sur les pelouses fran\u00e7aises.<\/p>\n","protected":false},"excerpt":{"rendered":"Revenu fouler la pelouse du Stade V\u00e9lodrome sous les couleurs du Paris FC, Maxime Lopez a v\u00e9cu une&hellip;\n","protected":false},"author":2,"featured_media":340067,"comment_status":"","ping_status":"","sticky":false,"template":"","format":"standard","meta":{"footnotes":""},"categories":[2814],"tags":[1111,11,1777,674,1011,27,884,12,882,25],"class_list":{"0":"post-340066","1":"post","2":"type-post","3":"status-publish","4":"format-standard","5":"has-post-thumbnail","7":"category-marseille","8":"tag-actu","9":"tag-actualites","10":"tag-eu","11":"tag-europe","12":"tag-fr","13":"tag-france","14":"tag-marseille","15":"tag-news","16":"tag-provence-alpes-cote-dazur","17":"tag-republique-francaise"},"share_on_mastodon":{"url":"https:\/\/pubeurope.com\/@fr\/115082267782970022","error":""},"_links":{"self":[{"href":"https:\/\/www.europesays.com\/fr\/wp-json\/wp\/v2\/posts\/340066","targetHints":{"allow":["GET"]}}],"collection":[{"href":"https:\/\/www.europesays.com\/fr\/wp-json\/wp\/v2\/posts"}],"about":[{"href":"https:\/\/www.europesays.com\/fr\/wp-json\/wp\/v2\/types\/post"}],"author":[{"embeddable":true,"href":"https:\/\/www.europesays.com\/fr\/wp-json\/wp\/v2\/users\/2"}],"replies":[{"embeddable":true,"href":"https:\/\/www.europesays.com\/fr\/wp-json\/wp\/v2\/comments?post=340066"}],"version-history":[{"count":0,"href":"https:\/\/www.europesays.com\/fr\/wp-json\/wp\/v2\/posts\/340066\/revisions"}],"wp:featuredmedia":[{"embeddable":true,"href":"https:\/\/www.europesays.com\/fr\/wp-json\/wp\/v2\/media\/340067"}],"wp:attachment":[{"href":"https:\/\/www.europesays.com\/fr\/wp-json\/wp\/v2\/media?parent=340066"}],"wp:term":[{"taxonomy":"category","embeddable":true,"href":"https:\/\/www.europesays.com\/fr\/wp-json\/wp\/v2\/categories?post=340066"},{"taxonomy":"post_tag","embeddable":true,"href":"https:\/\/www.europesays.com\/fr\/wp-json\/wp\/v2\/tags?post=340066"}],"curies":[{"name":"wp","href":"https:\/\/api.w.org\/{rel}","templated":true}]}}