{"id":340068,"date":"2025-08-24T06:13:17","date_gmt":"2025-08-24T06:13:17","guid":{"rendered":"https:\/\/www.europesays.com\/fr\/340068\/"},"modified":"2025-08-24T06:13:17","modified_gmt":"2025-08-24T06:13:17","slug":"mjc-montchat-leducation-populaire-cest-aussi-le-pouvoir-dagir","status":"publish","type":"post","link":"https:\/\/www.europesays.com\/fr\/340068\/","title":{"rendered":"MJC Montchat : \u00ab\u00a0L&rsquo;\u00e9ducation populaire, c&rsquo;est aussi le pouvoir d&rsquo;agir\u00a0\u00bb"},"content":{"rendered":"<p>Depuis 2020, la Ville de Lyon a augment\u00e9 de 18 % le budget allou\u00e9 \u00e0 l\u2019Education Populaire. Une quarantaine de structures rel\u00e8vent de ce statut avec une convention sign\u00e9e avec la Ville. Plusieurs nouveaux \u00e9tablissements ont vu le jour. Pour sa part, la MJC de Montchat est un pilier de l\u2019\u00e9duc pop\u2026depuis 1967<\/p>\n<p>Il est 10h du matin\u2026 La salle de 240 places de la <strong>MJC Montchat<\/strong> est le th\u00e9\u00e2tre d\u2019une r\u00e9p\u00e9tition C\u2019est la compagnie \u00ab\u00a0<strong><a href=\"https:\/\/centreimaginaire.com\/\" target=\"_blank\" rel=\"noreferrer noopener\">Le centre imaginaire<\/a><\/strong>\u00a0\u00bb qui occupe la sc\u00e8ne dans le cadre d\u2019une r\u00e9sidence d\u2019artistes. Nous avons rencontr\u00e9 <strong>Jean-Baptiste Sugier<\/strong>, com\u00e9dien et directeur\u00a0artistique. \u00ab\u00a0C\u2019est une salle de th\u00e9\u00e2tre qui est adapt\u00e9e pour notre travail. Et en m\u00eame temps, on peut mener des ateliers avec des enfants ici. Donc c\u2019est un peu gagnant-gagnant\u2026\u00a0\u00bb<\/p>\n<ul class=\"wp-block-jetpack-slideshow_swiper-wrapper swiper-wrapper\">\n<li class=\"wp-block-jetpack-slideshow_slide swiper-slide\"><img fetchpriority=\"high\" decoding=\"async\" width=\"1200\" height=\"675\" alt=\"MJC Montchat\" class=\"wp-block-jetpack-slideshow_image wp-image-251206\" data-id=\"251206\" src=\"https:\/\/www.europesays.com\/fr\/wp-content\/uploads\/2025\/08\/Le-Centre-Imaginaire-MJC-Montchat.jpg\"  \/>Jean-Baptiste Sugier<\/li>\n<li class=\"wp-block-jetpack-slideshow_slide swiper-slide\"><img loading=\"lazy\" decoding=\"async\" width=\"1200\" height=\"675\" alt=\"th\u00e9\u00e2tre\" class=\"wp-block-jetpack-slideshow_image wp-image-251205\" data-id=\"251205\" src=\"https:\/\/www.europesays.com\/fr\/wp-content\/uploads\/2025\/08\/MJC-Montchat-theatre.jpg\"  \/><\/li>\n<\/ul>\n<p><a class=\"wp-block-jetpack-slideshow_button-prev swiper-button-prev swiper-button-white\" role=\"button\"\/><a class=\"wp-block-jetpack-slideshow_button-next swiper-button-next swiper-button-white\" role=\"button\"\/><a aria-label=\"Pause Slideshow\" class=\"wp-block-jetpack-slideshow_button-pause\" role=\"button\"\/><\/p>\n<p>Outre les <strong>r\u00e9sidences d\u2019artistes<\/strong>, la salle de la <strong>MJC Montchat<\/strong> accueille, chaque ann\u00e9e, une quarantaine de <strong>spectacles<\/strong> ou <strong>s\u00e9ances de cin\u00e9ma<\/strong>. Mais le quotidien de la MJC ne s\u2019arr\u00eate pas l\u00e0\u2026Les enfants arrivent d\u00e8s le matin et les <a href=\"https:\/\/www.mjcmontchat.org\/2122\/\" target=\"_blank\" rel=\"noreferrer noopener\">activit\u00e9s<\/a> sont nombreuses jusqu\u2019en soir\u00e9e.<\/p>\n<p>Ecoutez aussi : <a href=\"https:\/\/www.lyondemain.fr\/poes-gilgamesh-venissieux\/\" target=\"_blank\" rel=\"noreferrer noopener\">Poes raconte Gilgamesh sur un mur des Minguettes<\/a><\/p>\n<blockquote class=\"instagram-media\" data-instgrm-captioned=\"\" data-instgrm-permalink=\"https:\/\/www.instagram.com\/p\/DMr5PSbI2H7\/?utm_source=ig_embed&amp;utm_campaign=loading\" data-instgrm-version=\"14\" style=\" background:#FFF; border:0; border-radius:3px; box-shadow:0 0 1px 0 rgba(0,0,0,0.5),0 1px 10px 0 rgba(0,0,0,0.15); margin: 1px; max-width:540px; min-width:326px; padding:0; width:99.375%; width:-webkit-calc(100% - 2px); width:calc(100% - 2px);\"\/>\n<p>Amener les gens \u00e0 r\u00e9fl\u00e9chir sur les valeurs r\u00e9publicaines et les valeurs du vivre ensemble<\/p>\n<p>Nous avons rencontr\u00e9 <strong>Ninon Voutay<\/strong>, pr\u00e9sidente de la <strong>MJC Montchat<\/strong>. \u00ab\u00a0Le r\u00f4le de la MJC en 2025, c\u2019est c\u2019est <strong>faire du lien social<\/strong> sur le territoire, d\u2019amener les gens \u00e0 r\u00e9fl\u00e9chir sur les<strong> valeurs r\u00e9publicaines<\/strong> et les <strong>valeurs du vivre ensemble<\/strong>. Un lieu aussi qui permet, \u00e0 la diff\u00e9rence peut-\u00eatre des clubs et des choses comme \u00e7a, une <strong>vraie pratique amateure<\/strong>. Sans enjeu de comp\u00e9tition, o\u00f9 chacun peut trouver son espace et le lieu pour s\u2019\u00e9panouir.. Une MJC, \u00e7a reste une association, m\u00eame si on a \u00e9norm\u00e9ment de partenariats avec la ville. Aussi un lieu o\u00f9 les gens ont le <strong>pouvoir d\u2019agir<\/strong>. O\u00f9 ils peuvent \u00eatre directement acteurs de ce qui se passe..\u00a0\u00bb<\/p>\n<p>Ecoutez le podcast<\/p>\n<p>MJC Montchat<\/p>\n<p><img loading=\"lazy\" decoding=\"async\" width=\"1200\" height=\"675\" src=\"https:\/\/www.europesays.com\/fr\/wp-content\/uploads\/2025\/08\/MJC-Montchat-Ninon-Voutay.jpg\" alt=\"MJC Montchat\" class=\"wp-image-251212\"  \/>Ninon Voutay<\/p>\n<p>La MJC, comme les autres \u00e9quipements de la ville, doit faire face au <strong>r\u00e9chauffement climatique<\/strong>. \u00ab\u00a0Tout un travail a \u00e9t\u00e9 fait sur l\u2019eau. On a aussi investi dans une petite <strong>flotte de v\u00e9los<\/strong>. Et apr\u00e8s, \u00e7a va \u00eatre par la mise en place de notre <strong>compost<\/strong>. On rappelle aux gens qu\u2019un <strong>jardin<\/strong>, \u00e7a peut \u00eatre aussi pas que\u2026 ornemental. Et tout au long de l\u2019ann\u00e9e, on a des <strong>fresques<\/strong>, des <strong>projections<\/strong> un petit peu engag\u00e9es..\u00a0\u00bb.<\/p>\n<p>Ecoutez aussi :  <a href=\"https:\/\/www.lyondemain.fr\/jardins-pre-gaudry-vegetalisation\/\" target=\"_blank\" rel=\"noreferrer noopener\">Jardins Pr\u00e9 Gaudry : un mod\u00e8le de v\u00e9g\u00e9talisation de la ville<\/a><\/p>\n<p>41 structures d\u2019\u00e9ducation populaire conventionn\u00e9es avec la Ville de Lyon<\/p>\n<p>A Lyon <strong>41 structures<\/strong> rel\u00e8vent de ce que l\u2019on appelle l\u2019<strong>\u00e9ducation populaire<\/strong>. Et sont en convention avec la Ville de Lyon. La municipalit\u00e9 a augment\u00e9 de 18% l\u2019enveloppe d\u00e9di\u00e9e chaque ann\u00e9e \u00e0 ce secteur.<\/p>\n<p><strong>Julie Nublat Faure<\/strong>, adjointe au maire de Lyon d\u00e9l\u00e9gu\u00e9e \u00e0 l\u2019<strong>Education Populaire<\/strong>. \u00ab\u00a0L\u2019<strong>Education Populaire<\/strong>, c\u2019est vraiment <strong>donner le pouvoir d\u2019agir<\/strong> aux habitants. Pouvoir aussi <strong>amener les gens \u00e0 s\u2019\u00e9manciper<\/strong>,.. La premi\u00e8re des <strong>d\u00e9mocraties<\/strong> finalement c\u2019est donner l\u2019opportunit\u00e9 \u00e0 chacun et chacune de <strong><a href=\"https:\/\/www.lyon.fr\/actions-et-projets\/laction-municipale\/sports-vie-associative-education-populaire-grands-evenements\" target=\"_blank\" rel=\"noreferrer noopener\">pouvoir interpeller<\/a><\/strong>, construire des choses. avec d\u2019autres partenaires\u2026Des familles viennent uniquement pour une activit\u00e9. Mais quand on entre ici, on sait que par l <strong>esprit d\u2019\u00e9ducation populaire<\/strong> qui r\u00e8gne dans ces lieux, petit \u00e0 petit, elles vo,t \u00eatre amen\u00e9es \u00e0 s\u2019int\u00e9resser \u00e0 autre chose\u2026\u00a0\u00bb<\/p>\n<p><img loading=\"lazy\" decoding=\"async\" width=\"1200\" height=\"675\" src=\"https:\/\/www.europesays.com\/fr\/wp-content\/uploads\/2025\/08\/MJC-Montchat-Julie-Nublat-Faure.jpg\" alt=\"Julie Nublat-Faure\" class=\"wp-image-251201\"  \/> Julie Nublat-Faure<\/p>\n<p>Plusieurs \u00e9quipements ont vu le jour ces derni\u00e8res ann\u00e9es La <strong>MJC Sans Souci<\/strong>, dans le 3e arrondissement, le <strong>centre social Gis\u00e8le Halimi \u00e0 Gorge de Loup<\/strong> et plusieurs <strong>espaces associatifs<\/strong>.\u00a0Un <strong>Caf\u00e9 interg\u00e9n\u00e9rationnel <\/strong>au Centre Social Gerland, la <strong>maison des familles Santy<\/strong>\u2026<\/p>\n<p>Ecoutez aussi : <a href=\"https:\/\/www.lyondemain.fr\/hirondelle-centre-soins-animaux-canicule\/\" target=\"_blank\" rel=\"noreferrer noopener\">L\u2019Hirondelle : la canicule fragilise aussi les animaux sauvages<\/a><\/p>\n<p><img loading=\"lazy\" decoding=\"async\" width=\"1200\" height=\"675\" src=\"https:\/\/www.europesays.com\/fr\/wp-content\/uploads\/2025\/08\/MJC-Montchat-visite-de-Gregory-Doucet.jpg\" alt=\"visite de Gr\u00e9gory Doucet\" class=\"wp-image-251207\"  \/>visite du maire Gr\u00e9gory Doucet \u00e0 la MJC Montchat<\/p>\n<p>Un r\u00e9seau qui grandit\u2026<\/p>\n<p>Dans le cadre de la <strong>r\u00e9novation urbaine du quartier Mermoz<\/strong>, des projets sont \u00e9galement d\u00e9j\u00e0 en cours de construction avec les <strong>p\u00f4les sociaux, sportifs et culturels<\/strong> livr\u00e9s au deuxi\u00e8me semestre 2026. Un autre p\u00f4le est aussi pr\u00e9vu au c\u0153ur de la <strong>ZAC des Girondins<\/strong> : la livraison est pr\u00e9vue au second semestre 2027.<\/p>\n<p>Au total, 170 chantiers entre 2020 et 2024 pour construire ces nouveaux \u00e9quipements, en r\u00e9nover certains, notamment sur le plan \u00e9nerg\u00e9tique. A la <strong>MJC de Montchat<\/strong>, on imagine d\u00e9j\u00e0 une <strong>canop\u00e9e v\u00e9g\u00e9tale<\/strong> et un <strong>potager<\/strong> sur les terrasses aujourd\u2019hui min\u00e9rales\u2026<\/p>\n<p>Ecoutez aussi : <a href=\"https:\/\/www.lyondemain.fr\/harout-mekhsian-mjc-monplaisir\/\" target=\"_blank\" rel=\"noreferrer noopener\">Harout Mekhsian : du CCO \u00e0 la MJC Monplaisir<\/a><\/p>\n<p><img loading=\"lazy\" decoding=\"async\" width=\"1200\" height=\"675\" src=\"https:\/\/www.europesays.com\/fr\/wp-content\/uploads\/2025\/08\/MJC-Montchat-Lyon-3eme-arrondissement.jpg\" alt=\" Lyon 3\u00e8me arrondissement\" class=\"wp-image-251203\"  \/><br \/>\nJ\u2019aime \u00e7a\u00a0:<\/p>\n<p>J\u2019aime chargement\u2026<\/p>\n<p><a class=\"sd-link-color\"\/><\/p>\n<p>\n\tArticles similaires\n<\/p>\n<p>\t\t\t\t<img decoding=\"async\" src=\"https:\/\/www.europesays.com\/fr\/wp-content\/uploads\/2025\/08\/1756015997_498_7866158698e17e8ed633c05e8f8e7fe5d9e057ad78661c4dc34e413abb6b9f19\" alt=\"G\u00e9rald Bouchon\"\/><\/p>\n<p>Pionnier des radios libres, passionn\u00e9 de radio, journaliste et dirigeant de m\u00e9dias \u00e9co-responsables..<\/p>\n<p>\t\t\t<script async src=\"\/\/www.instagram.com\/embed.js\"><\/script><\/p>\n","protected":false},"excerpt":{"rendered":"Depuis 2020, la Ville de Lyon a augment\u00e9 de 18 % le budget allou\u00e9 \u00e0 l\u2019Education Populaire. Une&hellip;\n","protected":false},"author":2,"featured_media":340069,"comment_status":"","ping_status":"","sticky":false,"template":"","format":"standard","meta":{"footnotes":""},"categories":[1889],"tags":[1111,11,2430,27110,1719,1777,674,11265,1011,27,4074,47617,47618,2428,47619,12,47620,25,47621],"class_list":{"0":"post-340068","1":"post","2":"type-post","3":"status-publish","4":"format-standard","5":"has-post-thumbnail","7":"category-lyon","8":"tag-actu","9":"tag-actualites","10":"tag-auvergne-rhone-alpes","11":"tag-education-populaire","12":"tag-enfants","13":"tag-eu","14":"tag-europe","15":"tag-familles","16":"tag-fr","17":"tag-france","18":"tag-jeunes","19":"tag-julie-nublat","20":"tag-le-centre-imaginaire","21":"tag-lyon","22":"tag-mjc-montchat","23":"tag-news","24":"tag-ninon-voutay","25":"tag-republique-francaise","26":"tag-theatre-amateur"},"share_on_mastodon":{"url":"https:\/\/pubeurope.com\/@fr\/115082272046450211","error":""},"_links":{"self":[{"href":"https:\/\/www.europesays.com\/fr\/wp-json\/wp\/v2\/posts\/340068","targetHints":{"allow":["GET"]}}],"collection":[{"href":"https:\/\/www.europesays.com\/fr\/wp-json\/wp\/v2\/posts"}],"about":[{"href":"https:\/\/www.europesays.com\/fr\/wp-json\/wp\/v2\/types\/post"}],"author":[{"embeddable":true,"href":"https:\/\/www.europesays.com\/fr\/wp-json\/wp\/v2\/users\/2"}],"replies":[{"embeddable":true,"href":"https:\/\/www.europesays.com\/fr\/wp-json\/wp\/v2\/comments?post=340068"}],"version-history":[{"count":0,"href":"https:\/\/www.europesays.com\/fr\/wp-json\/wp\/v2\/posts\/340068\/revisions"}],"wp:featuredmedia":[{"embeddable":true,"href":"https:\/\/www.europesays.com\/fr\/wp-json\/wp\/v2\/media\/340069"}],"wp:attachment":[{"href":"https:\/\/www.europesays.com\/fr\/wp-json\/wp\/v2\/media?parent=340068"}],"wp:term":[{"taxonomy":"category","embeddable":true,"href":"https:\/\/www.europesays.com\/fr\/wp-json\/wp\/v2\/categories?post=340068"},{"taxonomy":"post_tag","embeddable":true,"href":"https:\/\/www.europesays.com\/fr\/wp-json\/wp\/v2\/tags?post=340068"}],"curies":[{"name":"wp","href":"https:\/\/api.w.org\/{rel}","templated":true}]}}