{"id":340074,"date":"2025-08-24T06:18:14","date_gmt":"2025-08-24T06:18:14","guid":{"rendered":"https:\/\/www.europesays.com\/fr\/340074\/"},"modified":"2025-08-24T06:18:14","modified_gmt":"2025-08-24T06:18:14","slug":"il-etait-un-element-important-lance-aubameyang-apres-la-victoire-contre-le-paris-fc","status":"publish","type":"post","link":"https:\/\/www.europesays.com\/fr\/340074\/","title":{"rendered":"\u00abIl \u00e9tait un \u00e9l\u00e9ment important\u00bb, lance Aubameyang apr\u00e8s la victoire contre le Paris FC"},"content":{"rendered":"<p>Auteur d\u2019un doubl\u00e9 lors de la victoire de l\u2019OM contre le Paris FC (5-2), Pierre-Emerick Aubameyang est revenu apr\u00e8s la rencontre sur l\u2019affaire Adrien Rabiot.<\/p>\n<p class=\"fig-paragraph\">Vainqueur du Paris FC \u00e0 domicile lors de la deuxi\u00e8me journ\u00e9e de Ligue 1 (5-2), l\u2019OM retrouve le calme apr\u00e8s\u00a0<a href=\"http:\/\/www.lefigaro.fr\/sports\/football\/ligue-1\/affaire-rabiot-de-zerbi-evoque-une-bagarre-comme-dans-un-pub-anglais-et-regle-ses-comptes-avec-la-mere-20250822\" data-fig-type=\"NewsFlash\" data-gtm-custom-categorie=\"navigation\" data-gtm-custom-action=\"crossclick\" data-gtm-custom-label=\"Contextuel\" data-gtm-event=\"customEventSPE\" data-fig-domain=\"LEFIGARO\" target=\"_blank\" rel=\"noopener\">l\u2019affaire Rabiot\u00a0<\/a>qui a secou\u00e9 le club en ce d\u00e9but de saison. Auteur d\u2019un doubl\u00e9 dans cette rencontre, Pierre-Emerick Aubameyang est revenu sur ce sujet au micro de beIN Sports.<\/p>\n<p class=\"fig-paragraph\">\u00abSi Rabiot a manqu\u00e9\u00a0? Ouais, on est tous conscients qu\u2019apr\u00e8s la saison qu\u2019il a faite l\u2019an dernier, il \u00e9tait un \u00e9l\u00e9ment important. Quand il y a un grand joueur en moins, \u00e7a se ressent. Ce qu\u2019il faut noter, c\u2019est la force du collectif, de savoir que m\u00eame dans les moments difficiles, quand les grands joueurs ne sont pas l\u00e0 , on est capable de faire les efforts\u00bb a-t-il lanc\u00e9 apr\u00e8s cette victoire.<\/p>\n","protected":false},"excerpt":{"rendered":"Auteur d\u2019un doubl\u00e9 lors de la victoire de l\u2019OM contre le Paris FC (5-2), Pierre-Emerick Aubameyang est revenu&hellip;\n","protected":false},"author":2,"featured_media":340075,"comment_status":"","ping_status":"","sticky":false,"template":"","format":"standard","meta":{"footnotes":""},"categories":[1888],"tags":[1111,1928,11,1927,1777,674,63,1011,27,12,1926,1176,626,1925,25],"class_list":{"0":"post-340074","1":"post","2":"type-post","3":"status-publish","4":"format-standard","5":"has-post-thumbnail","7":"category-paris","8":"tag-actu","9":"tag-actu-paris","10":"tag-actualites","11":"tag-actualites-paris","12":"tag-eu","13":"tag-europe","14":"tag-football","15":"tag-fr","16":"tag-france","17":"tag-news","18":"tag-news-paris","19":"tag-olympique-de-marseille","20":"tag-paris","21":"tag-paris-news","22":"tag-republique-francaise"},"share_on_mastodon":{"url":"https:\/\/pubeurope.com\/@fr\/115082291103803698","error":""},"_links":{"self":[{"href":"https:\/\/www.europesays.com\/fr\/wp-json\/wp\/v2\/posts\/340074","targetHints":{"allow":["GET"]}}],"collection":[{"href":"https:\/\/www.europesays.com\/fr\/wp-json\/wp\/v2\/posts"}],"about":[{"href":"https:\/\/www.europesays.com\/fr\/wp-json\/wp\/v2\/types\/post"}],"author":[{"embeddable":true,"href":"https:\/\/www.europesays.com\/fr\/wp-json\/wp\/v2\/users\/2"}],"replies":[{"embeddable":true,"href":"https:\/\/www.europesays.com\/fr\/wp-json\/wp\/v2\/comments?post=340074"}],"version-history":[{"count":0,"href":"https:\/\/www.europesays.com\/fr\/wp-json\/wp\/v2\/posts\/340074\/revisions"}],"wp:featuredmedia":[{"embeddable":true,"href":"https:\/\/www.europesays.com\/fr\/wp-json\/wp\/v2\/media\/340075"}],"wp:attachment":[{"href":"https:\/\/www.europesays.com\/fr\/wp-json\/wp\/v2\/media?parent=340074"}],"wp:term":[{"taxonomy":"category","embeddable":true,"href":"https:\/\/www.europesays.com\/fr\/wp-json\/wp\/v2\/categories?post=340074"},{"taxonomy":"post_tag","embeddable":true,"href":"https:\/\/www.europesays.com\/fr\/wp-json\/wp\/v2\/tags?post=340074"}],"curies":[{"name":"wp","href":"https:\/\/api.w.org\/{rel}","templated":true}]}}