{"id":340078,"date":"2025-08-24T06:20:12","date_gmt":"2025-08-24T06:20:12","guid":{"rendered":"https:\/\/www.europesays.com\/fr\/340078\/"},"modified":"2025-08-24T06:20:12","modified_gmt":"2025-08-24T06:20:12","slug":"rachida-dati-a-pris-sa-decision-definitive-sur-sa-candidature-a-la-legislative-partielle-a-paris","status":"publish","type":"post","link":"https:\/\/www.europesays.com\/fr\/340078\/","title":{"rendered":"Rachida Dati a pris sa d\u00e9cision d\u00e9finitive sur sa candidature \u00e0 la l\u00e9gislative partielle \u00e0 Paris"},"content":{"rendered":"<p>        <img decoding=\"async\" loading=\"lazy\" src=\"https:\/\/www.europesays.com\/fr\/wp-content\/uploads\/2025\/08\/e9621ab_upload-1-zklfvpc6qz2r-afp-20250703-hl-mcohen-2820152-v2-highres-francecultureartmuseum.jpg\"  width=\"728\" height=\"410\" alt=\"Rachida Dati, ici en juillet 2025, a pris sa d\u00e9cision d\u00e9finitive sur sa candidature \u00e0 la l\u00e9gislative partielle \u00e0 Paris\"\/>  <\/p>\n<p>MAGALI COHEN \/ Hans Lucas via AFP<\/p>\n<p>Rachida Dati, ici en juillet 2025, a pris sa d\u00e9cision d\u00e9finitive sur sa candidature \u00e0 la l\u00e9gislative partielle \u00e0 Paris<\/p>\n<p class=\"asset asset-text\">POLITIQUE &#8211; Sa d\u00e9cision est prise. La ministre de la Culture <a href=\"https:\/\/www.huffingtonpost.fr\/justice\/article\/rachida-dati-et-l-ex-patron-de-renault-carlos-ghosn-seront-bien-juges-pour-corruption_252872.html\" target=\"_blank\" rel=\"noopener\">Rachida Dati<\/a>, qui vise la mairie de Paris en 2026, a annonc\u00e9 ce samedi 23\u00a0ao\u00fbt le maintien de sa candidature \u00e0 la <a href=\"https:\/\/www.huffingtonpost.fr\/politique\/article\/face-a-rachida-dati-et-michel-barnier-a-paris-le-ps-choisit-l-ex-ministre-frederique-bredin_253346.html\" target=\"_blank\" rel=\"noopener\">l\u00e9gislative partielle dans la 2e circonscription<\/a> de Paris face \u00e0 l\u2019ex-Premier ministre <a href=\"https:\/\/www.huffingtonpost.fr\/politique\/article\/la-nouvelle-tentative-de-barnier-pour-eviter-un-duel-face-a-dati-a-la-legislative-a-paris_253225.html\" target=\"_blank\" rel=\"noopener\">Michel Barnier<\/a>, pourtant investi par son parti Les R\u00e9publicains.<\/p>\n<p class=\"asset asset-text\">\u00ab\u00a0L\u2019\u00e9lection l\u00e9gislative qui aura lieu dans ma circonscription des 5e, 6e et 7e arrondissements sera la premi\u00e8re \u00e9tape du rassemblement et de la dynamique de victoire \u00e0 Paris (&#8230;) J\u2019invite les forces politiques de la droite et du centre \u00e0 prendre leurs responsabilit\u00e9s. D\u00e8s \u00e0 pr\u00e9sent, j\u2019assumerai les miennes et je le ferai jusqu\u2019au bout\u00a0\u00bb, a-t-elle d\u00e9clar\u00e9 dans un entretien \u00e0 La Tribune Dimanche, malgr\u00e9 les poursuites judiciaires qui p\u00e8sent sur elle.<\/p>\n<p class=\"asset asset-text\">La maire LR du 7e arrondissement n\u2019a pas appr\u00e9ci\u00e9 la candidature de Michel Barnier, qu\u2019elle estime \u00ab\u00a0instrumentalis\u00e9\u00a0\u00bb, dans cette circonscription o\u00f9 l\u2019\u00e9lection du d\u00e9put\u00e9 macroniste Jean Laussucq a \u00e9t\u00e9 invalid\u00e9e par le Conseil constitutionnel pour irr\u00e9gularit\u00e9s dans ses comptes de campagne. L\u2019\u00e9lection doit se tenir les 21 et 28\u00a0septembre.<\/p>\n<p class=\"asset asset-text\">Fin juillet, la pr\u00e9sidente de la f\u00e9d\u00e9ration LR de Paris Agn\u00e8s Evren esp\u00e9rait encore trouver un accord \u00ab\u00a0d\u2019ici la rentr\u00e9e\u00a0\u00bb avec Rachida Dati afin d\u2019\u00e9viter une guerre fratricide.<\/p>\n<p>                     Dati veut \u00ab\u00a0unir toutes les forces de la droite\u00a0et du centre\u00a0\u00bb    <\/p>\n<p class=\"asset asset-text\">C\u2019\u00e9tait sans compter la volont\u00e9 d\u2019en d\u00e9coudre de Rachida Dati. \u00ab\u00a0Je me pr\u00e9sente aux suffrages des Parisiens pour un seul objectif\u00a0: gagner Paris et rendre aux Parisiens la ville qu\u2019ils m\u00e9ritent\u00a0\u00bb, d\u00e9clare-t-elle \u00e0 l\u2019hebdomadaire, estimant que Paris \u00ab\u00a0vit une crise sans pr\u00e9c\u00e9dent\u00a0\u00bb.<\/p>\n<p class=\"asset asset-text\">\u00ab\u00a0Aujourd\u2019hui, nous avons l\u2019opportunit\u00e9 historique de tourner cette page. Nous avons un projet solide, des \u00e9lus implant\u00e9s dans tous les arrondissements et l\u2019\u00e9nergie pour transformer notre capitale\u00a0\u00bb, ajoute-t-elle, appelant \u00e0 \u00ab\u00a0unir toutes les forces de la droite et du centre autour d\u2019un projet commun\u00a0\u00bb.<\/p>\n<p class=\"asset asset-text\">Exclue des R\u00e9publicains en 2024 apr\u00e8s avoir \u00e9t\u00e9 recrut\u00e9e en janvier\u00a02024 par Gabriel Attal pour entrer dans son gouvernement comme ministre de la Culture, Rachida Dati a repris sa carte chez LR. De son c\u00f4t\u00e9, Michel Barnier a martel\u00e9 d\u00e9but ao\u00fbt ne pas \u00eatre \u00ab\u00a0candidat \u00e0 autre chose qu\u2019\u00e0 la d\u00e9putation\u00a0\u00bb.<\/p>\n<p class=\"asset asset-text\">\u00c0 cet agenda \u00e9lectoral, Rachida Dati, 59\u00a0ans, doit faire correspondre son agenda judiciaire\u00a0: elle a \u00e9t\u00e9 renvoy\u00e9e le 22\u00a0juillet en proc\u00e8s pour corruption et trafic d\u2019influence, soup\u00e7onn\u00e9e d\u2019avoir per\u00e7u 900\u00a0000\u00a0euros entre 2010 et 2012 pour des prestations de conseil avec une filiale de l\u2019alliance Renault-Nissan, mais sans avoir r\u00e9ellement travaill\u00e9, alors qu\u2019elle \u00e9tait avocate et d\u00e9put\u00e9e europ\u00e9enne. Elle a fait appel de la d\u00e9cision. La date pr\u00e9cise du proc\u00e8s devrait \u00eatre fix\u00e9e lors d\u2019une premi\u00e8re audience pr\u00e9vue le 29\u00a0septembre.<\/p>\n","protected":false},"excerpt":{"rendered":"MAGALI COHEN \/ Hans Lucas via AFP Rachida Dati, ici en juillet 2025, a pris sa d\u00e9cision d\u00e9finitive&hellip;\n","protected":false},"author":2,"featured_media":340079,"comment_status":"","ping_status":"","sticky":false,"template":"","format":"standard","meta":{"footnotes":""},"categories":[1888],"tags":[11,1777,674,1011,27,39207,12,626,316,417,25],"class_list":{"0":"post-340078","1":"post","2":"type-post","3":"status-publish","4":"format-standard","5":"has-post-thumbnail","7":"category-paris","8":"tag-actualites","9":"tag-eu","10":"tag-europe","11":"tag-fr","12":"tag-france","13":"tag-legislative-partielle","14":"tag-news","15":"tag-paris","16":"tag-politique","17":"tag-rachida-dati","18":"tag-republique-francaise"},"share_on_mastodon":{"url":"https:\/\/pubeurope.com\/@fr\/115082298923453246","error":""},"_links":{"self":[{"href":"https:\/\/www.europesays.com\/fr\/wp-json\/wp\/v2\/posts\/340078","targetHints":{"allow":["GET"]}}],"collection":[{"href":"https:\/\/www.europesays.com\/fr\/wp-json\/wp\/v2\/posts"}],"about":[{"href":"https:\/\/www.europesays.com\/fr\/wp-json\/wp\/v2\/types\/post"}],"author":[{"embeddable":true,"href":"https:\/\/www.europesays.com\/fr\/wp-json\/wp\/v2\/users\/2"}],"replies":[{"embeddable":true,"href":"https:\/\/www.europesays.com\/fr\/wp-json\/wp\/v2\/comments?post=340078"}],"version-history":[{"count":0,"href":"https:\/\/www.europesays.com\/fr\/wp-json\/wp\/v2\/posts\/340078\/revisions"}],"wp:featuredmedia":[{"embeddable":true,"href":"https:\/\/www.europesays.com\/fr\/wp-json\/wp\/v2\/media\/340079"}],"wp:attachment":[{"href":"https:\/\/www.europesays.com\/fr\/wp-json\/wp\/v2\/media?parent=340078"}],"wp:term":[{"taxonomy":"category","embeddable":true,"href":"https:\/\/www.europesays.com\/fr\/wp-json\/wp\/v2\/categories?post=340078"},{"taxonomy":"post_tag","embeddable":true,"href":"https:\/\/www.europesays.com\/fr\/wp-json\/wp\/v2\/tags?post=340078"}],"curies":[{"name":"wp","href":"https:\/\/api.w.org\/{rel}","templated":true}]}}