{"id":340080,"date":"2025-08-24T06:21:11","date_gmt":"2025-08-24T06:21:11","guid":{"rendered":"https:\/\/www.europesays.com\/fr\/340080\/"},"modified":"2025-08-24T06:21:11","modified_gmt":"2025-08-24T06:21:11","slug":"lukraine-lance-une-serie-dattaques-aux-drones-en-russie-plusieurs-incendies-dans-une-centrale-nucleaire-et-un-port-petrolier","status":"publish","type":"post","link":"https:\/\/www.europesays.com\/fr\/340080\/","title":{"rendered":"L\u2019Ukraine lance une s\u00e9rie d\u2019attaques aux drones en Russie, plusieurs incendies dans une centrale nucl\u00e9aire et un port p\u00e9trolier"},"content":{"rendered":"<p>Alors que la perspective d\u2019une rencontre entre Vladimir Poutine et Volodymyr Zelensky s\u2019\u00e9loigne, les autorit\u00e9s russes ont indiqu\u00e9 dans la nuit avoir intercept\u00e9 des drones ukrainiens parfois loin du front.<\/p>\n<p class=\"fig-paragraph\">L&rsquo;Ukraine a lanc\u00e9 une s\u00e9rie d&rsquo;attaques aux drones sur le territoire russe dimanche,\u00a0jour o\u00f9 elle c\u00e9l\u00e8bre son ind\u00e9pendance, provoquant des incendies dans une centrale nucl\u00e9aire et un terminal p\u00e9trolier au moment o\u00f9 les efforts diplomatiques pour r\u00e9gler le conflit s&rsquo;enlisent. Alors que la perspective d&rsquo;<a href=\"http:\/\/www.lefigaro.fr\/international\/guerre-en-ukraine-la-russie-reproche-a-zelensky-l-absence-d-avancees-pour-une-rencontre-avec-poutine-20250822\" data-fig-type=\"NewsFlash\" data-gtm-custom-categorie=\"navigation\" data-gtm-custom-action=\"crossclick\" data-gtm-custom-label=\"Contextuel\" data-gtm-event=\"customEventSPE\" data-fig-domain=\"LEFIGARO\" target=\"_blank\" rel=\"noopener\">une rencontre entre Vladimir Poutine et Volodymyr Zelensky s&rsquo;\u00e9loigne<\/a>, les autorit\u00e9s locales russes ont indiqu\u00e9 dans la nuit avoir intercept\u00e9 des drones ukrainiens dans des r\u00e9gions parfois loin du front comme celle de Saint-P\u00e9tersbourg (nord-ouest) ou sur la Volga.<\/p>\n<p class=\"fig-paragraph\">Abattu peu apr\u00e8s minuit (21H00 GMT) par la d\u00e9fense anti-a\u00e9rienne russe, l&rsquo;un de ces engins \u00aba explos\u00e9 et endommag\u00e9 un transformateur auxiliaire\u00bb sur le terrain de la centrale nucl\u00e9aire situ\u00e9e dans la r\u00e9gion russe frontali\u00e8re de Koursk, a annonc\u00e9 son op\u00e9rateur sur son compte Telegram. \u00abL&rsquo;incendie a \u00e9t\u00e9 \u00e9teint\u00bb, a-t-elle ajout\u00e9, pr\u00e9cisant qu&rsquo;il n&rsquo;y avait aucune victime mais que le fonctionnement d&rsquo;un r\u00e9acteur avait \u00e9t\u00e9 r\u00e9duit. \u00abLe niveau de radiation sur le site industriel de la centrale nucl\u00e9aire de Koursk et dans les environs n&rsquo;a pas chang\u00e9 et correspond aux niveaux normaux\u00bb, selon la m\u00eame source.<\/p>\n<p>                                    <a class=\"fig-a11y-skip a11y-hidden\" href=\"#fig-a11y-skip-main-inarticle\"><br \/>\n        Passer la publicit\u00e9<br \/>\n    <\/a><\/p>\n<p class=\"fig-paragraph\">Depuis le d\u00e9but des combats, l&rsquo;Agence internationale de l&rsquo;\u00e9nergie atomique (AEIA) met en garde contre le risque d&rsquo;une catastrophe, notamment \u00e0\u00a0<a href=\"https:\/\/www.lefigaro.fr\/international\/dans-la-region-de-zaporijjia-les-ukrainiens-fortifient-leurs-lignes-de-defense-le-recit-de-l-envoye-special-du-figaro-20240123\" data-fig-type=\"Article\" data-gtm-custom-categorie=\"navigation\" data-gtm-custom-action=\"crossclick\" data-gtm-custom-label=\"Contextuel\" data-gtm-event=\"customEventSPE\" data-fig-domain=\"LEFIGARO\" target=\"_blank\" rel=\"noopener\">la centrale nucl\u00e9aire de Zaporijjia<\/a>\u00a0dans le sud de l&rsquo;Ukraine, occup\u00e9e depuis mars 2022 par la Russie. En ao\u00fbt 2024, Vladimir Poutine avait accus\u00e9 Kiev de vouloir frapper la centrale situ\u00e9e dans la r\u00e9gion de Koursk, alors sous offensive ukrainienne. Les forces russes l&rsquo;ont reprise au printemps. Sur la c\u00f4te de la Baltique, l&rsquo;interception de 10 drones sur le port d&rsquo;Oust-Louga, pr\u00e8s de Saint-P\u00e9tersbourg, a provoqu\u00e9 un incendie dans un terminal p\u00e9trolier du groupe russe Novatek, a indiqu\u00e9 le gouverneur r\u00e9gional Alexandre Drozdenko sur Telegram. \u00abLes pompiers et le minist\u00e8re des Situations d&rsquo;urgence sont \u00e0 l&rsquo;oeuvre pour l&rsquo;\u00e9teindre\u00bb, a-t-il ajout\u00e9.<\/p>\n<p class=\"fig-body-link\">\n            \u00c0 lire aussi<br \/>\n        <a class=\"fig-body-link__link fig-premium-mark\" href=\"http:\/\/www.lefigaro.fr\/international\/guerre-en-ukraine-derriere-l-idee-de-negociations-a-budapest-le-spectre-de-l-echec-du-memorandum-de-1994-20250822\" data-fig-type=\"Article\" data-gtm-custom-categorie=\"navigation\" data-gtm-custom-action=\"crossclick\" data-gtm-custom-label=\"Contextuel\" data-gtm-event=\"customEventSPE\" data-fig-domain=\"LEFIGARO\" target=\"_blank\" rel=\"noopener\">Guerre en Ukraine\u00a0: derri\u00e8re l\u2019id\u00e9e de n\u00e9gociations \u00e0 Budapest, le spectre de l\u2019\u00e9chec du m\u00e9morandum de 1994<br \/>\n    <\/a>\n<\/p>\n<p>Avanc\u00e9es russes<\/p>\n<p class=\"fig-paragraph\">La Russie a lanc\u00e9 une offensive militaire \u00e0 grande \u00e9chelle en Ukraine en f\u00e9vrier 2022 et contr\u00f4le \u00e0 l&rsquo;heure actuelle environ 20% de ce pays voisin, dont la Crim\u00e9e, p\u00e9ninsule annex\u00e9e en 2014. Ces derni\u00e8res semaines, alors que s&rsquo;acc\u00e9l\u00e9raient les discussions pour mettre fin au conflit sous pression de Donald Trump, l&rsquo;Ukraine a lanc\u00e9 des dizaines de drones vers le territoire russe. Elle vise notamment les raffineries et les d\u00e9p\u00f4ts de p\u00e9trole russes pour entraver leur capacit\u00e9 \u00e0 financer l&rsquo;offensive.<\/p>\n<p class=\"fig-paragraph\">Ces attaques ont \u00e9t\u00e9 mises en cause dans la flamb\u00e9e des prix des carburants en Russie, qui ont atteint des records malgr\u00e9 la suspension des exportations d&rsquo;essence d\u00e9cr\u00e9t\u00e9e par le gouvernement. Le minist\u00e8re russe de l&rsquo;\u00c9nergie a lui attribu\u00e9 les prix \u00e9lev\u00e9s \u00e0 \u00abla haute demande saisonni\u00e8re et les travaux agricoles\u00bb, sans mentionner les attaques ukrainiennes. Vendredi,\u00a0<a href=\"https:\/\/www.lefigaro.fr\/international\/jadis-adversaire-de-la-russie-le-premier-ministre-hongrois-viktor-orban-est-tombe-sous-la-coupe-de-vladimir-poutine-20231214\" data-fig-type=\"Article\" data-gtm-custom-categorie=\"navigation\" data-gtm-custom-action=\"crossclick\" data-gtm-custom-label=\"Contextuel\" data-gtm-event=\"customEventSPE\" data-fig-domain=\"LEFIGARO\" target=\"_blank\" rel=\"noopener\">le premier ministre hongrois Viktor Orban<\/a>\u00a0a annonc\u00e9 de son c\u00f4t\u00e9 avoir demand\u00e9 l&rsquo;aide de Donald Trump face \u00e0 ses difficult\u00e9s d&rsquo;approvisionnement en p\u00e9trole russe via l&rsquo;ol\u00e9oduc Droujba, bombard\u00e9 selon lui par Kiev.<\/p>\n<p>\u00abLe peuple ukrainien ne se rendra jamais\u00bb<\/p>\n<p class=\"fig-paragraph\">Les nouvelles attaques ukrainiennes sont intervenues alors que l&rsquo;Ukraine, ancienne r\u00e9publique sovi\u00e9tique, c\u00e9l\u00e8bre dimanche ses 34 ans d&rsquo;ind\u00e9pendance. \u00abLe peuple ukrainien ne se rendra jamais et ne renoncera jamais \u00e0 son Ind\u00e9pendance\u00bb, a insist\u00e9 le chef des arm\u00e9es Oleksandre Syrsky dimanche matin \u00e0 cette occasion, tandis que le chef de la diplomatie Andri\u00ef Sybiga a qualifi\u00e9 l&rsquo;ind\u00e9pendance de l&rsquo;Ukraine de \u00abpierre angulaire de la s\u00e9curit\u00e9 de l&rsquo;Europe\u00bb. Alors que l&rsquo;Ukraine est quotidiennement bombard\u00e9e, une femme de 47 ans est morte dimanche matin dans une frappe de drone russe dans la r\u00e9gion de Dnipropetrovsk (est), selon le gouverneur r\u00e9gional.<\/p>\n<p class=\"fig-paragraph\">Sur le front, l&rsquo;arm\u00e9e russe a accru ses gains territoriaux ces derniers mois face \u00e0 des forces ukrainiennes moins nombreuses et moins bien \u00e9quip\u00e9es. Elle a revendiqu\u00e9 samedi la prise de deux villages dans la r\u00e9gion de Donetsk, dans l&rsquo;est de l&rsquo;Ukraine, progressant notamment vers la ville de Kostyantynivka, bastion important sur la route de\u00a0<a href=\"http:\/\/www.lefigaro.fr\/international\/dur-de-retourner-au-combat-ensuite-en-ukraine-femmes-et-soldats-se-retrouvent-le-temps-d-une-permission-a-kramatorsk-20250310\" data-fig-type=\"Article\" data-gtm-custom-categorie=\"navigation\" data-gtm-custom-action=\"crossclick\" data-gtm-custom-label=\"Contextuel\" data-gtm-event=\"customEventSPE\" data-fig-domain=\"LEFIGARO\" target=\"_blank\" rel=\"noopener\">Kramatorsk<\/a>\u00a0qui est pour sa part un point important pour la logistique ukrainienne. Alors que Moscou et Kiev s&rsquo;accusent respectivement de bloquer l&rsquo;organisation d&rsquo;une \u00e9ventuelle r\u00e9union avec son homologue russe, Donald Trump a annonc\u00e9 vendredi se donner \u00abdeux semaines\u00bb pour d\u00e9cider de sa ligne concernant ce conflit.<\/p>\n","protected":false},"excerpt":{"rendered":"Alors que la perspective d\u2019une rencontre entre Vladimir Poutine et Volodymyr Zelensky s\u2019\u00e9loigne, les autorit\u00e9s russes ont indiqu\u00e9&hellip;\n","protected":false},"author":2,"featured_media":340081,"comment_status":"","ping_status":"","sticky":false,"template":"","format":"standard","meta":{"footnotes":""},"categories":[1591],"tags":[11,2024,1887,131,5383,12,1885,1886,132],"class_list":{"0":"post-340080","1":"post","2":"type-post","3":"status-publish","4":"format-standard","5":"has-post-thumbnail","7":"category-russie","8":"tag-actualites","9":"tag-drones","10":"tag-federation-de-russie","11":"tag-guerre-en-ukraine","12":"tag-incendies","13":"tag-news","14":"tag-russia","15":"tag-russian-federation","16":"tag-russie"},"share_on_mastodon":{"url":"https:\/\/pubeurope.com\/@fr\/115082302800899858","error":""},"_links":{"self":[{"href":"https:\/\/www.europesays.com\/fr\/wp-json\/wp\/v2\/posts\/340080","targetHints":{"allow":["GET"]}}],"collection":[{"href":"https:\/\/www.europesays.com\/fr\/wp-json\/wp\/v2\/posts"}],"about":[{"href":"https:\/\/www.europesays.com\/fr\/wp-json\/wp\/v2\/types\/post"}],"author":[{"embeddable":true,"href":"https:\/\/www.europesays.com\/fr\/wp-json\/wp\/v2\/users\/2"}],"replies":[{"embeddable":true,"href":"https:\/\/www.europesays.com\/fr\/wp-json\/wp\/v2\/comments?post=340080"}],"version-history":[{"count":0,"href":"https:\/\/www.europesays.com\/fr\/wp-json\/wp\/v2\/posts\/340080\/revisions"}],"wp:featuredmedia":[{"embeddable":true,"href":"https:\/\/www.europesays.com\/fr\/wp-json\/wp\/v2\/media\/340081"}],"wp:attachment":[{"href":"https:\/\/www.europesays.com\/fr\/wp-json\/wp\/v2\/media?parent=340080"}],"wp:term":[{"taxonomy":"category","embeddable":true,"href":"https:\/\/www.europesays.com\/fr\/wp-json\/wp\/v2\/categories?post=340080"},{"taxonomy":"post_tag","embeddable":true,"href":"https:\/\/www.europesays.com\/fr\/wp-json\/wp\/v2\/tags?post=340080"}],"curies":[{"name":"wp","href":"https:\/\/api.w.org\/{rel}","templated":true}]}}