{"id":340082,"date":"2025-08-24T06:22:16","date_gmt":"2025-08-24T06:22:16","guid":{"rendered":"https:\/\/www.europesays.com\/fr\/340082\/"},"modified":"2025-08-24T06:22:16","modified_gmt":"2025-08-24T06:22:16","slug":"incendie-dans-une-centrale-nucleaire-russe-et-un-port-petrolier-apres-une-attaque-de-drone","status":"publish","type":"post","link":"https:\/\/www.europesays.com\/fr\/340082\/","title":{"rendered":"incendie dans une centrale nucl\u00e9aire russe et un port p\u00e9trolier apr\u00e8s une attaque de drone"},"content":{"rendered":"<p>L\u2019interception d\u2019un drone ukrainien a provoqu\u00e9 un incendie dans le p\u00e9rim\u00e8tre d\u2019une centrale nucl\u00e9aire dans la r\u00e9gion russe frontali\u00e8re de Koursk, a indiqu\u00e9 son op\u00e9rateur dimanche, assurant que le sinistre avait \u00e9t\u00e9 ma\u00eetris\u00e9 et qu\u2019aucun taux anormal de radioactivit\u00e9 n\u2019avait \u00e9t\u00e9 mesur\u00e9.<\/p>\n<p>Abattu peu apr\u00e8s minuit (21\u00a0heures GMT) par la d\u00e9fense antia\u00e9rienne russe, le drone \u00ab\u00a0a explos\u00e9 et endommag\u00e9 un transformateur auxiliaire\u00a0\u00bb, a pr\u00e9cis\u00e9 la centrale de Koursk sur son compte Telegram. \u00ab\u00a0L\u2019incendie a \u00e9t\u00e9 \u00e9teint par les \u00e9quipes de pompiers\u00a0\u00bb, a-t-elle ajout\u00e9, pr\u00e9cisant qu\u2019il n\u2019y avait aucune victime.<\/p>\n<p>Sur la c\u00f4te de la Baltique, l\u2019interception de 10 drones sur le port d\u2019Oust-Louga, pr\u00e8s de Saint-P\u00e9tersbourg, a provoqu\u00e9 un incendie dans un terminal p\u00e9trolier du groupe russe Novatek, a indiqu\u00e9 le gouverneur r\u00e9gional Alexandre Drozdenko sur Telegram.<\/p>\n<p>Quel impact sur le fonctionnement de la centrale\u00a0?<\/p>\n<p>L\u2019op\u00e9rateur de la centrale a indiqu\u00e9 que le fonctionnement de l\u2019un de ses quatre r\u00e9acteurs avait \u00e9t\u00e9 r\u00e9duit \u00e0 50\u00a0% de sa capacit\u00e9 en raison de cette attaque. \u00ab\u00a0Le niveau de radiation sur le site industriel de la centrale nucl\u00e9aire de Koursk et dans les environs n\u2019a pas chang\u00e9 et correspond aux niveaux normaux\u00a0\u00bb, a-t-il pr\u00e9cis\u00e9.<\/p>\n<p>La Russie a lanc\u00e9 une offensive militaire \u00e0 grande \u00e9chelle en Ukraine en f\u00e9vrier 2022 et contr\u00f4le \u00e0 l\u2019heure actuelle environ 20\u00a0% de ce pays voisin, dont la Crim\u00e9e, p\u00e9ninsule annex\u00e9e en 2014.<\/p>\n<p>L\u2019ombre de Tchernobyl et Zaporijjia plane-t-elle\u00a0?<\/p>\n<p>Depuis le d\u00e9but des combats, l\u2019Agence internationale de l\u2019\u00e9nergie atomique (AEIA) met en garde contre le risque d\u2019une catastrophe, notamment \u00e0 la centrale nucl\u00e9aire de Zaporijjia dans le sud de l\u2019Ukraine, occup\u00e9e depuis mars 2022 par la Russie.<\/p>\n","protected":false},"excerpt":{"rendered":"L\u2019interception d\u2019un drone ukrainien a provoqu\u00e9 un incendie dans le p\u00e9rim\u00e8tre d\u2019une centrale nucl\u00e9aire dans la r\u00e9gion russe&hellip;\n","protected":false},"author":2,"featured_media":340083,"comment_status":"","ping_status":"","sticky":false,"template":"","format":"standard","meta":{"footnotes":""},"categories":[1590],"tags":[11,1777,674,12,220],"class_list":{"0":"post-340082","1":"post","2":"type-post","3":"status-publish","4":"format-standard","5":"has-post-thumbnail","7":"category-ukraine","8":"tag-actualites","9":"tag-eu","10":"tag-europe","11":"tag-news","12":"tag-ukraine"},"share_on_mastodon":{"url":"https:\/\/pubeurope.com\/@fr\/115082306741120219","error":""},"_links":{"self":[{"href":"https:\/\/www.europesays.com\/fr\/wp-json\/wp\/v2\/posts\/340082","targetHints":{"allow":["GET"]}}],"collection":[{"href":"https:\/\/www.europesays.com\/fr\/wp-json\/wp\/v2\/posts"}],"about":[{"href":"https:\/\/www.europesays.com\/fr\/wp-json\/wp\/v2\/types\/post"}],"author":[{"embeddable":true,"href":"https:\/\/www.europesays.com\/fr\/wp-json\/wp\/v2\/users\/2"}],"replies":[{"embeddable":true,"href":"https:\/\/www.europesays.com\/fr\/wp-json\/wp\/v2\/comments?post=340082"}],"version-history":[{"count":0,"href":"https:\/\/www.europesays.com\/fr\/wp-json\/wp\/v2\/posts\/340082\/revisions"}],"wp:featuredmedia":[{"embeddable":true,"href":"https:\/\/www.europesays.com\/fr\/wp-json\/wp\/v2\/media\/340083"}],"wp:attachment":[{"href":"https:\/\/www.europesays.com\/fr\/wp-json\/wp\/v2\/media?parent=340082"}],"wp:term":[{"taxonomy":"category","embeddable":true,"href":"https:\/\/www.europesays.com\/fr\/wp-json\/wp\/v2\/categories?post=340082"},{"taxonomy":"post_tag","embeddable":true,"href":"https:\/\/www.europesays.com\/fr\/wp-json\/wp\/v2\/tags?post=340082"}],"curies":[{"name":"wp","href":"https:\/\/api.w.org\/{rel}","templated":true}]}}