{"id":340086,"date":"2025-08-24T06:24:18","date_gmt":"2025-08-24T06:24:18","guid":{"rendered":"https:\/\/www.europesays.com\/fr\/340086\/"},"modified":"2025-08-24T06:24:18","modified_gmt":"2025-08-24T06:24:18","slug":"le-plan-de-colonisation-israelien-juge-inacceptable-par-21-pays-dont-la-france-et-le-royaume-uni","status":"publish","type":"post","link":"https:\/\/www.europesays.com\/fr\/340086\/","title":{"rendered":"le plan de colonisation isra\u00e9lien jug\u00e9 \u00ab\u00a0inacceptable\u00a0\u00bb par 21 pays dont la France et le Royaume-Uni"},"content":{"rendered":"<p class=\"article-p mdl\">Le plan majeur de colonisation en Cisjordanie occup\u00e9e approuv\u00e9 mercredi par Isra\u00ebl est <strong>\u00ab\u00a0inacceptable\u00a0\u00bb<\/strong> et repr\u00e9sente \u00ab\u00a0une violation de la loi internationale\u00a0\u00bb, ont condamn\u00e9 jeudi 21 pays parmi lesquels le Royaume-Uni et la France, dans un communiqu\u00e9 commun.<\/p>\n<p class=\"article-p mdl\">\u00ab\u00a0Nous condamnons cette d\u00e9cision et demandons avec la plus grande fermet\u00e9 <strong>qu&rsquo;elle soit imm\u00e9diatement annul\u00e9e<\/strong>\u00ab\u00a0, ont ajout\u00e9 les ministres des Affaires \u00e9trang\u00e8res de ces pays. Le projet cl\u00e9 de construction\u00a0<a class=\"link\" href=\"https:\/\/www.rtl.fr\/actu\/international\/cisjordanie-un-ministre-israelien-appelle-a-accelerer-la-colonisation-l-onu-et-l-ue-appellent-a-renoncer-a-ce-projet-7900531007\" target=\"_blank\" rel=\"noopener\">de 3.400 logements en Cisjordanie<\/a>, territoire occup\u00e9 par Isra\u00ebl depuis 1967, devrait couper ce territoire palestinien en deux, compromettant toute continuit\u00e9 territoriale\u00a0<a class=\"link\" href=\"https:\/\/www.rtl.fr\/actu\/international\/accuse-d-alimenter-le-feu-antisemite-par-netanyahu-macron-repond-que-la-republique-protegera-toujours-les-juifs-7900531783\" target=\"_blank\" rel=\"noopener\">d&rsquo;un \u00e9ventuel \u00c9tat palestinien<\/a>.<\/p>\n<p class=\"article-p mdl\">Les mesures prises par le gouvernement isra\u00e9lien \u00ab\u00a0compromettent notre volont\u00e9 commune d&rsquo;assurer la s\u00e9curit\u00e9 et la prosp\u00e9rit\u00e9 au Moyen-Orient\u00a0\u00bb, d\u00e9noncent les chefs de la diplomatie des 21 pays, parmi lesquels se trouvent aussi le Canada, l&rsquo;Espagne, l&rsquo;Italie. La cheffe de la diplomatie de l&rsquo;Union europ\u00e9enne, Kaja Kallas, est \u00e9galement signataire du texte.<\/p>\n<p class=\"article-p mdl\">Ils appellent le gouvernement isra\u00e9lien \u00e0 <strong>\u00ab\u00a0mettre fin \u00e0 la construction de colonies\u00a0\u00bb<\/strong> et \u00e0 \u00ab\u00a0lever les restrictions financi\u00e8res impos\u00e9es \u00e0 l&rsquo;Autorit\u00e9 palestinienne\u00a0\u00bb.<\/p>\n<p class=\"article-p mdl\">Hors J\u00e9rusalem-est, occup\u00e9e et annex\u00e9e par Isra\u00ebl, quelque trois millions de Palestiniens vivent en Cisjordanie <strong>aux c\u00f4t\u00e9s d&rsquo;environ 500.000 Isra\u00e9liens install\u00e9s dans des colonies<\/strong> que l&rsquo;ONU juge ill\u00e9gales au regard du droit international.<\/p>\n<p class=\"article-p mdl\">La colonisation de la Cisjordanie, frontali\u00e8re de la Jordanie, s&rsquo;est poursuivie sous tous les gouvernements isra\u00e9liens, de gauche comme de droite, depuis 1967.<\/p>\n<p>    La r\u00e9daction vous recommande<\/p>\n<p class=\"s-newsletter__title\">\n                L\u2019actualit\u00e9 par la r\u00e9daction de RTL dans votre bo\u00eete mail.\n            <\/p>\n<p class=\"s-newsletter__subtitle\">\n                Gr\u00e2ce \u00e0 votre compte RTL abonnez-vous \u00e0 la newsletter RTL info pour suivre toute l&rsquo;actualit\u00e9 au quotidien\n            <\/p>\n<p>\n                                    Lire la suite\n                                <\/p>\n","protected":false},"excerpt":{"rendered":"Le plan majeur de colonisation en Cisjordanie occup\u00e9e approuv\u00e9 mercredi par Isra\u00ebl est \u00ab\u00a0inacceptable\u00a0\u00bb et repr\u00e9sente \u00ab\u00a0une violation&hellip;\n","protected":false},"author":2,"featured_media":340087,"comment_status":"","ping_status":"","sticky":false,"template":"","format":"standard","meta":{"footnotes":""},"categories":[1588],"tags":[11,23327,2486,3259,1777,674,107,665,664,12,3518,473,1853,1851,1850,1852],"class_list":{"0":"post-340086","1":"post","2":"type-post","3":"status-publish","4":"format-standard","5":"has-post-thumbnail","7":"category-royaume-uni","8":"tag-actualites","9":"tag-benjamin-netanyahu","10":"tag-cisjordanie","11":"tag-conflit-israelo-palestinien","12":"tag-eu","13":"tag-europe","14":"tag-fil-info","15":"tag-gaza","16":"tag-israel","17":"tag-news","18":"tag-palestine","19":"tag-royaume-uni","20":"tag-royaume-uni-de-grande-bretagne-et-dirlande-du-nord","21":"tag-uk","22":"tag-united-kingdom","23":"tag-united-kingdom-of-great-britain-and-northern-ireland"},"share_on_mastodon":{"url":"https:\/\/pubeurope.com\/@fr\/115082314591142553","error":""},"_links":{"self":[{"href":"https:\/\/www.europesays.com\/fr\/wp-json\/wp\/v2\/posts\/340086","targetHints":{"allow":["GET"]}}],"collection":[{"href":"https:\/\/www.europesays.com\/fr\/wp-json\/wp\/v2\/posts"}],"about":[{"href":"https:\/\/www.europesays.com\/fr\/wp-json\/wp\/v2\/types\/post"}],"author":[{"embeddable":true,"href":"https:\/\/www.europesays.com\/fr\/wp-json\/wp\/v2\/users\/2"}],"replies":[{"embeddable":true,"href":"https:\/\/www.europesays.com\/fr\/wp-json\/wp\/v2\/comments?post=340086"}],"version-history":[{"count":0,"href":"https:\/\/www.europesays.com\/fr\/wp-json\/wp\/v2\/posts\/340086\/revisions"}],"wp:featuredmedia":[{"embeddable":true,"href":"https:\/\/www.europesays.com\/fr\/wp-json\/wp\/v2\/media\/340087"}],"wp:attachment":[{"href":"https:\/\/www.europesays.com\/fr\/wp-json\/wp\/v2\/media?parent=340086"}],"wp:term":[{"taxonomy":"category","embeddable":true,"href":"https:\/\/www.europesays.com\/fr\/wp-json\/wp\/v2\/categories?post=340086"},{"taxonomy":"post_tag","embeddable":true,"href":"https:\/\/www.europesays.com\/fr\/wp-json\/wp\/v2\/tags?post=340086"}],"curies":[{"name":"wp","href":"https:\/\/api.w.org\/{rel}","templated":true}]}}