{"id":340088,"date":"2025-08-24T06:25:11","date_gmt":"2025-08-24T06:25:11","guid":{"rendered":"https:\/\/www.europesays.com\/fr\/340088\/"},"modified":"2025-08-24T06:25:11","modified_gmt":"2025-08-24T06:25:11","slug":"le-roster-de-lallemagne-un-roster-de-champions-du-monde","status":"publish","type":"post","link":"https:\/\/www.europesays.com\/fr\/340088\/","title":{"rendered":"le roster de l&rsquo;Allemagne, un roster de champions du monde"},"content":{"rendered":"<p style=\"text-align:justify\"><strong>L\u2019EuroBasket 2025, et dire qu\u2019on a h\u00e2te est au moins aussi \u00e9vident que dire que le Babybel c\u2019est d\u00e9gueulasse. Cherchez pas, vous ne lirez pas d\u2019introduction plus bizarre aujourd\u2019hui. Et pour parler de basket place \u00e0 la pr\u00e9sentation du roster de l\u2019Allemagne, ni plus ni moins que les champions du monde en titre.<\/strong><\/p>\n<p style=\"text-align:justify\">M\u00e9daill\u00e9s de bronze \u00e0 l\u2019Euro 2022, champions du monde en 2023 et quatri\u00e8mes des Jeux de Paris 2024. On ne va pas se mentir, les Allemands sont podium mondial actuellement et par cons\u00e9quent parmi les immenses favoris de cet EuroBasket 2025. Pour aller chercher le titre europ\u00e9en le nouveau coach Alex Mumbru comptera sur un effectif solide as fuck, avec comme leaders le MVP de la Coupe du Monde 2023 Dennis Schroder, le joueur du Magic Franz Wagner et l\u2019\u00e9ternel Daniel Theis, toujours incroyable quand l\u2019\u00e9t\u00e9 arrive.<\/p>\n<p>Le roster de l\u2019Allemagne<\/p>\n<ul>\n<li>Isaac Bonga, Oscar Da Silva, Tristan Da Silva, Justus Hollatz, Leon Kratzer, Maodo Lo, Andreas Obst, Dennis Schroder, Daniel Theis, Johannes Thiemann, Johannes Voigtmann, Franz Wagner<\/li>\n<\/ul>\n<p style=\"text-align:justify\">Les Allemands auront de bons tests \u00e0 g\u00e9rer en poule avec des matchs face \u00e0 la Lituanie, le Montenegro ou la Finlande \u00e0 domicile, mais l\u2019objectif est clair pour Dennis la Malice et ses potes : la plus haute marche du podium europ\u00e9en.<\/p>\n","protected":false},"excerpt":{"rendered":"L\u2019EuroBasket 2025, et dire qu\u2019on a h\u00e2te est au moins aussi \u00e9vident que dire que le Babybel c\u2019est&hellip;\n","protected":false},"author":2,"featured_media":306429,"comment_status":"","ping_status":"","sticky":false,"template":"","format":"standard","meta":{"footnotes":""},"categories":[1587],"tags":[11,672,1804,1805,1803,1777,674,1801,12,1802],"class_list":{"0":"post-340088","1":"post","2":"type-post","3":"status-publish","4":"format-standard","5":"has-post-thumbnail","7":"category-allemagne","8":"tag-actualites","9":"tag-allemagne","10":"tag-bundesrepublik-deutschland","11":"tag-de","12":"tag-deutschland","13":"tag-eu","14":"tag-europe","15":"tag-germany","16":"tag-news","17":"tag-republique-federale-dallemagne"},"share_on_mastodon":{"url":"https:\/\/pubeurope.com\/@fr\/115082318604760950","error":""},"_links":{"self":[{"href":"https:\/\/www.europesays.com\/fr\/wp-json\/wp\/v2\/posts\/340088","targetHints":{"allow":["GET"]}}],"collection":[{"href":"https:\/\/www.europesays.com\/fr\/wp-json\/wp\/v2\/posts"}],"about":[{"href":"https:\/\/www.europesays.com\/fr\/wp-json\/wp\/v2\/types\/post"}],"author":[{"embeddable":true,"href":"https:\/\/www.europesays.com\/fr\/wp-json\/wp\/v2\/users\/2"}],"replies":[{"embeddable":true,"href":"https:\/\/www.europesays.com\/fr\/wp-json\/wp\/v2\/comments?post=340088"}],"version-history":[{"count":0,"href":"https:\/\/www.europesays.com\/fr\/wp-json\/wp\/v2\/posts\/340088\/revisions"}],"wp:featuredmedia":[{"embeddable":true,"href":"https:\/\/www.europesays.com\/fr\/wp-json\/wp\/v2\/media\/306429"}],"wp:attachment":[{"href":"https:\/\/www.europesays.com\/fr\/wp-json\/wp\/v2\/media?parent=340088"}],"wp:term":[{"taxonomy":"category","embeddable":true,"href":"https:\/\/www.europesays.com\/fr\/wp-json\/wp\/v2\/categories?post=340088"},{"taxonomy":"post_tag","embeddable":true,"href":"https:\/\/www.europesays.com\/fr\/wp-json\/wp\/v2\/tags?post=340088"}],"curies":[{"name":"wp","href":"https:\/\/api.w.org\/{rel}","templated":true}]}}