{"id":340091,"date":"2025-08-24T06:27:14","date_gmt":"2025-08-24T06:27:14","guid":{"rendered":"https:\/\/www.europesays.com\/fr\/340091\/"},"modified":"2025-08-24T06:27:14","modified_gmt":"2025-08-24T06:27:14","slug":"lunion-europeenne-ne-sest-pas-mobilisee-pour-nous-defendre","status":"publish","type":"post","link":"https:\/\/www.europesays.com\/fr\/340091\/","title":{"rendered":"\u00ab\u00a0L\u2019Union europ\u00e9enne ne s\u2019est pas mobilis\u00e9e pour nous d\u00e9fendre\u00a0\u00bb"},"content":{"rendered":"<p class=\"question\">La Croix\u00a0: Apr\u00e8s une p\u00e9riode de flou, l\u2019Union europ\u00e9enne (UE) et l\u2019administration Trump ont annonc\u00e9 que les exportateurs de vins et spiritueux ne b\u00e9n\u00e9ficieraient pas d\u2019exemption et s\u2019acquitteraient donc de 15\u00a0% de droits de douane aux \u00c9tats-Unis. Comment r\u00e9agissez-vous\u00a0?<\/p>\n<p><b>Jean-Marie Fabre<\/b>\u00a0: C\u2019est la confirmation de ce qui se dessinait depuis trois semaines et l\u2019accord sign\u00e9 entre l\u2019UE et les \u00c9tats-Unis. Les n\u00e9gociateurs europ\u00e9ens semblent se satisfaire des 15\u00a0% de droits de douane. Mais pour un secteur comme le n\u00f4tre, les vins et spiritueux, qui r\u00e9alise presque un quart de ses exportations aux \u00c9tats-Unis, cela reste une stup\u00e9faction. D\u2019ailleurs, nous avons des doutes quant \u00e0 la v\u00e9ritable mobilisation de l\u2019UE pour nous d\u00e9fendre et nous exempter de taxes douani\u00e8res, comme on le r\u00e9clamait. Je ne dirais pas que nous avons \u00e9t\u00e9 sacrifi\u00e9s dans les n\u00e9gociations, mais l\u2019UE a d\u2019abord cherch\u00e9 \u00e0 obtenir des choses pour les industries automobile, a\u00e9ronautique et pharmaceutique.<\/p>\n<p>Cet article est r\u00e9serv\u00e9 aux abonn\u00e9s<\/p>\n<p>\n                    Vous souhaitez lire la suite\u00a0? Abonnez-vous sans engagement \u00e0 notre offre num\u00e9rique\n                <\/p>\n<p>                <a href=\"https:\/\/www.la-croix.com\/abonnement\" class=\"default-paywall__subscribe-button\" data-tracking=\"cta_click\" data-tracking-action=\"voir la page abonnement\" data-tracking-category=\"abonnement\" rel=\"nofollow noopener\" target=\"_blank\">Je m&rsquo;abonne<\/a><\/p>\n","protected":false},"excerpt":{"rendered":"La Croix\u00a0: Apr\u00e8s une p\u00e9riode de flou, l\u2019Union europ\u00e9enne (UE) et l\u2019administration Trump ont annonc\u00e9 que les exportateurs&hellip;\n","protected":false},"author":2,"featured_media":340092,"comment_status":"","ping_status":"","sticky":false,"template":"","format":"standard","meta":{"footnotes":""},"categories":[1586],"tags":[11,1777,674,1779,1011,27,12,25,1778,364],"class_list":{"0":"post-340091","1":"post","2":"type-post","3":"status-publish","4":"format-standard","5":"has-post-thumbnail","7":"category-europe","8":"tag-actualites","9":"tag-eu","10":"tag-europe","11":"tag-european-union","12":"tag-fr","13":"tag-france","14":"tag-news","15":"tag-republique-francaise","16":"tag-ue","17":"tag-union-europeenne"},"share_on_mastodon":{"url":"https:\/\/pubeurope.com\/@fr\/115082326392595773","error":""},"_links":{"self":[{"href":"https:\/\/www.europesays.com\/fr\/wp-json\/wp\/v2\/posts\/340091","targetHints":{"allow":["GET"]}}],"collection":[{"href":"https:\/\/www.europesays.com\/fr\/wp-json\/wp\/v2\/posts"}],"about":[{"href":"https:\/\/www.europesays.com\/fr\/wp-json\/wp\/v2\/types\/post"}],"author":[{"embeddable":true,"href":"https:\/\/www.europesays.com\/fr\/wp-json\/wp\/v2\/users\/2"}],"replies":[{"embeddable":true,"href":"https:\/\/www.europesays.com\/fr\/wp-json\/wp\/v2\/comments?post=340091"}],"version-history":[{"count":0,"href":"https:\/\/www.europesays.com\/fr\/wp-json\/wp\/v2\/posts\/340091\/revisions"}],"wp:featuredmedia":[{"embeddable":true,"href":"https:\/\/www.europesays.com\/fr\/wp-json\/wp\/v2\/media\/340092"}],"wp:attachment":[{"href":"https:\/\/www.europesays.com\/fr\/wp-json\/wp\/v2\/media?parent=340091"}],"wp:term":[{"taxonomy":"category","embeddable":true,"href":"https:\/\/www.europesays.com\/fr\/wp-json\/wp\/v2\/categories?post=340091"},{"taxonomy":"post_tag","embeddable":true,"href":"https:\/\/www.europesays.com\/fr\/wp-json\/wp\/v2\/tags?post=340091"}],"curies":[{"name":"wp","href":"https:\/\/api.w.org\/{rel}","templated":true}]}}