{"id":340099,"date":"2025-08-24T06:31:24","date_gmt":"2025-08-24T06:31:24","guid":{"rendered":"https:\/\/www.europesays.com\/fr\/340099\/"},"modified":"2025-08-24T06:31:24","modified_gmt":"2025-08-24T06:31:24","slug":"tommy-fleetwood-entretient-son-reve-patrick-cantlay-le-rejoint-en-tete-et-fait-rejaillir-les-questions-sur-le-format-de-la-fedex-cup","status":"publish","type":"post","link":"https:\/\/www.europesays.com\/fr\/340099\/","title":{"rendered":"Tommy Fleetwood entretient son r\u00eave, Patrick Cantlay le rejoint en t\u00eate et fait rejaillir les questions sur le format de la FedEx Cup"},"content":{"rendered":"<p>\t\t\t\t\t\t<img width=\"770\" height=\"556\" src=\"https:\/\/www.europesays.com\/fr\/wp-content\/uploads\/2025\/08\/fedexcup-pga-tour-tour-championship-tommy-fleetwood-1-770x556.jpg\" class=\"img-responsive wp-post-image\" alt=\"Tommy Fleetwood Photo by Kevin C. Cox \/ GETTY IMAGES NORTH AMERICA \/ Getty Images via AFP\" decoding=\"async\" fetchpriority=\"high\"  \/>\t\t\t\t\t<\/p>\n<p>\t\t\t\t\t\t Partager cet article <\/p>\n<p class=\"screen-reader-text juiz_sps_maybe_hidden_text\">Partager la publication \u00ab\u00a0Tommy Fleetwood entretient son r\u00eave, Patrick Cantlay le rejoint en t\u00eate et fait rejaillir les questions sur le format de la FedEx Cup\u00a0\u00bb<\/p>\n<p><b>Apr\u00e8s 54 trous, impossible de pronostiquer qui remportera ce dimanche la FedEx Cup r\u00e9compensant le meilleur joueur de la saison. Toujours aussi brillant au putting, Tommy Fleetwood a r\u00e9ussi \u00e0 maintenir le cap malgr\u00e9 quelques soubresauts. Mais il partage d\u00e9sormais les commandes avec l\u2019Am\u00e9ricain Patrick Cantlay.<\/b><\/p>\n<p>\t\t\t\t\t<a id=\"181426\" href=\"https:\/\/leclub-golf.com\/fr\/green-fees?online=1&amp;utm_source=golf+planete&amp;utm_medium=referral&amp;utm_campaign=green+fee+en+ligne&amp;utm_id=green+fee+en+ligne_golf+planete_referral_banner\" target=\"_blank\" rel=\"sponsorised nofollow noopener\"><img decoding=\"async\" src=\"data:image\/svg+xml,%3Csvg%20xmlns=\" http:=\"\" class=\"img-responsive\" alt=\"\" data-lazy-src=\"https:\/\/www.europesays.com\/fr\/wp-content\/uploads\/2025\/08\/leclubgolf-e09-effet-classique-1170x275png.png\"\/><\/a><\/p>\n<p>Depuis que les points d\u2019avance octroy\u00e9s aux leaders du classement g\u00e9n\u00e9ral \u00e0 l\u2019issue de la saison r\u00e9guli\u00e8re ont \u00e9t\u00e9 retir\u00e9s de l\u2019\u00e9quation, sur d\u00e9cision du comit\u00e9 directeur au mois de mai, il est difficile d\u2019affirmer que le vainqueur \u00e0 l\u2019issue du 4e tour \u00e0 Atlanta aura m\u00e9rit\u00e9 de soulever la FedEx Cup.<\/p>\n<p>En effet, parmi les cinq joueurs qui se tiennent 4 coups apr\u00e8s trois tours, deux figuraient dans le top 5 du classement g\u00e9n\u00e9ral de la saison \u00e0 la veille du premier tour : <strong>Tommy Fleetwood <\/strong>et<strong> Scottie Scheffler.<\/strong><\/p>\n<p>\t\t\t\t\t<a id=\"180462\" href=\"https:\/\/www.makilas-golftour.com\/sejour\/makilas-agadir-2023-2-2\/\" target=\"_blank\" rel=\"sponsorised nofollow noopener\"><img decoding=\"async\" src=\"data:image\/svg+xml,%3Csvg%20xmlns=\" http:=\"\" class=\"img-responsive\" alt=\"\" data-lazy-src=\"https:\/\/www.europesays.com\/fr\/wp-content\/uploads\/2025\/07\/challengeorganisation-e01-rencontres-agadir-1170x275-1.jpeg\"\/><\/a><br \/>\nLe r\u00e9pondant de Fleetwood\u00a0<\/p>\n<p>L\u2019Anglais tient toujours la corde malgr\u00e9 un 3e tour o\u00f9 il a commis quelques erreurs. Mais contrairement \u00e0 ses cruels \u00e9checs r\u00e9cents, il a fait preuve d\u2019une belle capacit\u00e9 de rebond.<\/p>\n<p>Pour preuve les 4 birdies cons\u00e9cutifs du 5 au 8 apr\u00e8s son premier bogey du jour, puis ses deux derniers birdies sur le retour pour effacer un facheux double bogey au par 3 trou 15 (balle dans l\u2019eau).<\/p>\n<blockquote class=\"twitter-tweet\" data-media-max-width=\"560\">\n<p dir=\"ltr\" lang=\"en\">Tommy Fleetwood drains a 44-footer on 7 \u203c\ufe0f<\/p>\n<p>That\u2019s 3 straight birdies and a 2-shot lead <a href=\"https:\/\/twitter.com\/TOURChamp?ref_src=twsrc%5Etfw\" rel=\"nofollow noopener\" target=\"_blank\">@TOURChamp<\/a><\/p>\n<p>\ud83d\udcfa NBC <a href=\"https:\/\/t.co\/QlwmffZR12\" rel=\"nofollow\">pic.twitter.com\/QlwmffZR12<\/a><\/p>\n<p>\u2014 PGA TOUR (@PGATOUR) <a href=\"https:\/\/twitter.com\/PGATOUR\/status\/1959357355176435785?ref_src=twsrc%5Etfw\" rel=\"nofollow noopener\" target=\"_blank\">August 23, 2025<\/a><\/p>\n<\/blockquote>\n<p>A -16 total, le meilleur joueur europ\u00e9en du moment occupe pour la troisi\u00e8me fois de la saison la t\u00eate d\u2019un tournoi \u00e0 l\u2019aube du dernier tour. Apr\u00e8s deux terribles d\u00e9sillusions (au <a href=\"https:\/\/www.golfplanete.com\/actualites\/keegan-bradley-arrache-la-victoire-privant-tommy-fleetwood-dun-premier-sacre\/\" rel=\"nofollow noopener\" target=\"_blank\">Travelers Championship<\/a> fin juin et au <a href=\"https:\/\/www.golfplanete.com\/actualites\/rose-triomphe-aux-depens-de-spaun-au-terme-dun-final-danthologie-encore-rate-pour-fleetwood-pga-tour-fedex-cup\/\" rel=\"nofollow noopener\" target=\"_blank\">St Jude FedEx Championship<\/a> il y a 15 jours), sa r\u00e9silience force le respect.\u00a0<\/p>\n<p>\t\t\t\t\t<a id=\"179385\" href=\"https:\/\/tickets.europeantour.com\/eut\/#\/c6906933-bb43-434b-a22d-0ae172a572d4\/shop\/custom-pack?fac=EUT&amp;locale=fr&amp;skin=pgaetodf&amp;utm_campaign=ODF&amp;utm_content=Ticketing&amp;utm_medium=Web&amp;utm_source=Partner&amp;utm_term=PavonGolfPlanete\" target=\"_blank\" rel=\"sponsorised nofollow noopener\"><img decoding=\"async\" src=\"data:image\/svg+xml,%3Csvg%20xmlns=\" http:=\"\" class=\"img-responsive\" alt=\"\" data-lazy-src=\"https:\/\/www.europesays.com\/fr\/wp-content\/uploads\/2025\/07\/opendefrance-e03-plateau-1407-1170x275-1.jpg\"\/><\/a><br \/>\nCantlay l\u2019invit\u00e9 surprise<\/p>\n<p>Mais il reste encore du chemin avant de le voir inscrire pour la premi\u00e8re fois son nom au palmar\u00e8s d\u2019un tournoi du PGA Tour.<\/p>\n<p>Il faudra notamment dompter <strong>Patrick Cantlay<\/strong>, auteur d\u2019une fin de troisi\u00e8me tour remarquable avec 4 birdies en 5 trous.<\/p>\n<p>Le Californien rendu samedi son deuxi\u00e8me 64 de la semaine mais aussi de la saison (!). S\u2019il venait \u00e0 s\u2019imposer ce dimanche, son sacre aurait, il faut bien l\u2019avouer, une dr\u00f4le de saveur.<\/p>\n<p>Car le moins qu\u2019on puisse dire, c\u2019est que <a href=\"https:\/\/www.golfplanete.com\/actualites\/circuits-pros\/cantlay-eteint-rahm-et-decroche-le-pactole\/\" rel=\"nofollow noopener\" target=\"_blank\">le vainqueur de la FedEx Cup 2021 <\/a>a travers\u00e9 la saison en mode \u201cfurtif\u201d.<\/p>\n<p>Son meilleur r\u00e9sultat en 18 tournois ? <a href=\"https:\/\/www.golfplanete.com\/actualites\/pga-tour-truist-championship-sepp-straka-entre-dans-la-dimension-patron\/\" rel=\"nofollow noopener\" target=\"_blank\">Une 4e place<\/a> au <strong>Truist Championship<\/strong> en mai.<\/p>\n<p>En Majeur, Cantlay a \u00e9t\u00e9 plus que fantomatique. Il a notamment manqu\u00e9 les trois derniers cuts de ces tournois \u201c\u00e9talons\u201d.<\/p>\n<p>20e du g\u00e9n\u00e9ral avant cet ultime rendez-vous, il aurait d\u00fb entamer, selon le format en vigueur les ann\u00e9es pr\u00e9c\u00e9dentes, <a href=\"https:\/\/www.golfplanete.com\/actualites\/circuits-pros\/cantlay-juge-criminel-le-format-actuel-du-tour-championship\/\" rel=\"nofollow noopener\" target=\"_blank\">qu\u2019il jugeait \u201dcriminel\u201d<\/a>, 5 coups derri\u00e8re Fleetwood et 10 coups derri\u00e8re Scheffler.<\/p>\n<p>Quoi qu\u2019il en soit, sa performance cette semaine lui permet de se rappeler au bon souvenir de <strong>Keegan Bradley<\/strong> qui devait certainement commencer \u00e0 douter s\u00e9rieusement de son utilit\u00e9 pour la Ryder Cup dans 5 semaines \u00e0 Bethpage (New-York).<\/p>\n<p>\t\t\t\t\t<a id=\"174987\" href=\"https:\/\/www.sudfrancegolf.com\/fr\/\" target=\"_blank\" rel=\"sponsorised nofollow noopener\"><img decoding=\"async\" src=\"data:image\/svg+xml,%3Csvg%20xmlns=\" http:=\"\" class=\"img-responsive\" alt=\"\" data-lazy-src=\"https:\/\/www.europesays.com\/fr\/wp-content\/uploads\/2025\/06\/giesudfrancegolf-e02-egolf-pass-2025-v2-1170x275-1.gif\"\/><\/a><br \/>\nScheffler n\u2019a pas abdiqu\u00e9<\/p>\n<p>Malgr\u00e9 un d\u00e9part poussif sanctionn\u00e9 par deux bogeys sur les deux premiers trous (cela ne lui \u00e9tait plus arriv\u00e9 depuis le 1er tour du PGA Championship\u2026 2023), l\u2019actuel leader de la FedEx et tenant du titre n\u2019a pas abandonn\u00e9 l\u2019id\u00e9e de se succ\u00e9der \u00e0 lui-m\u00eame dimanche. Scottie Scheffler, l\u2019incontestable meilleur joueur du monde et de la saison avec 5 victoires a fait preuve de plus de patience que la veille. Sans s\u2019agacer, il a enregistr\u00e9 4 birdies sur les 6 trous suivants.<\/p>\n<\/p>\n<p>Pas en r\u00e9ussite au putting, malgr\u00e9 un grand jeu toujours aussi impressionnant, il a d\u00fb se contenter d\u2019un retour en 33, frustrant mais synonyme de 20e carte cons\u00e9cutive sous les 70 (il n\u2019est plus qu\u2019\u00e0 un score dans les 60 du record de Cantlay).<\/p>\n<p>Cinqui\u00e8me \u00e0 4 coups de la t\u00eate il peut surtout continuer \u00e0 r\u00eaver \u00e0 un doubl\u00e9 plus que m\u00e9rit\u00e9.<\/p>\n<p>\t\t\t\t\t<a id=\"182585\" href=\"https:\/\/www.golfcapdagde.com\/\" target=\"_blank\" rel=\"sponsorised nofollow noopener\"><img decoding=\"async\" src=\"data:image\/svg+xml,%3Csvg%20xmlns=\" http:=\"\" class=\"img-responsive\" alt=\"\" data-lazy-src=\"https:\/\/www.europesays.com\/fr\/wp-content\/uploads\/2025\/06\/capdagdegolf-e01-experience-golf-1170x275-1.gif\"\/><\/a><br \/>\nLes meilleurs coups du 3e tour<\/p>\n<p>\t\t\t\t<img loading=\"lazy\" decoding=\"async\" src=\"data:image\/svg+xml,%3Csvg%20xmlns=\" http:=\"\" attributionsrc=\"\" border=\"0\" height=\"1\" width=\"1\" alt=\"Advertisement\" data-lazy-src=\"https:\/\/www.europesays.com\/fr\/wp-content\/uploads\/2025\/05\/B33047934.421787844;dc_trk_aid=614154864;dc_trk_cid=235296214;ord=[timestamp];dc_lat=;dc_rdid=;tag_f.gif\"\/><\/p>\n<p>\t\t\t\t\t<a id=\"173261\" href=\"https:\/\/ad.doubleclick.net\/ddm\/trackclk\/N1153799.3770024GOLFPLANATE\/B33047934.421787844;dc_trk_aid=614154864;dc_trk_cid=235296214;dc_lat=;dc_rdid=;tag_for_child_directed_treatment=;tfua=;gdpr=${GDPR};gdpr_consent=${GDPR_CONSENT_755};ltd=;dc_tdv=1\" target=\"_blank\" rel=\"sponsorised nofollow noopener\"><img decoding=\"async\" src=\"data:image\/svg+xml,%3Csvg%20xmlns=\" http:=\"\" class=\"img-responsive\" alt=\"\" data-lazy-src=\"https:\/\/www.europesays.com\/fr\/wp-content\/uploads\/2025\/05\/callaway-e03-aione-square2square-1170x275-1.jpg\"\/><\/a><br \/>\nLe classement<\/p>\n<p><img loading=\"lazy\" decoding=\"async\" class=\"alignnone wp-image-183135 size-image-largeur-770\" src=\"data:image\/svg+xml,%3Csvg%20xmlns=\" http:=\"\" alt=\"leadearboard\" width=\"770\" height=\"1100\" data-lazy- data-lazy- data-lazy-src=\"https:\/\/www.europesays.com\/fr\/wp-content\/uploads\/2025\/08\/capture-2025-08-24-a-05.08.17-770x1100.jpg\"\/><\/p>\n<p>Photo : Jared C. Tilton \/ GETTY IMAGES NORTH AMERICA \/ Getty Images via AFP<\/p>\n<p>\t\t\t<script async src=\"https:\/\/platform.twitter.com\/widgets.js\" charset=\"utf-8\"><\/script><\/p>\n","protected":false},"excerpt":{"rendered":"Partager cet article Partager la publication \u00ab\u00a0Tommy Fleetwood entretient son r\u00eave, Patrick Cantlay le rejoint en t\u00eate et&hellip;\n","protected":false},"author":2,"featured_media":340100,"comment_status":"","ping_status":"","sticky":false,"template":"","format":"standard","meta":{"footnotes":""},"categories":[1418],"tags":[1011,27,1472,60],"class_list":{"0":"post-340099","1":"post","2":"type-post","3":"status-publish","4":"format-standard","5":"has-post-thumbnail","7":"category-golf","8":"tag-fr","9":"tag-france","10":"tag-golf","11":"tag-sports"},"share_on_mastodon":{"url":"https:\/\/pubeurope.com\/@fr\/115082342104342063","error":""},"_links":{"self":[{"href":"https:\/\/www.europesays.com\/fr\/wp-json\/wp\/v2\/posts\/340099","targetHints":{"allow":["GET"]}}],"collection":[{"href":"https:\/\/www.europesays.com\/fr\/wp-json\/wp\/v2\/posts"}],"about":[{"href":"https:\/\/www.europesays.com\/fr\/wp-json\/wp\/v2\/types\/post"}],"author":[{"embeddable":true,"href":"https:\/\/www.europesays.com\/fr\/wp-json\/wp\/v2\/users\/2"}],"replies":[{"embeddable":true,"href":"https:\/\/www.europesays.com\/fr\/wp-json\/wp\/v2\/comments?post=340099"}],"version-history":[{"count":0,"href":"https:\/\/www.europesays.com\/fr\/wp-json\/wp\/v2\/posts\/340099\/revisions"}],"wp:featuredmedia":[{"embeddable":true,"href":"https:\/\/www.europesays.com\/fr\/wp-json\/wp\/v2\/media\/340100"}],"wp:attachment":[{"href":"https:\/\/www.europesays.com\/fr\/wp-json\/wp\/v2\/media?parent=340099"}],"wp:term":[{"taxonomy":"category","embeddable":true,"href":"https:\/\/www.europesays.com\/fr\/wp-json\/wp\/v2\/categories?post=340099"},{"taxonomy":"post_tag","embeddable":true,"href":"https:\/\/www.europesays.com\/fr\/wp-json\/wp\/v2\/tags?post=340099"}],"curies":[{"name":"wp","href":"https:\/\/api.w.org\/{rel}","templated":true}]}}