{"id":340101,"date":"2025-08-24T06:33:15","date_gmt":"2025-08-24T06:33:15","guid":{"rendered":"https:\/\/www.europesays.com\/fr\/340101\/"},"modified":"2025-08-24T06:33:15","modified_gmt":"2025-08-24T06:33:15","slug":"pierre-mignoni-confirme-la-blessure-de-clovis-le-bail","status":"publish","type":"post","link":"https:\/\/www.europesays.com\/fr\/340101\/","title":{"rendered":"Pierre Mignoni confirme la blessure de Clovis Le Bail !"},"content":{"rendered":"<p>Ce vendredi soir, le Rugby Club Toulonnais s\u2019est inclin\u00e9 contre Perpignan, au Stade Aim\u00e9-Giral, \u00e0 l\u2019occasion d\u2019un match amical de pr\u00e9saison.<\/p>\n<p>Les Varois se sont lourdement inclin\u00e9s sur le score de 50 \u00e0 19.<\/p>\n<p>En plus de cette lourde d\u00e9faite, le RCT va rentrer sur les bords de la Rade\u2026 avec un bless\u00e9.<\/p>\n<p>En effet, le demi-de-m\u00eal\u00e9e Clovis Le Bail, arriv\u00e9 \u00e0 Toulon cet \u00e9t\u00e9, s\u2019est bless\u00e9 \u00e0 un pied.<\/p>\n<p>Celui-ci a \u00e9t\u00e9 contraint de quitter le terrain \u00e0 la 18\u00e8me minute de jeu.<\/p>\n<p>Interrog\u00e9 via Var-matin, le manager Toulonnais Pierre Mignoni a indiqu\u00e9 avoir une pens\u00e9e pour son joueur qui va passer des examens m\u00e9dicaux.<\/p>\n<p><strong>A lire ci-dessous :<\/strong><\/p>\n<p>\u00ab\u00a0On ne connait pas encore le verdict mais il est touch\u00e9 au niveau du pied et il va devoir passer des examens tr\u00e8s vite. On a une pens\u00e9e pour lui.\u00a0\u00bb<\/p>\n<p>Sauf miracle, Clovis Le Bail ne devrait pas \u00eatre en mesure de d\u00e9buter la saison avec le Rugby Club Toulonnais, d\u00e9but septembre.<\/p>\n<p><strong>Affaire \u00e0 suivre\u2026<\/strong><\/p>\n","protected":false},"excerpt":{"rendered":"Ce vendredi soir, le Rugby Club Toulonnais s\u2019est inclin\u00e9 contre Perpignan, au Stade Aim\u00e9-Giral, \u00e0 l\u2019occasion d\u2019un match&hellip;\n","protected":false},"author":2,"featured_media":340102,"comment_status":"","ping_status":"","sticky":false,"template":"","format":"standard","meta":{"footnotes":""},"categories":[1416],"tags":[1011,27,479,1468,60],"class_list":{"0":"post-340101","1":"post","2":"type-post","3":"status-publish","4":"format-standard","5":"has-post-thumbnail","7":"category-rugby","8":"tag-fr","9":"tag-france","10":"tag-rugby","11":"tag-rugby-football","12":"tag-sports"},"share_on_mastodon":{"url":"https:\/\/pubeurope.com\/@fr\/115082349992582464","error":""},"_links":{"self":[{"href":"https:\/\/www.europesays.com\/fr\/wp-json\/wp\/v2\/posts\/340101","targetHints":{"allow":["GET"]}}],"collection":[{"href":"https:\/\/www.europesays.com\/fr\/wp-json\/wp\/v2\/posts"}],"about":[{"href":"https:\/\/www.europesays.com\/fr\/wp-json\/wp\/v2\/types\/post"}],"author":[{"embeddable":true,"href":"https:\/\/www.europesays.com\/fr\/wp-json\/wp\/v2\/users\/2"}],"replies":[{"embeddable":true,"href":"https:\/\/www.europesays.com\/fr\/wp-json\/wp\/v2\/comments?post=340101"}],"version-history":[{"count":0,"href":"https:\/\/www.europesays.com\/fr\/wp-json\/wp\/v2\/posts\/340101\/revisions"}],"wp:featuredmedia":[{"embeddable":true,"href":"https:\/\/www.europesays.com\/fr\/wp-json\/wp\/v2\/media\/340102"}],"wp:attachment":[{"href":"https:\/\/www.europesays.com\/fr\/wp-json\/wp\/v2\/media?parent=340101"}],"wp:term":[{"taxonomy":"category","embeddable":true,"href":"https:\/\/www.europesays.com\/fr\/wp-json\/wp\/v2\/categories?post=340101"},{"taxonomy":"post_tag","embeddable":true,"href":"https:\/\/www.europesays.com\/fr\/wp-json\/wp\/v2\/tags?post=340101"}],"curies":[{"name":"wp","href":"https:\/\/api.w.org\/{rel}","templated":true}]}}