{"id":340104,"date":"2025-08-24T06:36:19","date_gmt":"2025-08-24T06:36:19","guid":{"rendered":"https:\/\/www.europesays.com\/fr\/340104\/"},"modified":"2025-08-24T06:36:19","modified_gmt":"2025-08-24T06:36:19","slug":"bastianini-sanctionne-pour-avoir-percute-zarco-au-balaton-park","status":"publish","type":"post","link":"https:\/\/www.europesays.com\/fr\/340104\/","title":{"rendered":"Bastianini sanctionn\u00e9 pour avoir percut\u00e9 Zarco au Balaton Park"},"content":{"rendered":"<p><a href=\"https:\/\/fr.motorsport.com\/driver\/enea-bastianini\/109398\/\" target=\"_blank\" rel=\"noopener nofollow\">Enea Bastianini<\/a> p\u00e9nalis\u00e9 \u00e0 son tour\u00a0! <a href=\"https:\/\/fr.motorsport.com\/driver\/fabio-quartararo\/109400\/\" target=\"_blank\" rel=\"noopener nofollow\">Fabio Quartararo<\/a> a re\u00e7u un <a href=\"https:\/\/fr.motorsport.com\/motogp\/news\/penalite-long-lap-definition-fonctionnement-explications\/6516270\/\" rel=\"nofollow noopener\" target=\"_blank\">long-lap<\/a> pour avoir percut\u00e9 l&rsquo;Italien au d\u00e9part du sprint au Balaton Park, mais quelques virages plus loin, c&rsquo;est Bastianini qui a provoqu\u00e9 un accrochage, en percutant violemment <a href=\"https:\/\/fr.motorsport.com\/driver\/johann-zarco\/96107\/\" target=\"_blank\" rel=\"noopener nofollow\">Johann Zarco<\/a>, ce qui a entra\u00een\u00e9 leurs deux abandons.<\/p>\n<p>Lire aussi :<\/p>\n<p>Les commissaires de course reprochent \u00e0 Bastianini \u00ab\u00a0une man\u0153uvre qui a cr\u00e9\u00e9 une situation dangereuse pour plusieurs pilotes et\/ou un accrochage\u00a0\u00bb. Puisqu&rsquo;il s&rsquo;agit de sa seconde infraction de la sorte cette ann\u00e9e, apr\u00e8s une man\u0153uvre sur <a href=\"https:\/\/fr.motorsport.com\/driver\/jack-miller\/96423\/\" target=\"_blank\" rel=\"noopener nofollow\">Jack Miller<\/a> lors <a href=\"https:\/\/fr.motorsport.com\/motogp\/news\/bastianini-penalise-contact-miller-mans\/10721747\/\" rel=\"nofollow noopener\" target=\"_blank\">du sprint au Grand Prix de France<\/a>, il aura un double long-lap \u00e0 respecter en course.<\/p>\n<p>Avant d&rsquo;avoir connaissance de la p\u00e9nalit\u00e9, Bastianini a justifi\u00e9 l&rsquo;incident avec Zarco en \u00e9voquant des d\u00e9g\u00e2ts sur sa KTM, cons\u00e9quence du premier contact avec Quartararo. \u00ab\u00a0J&rsquo;ai essay\u00e9 de continuer la course mais le variateur de hauteur \u00e9tait cass\u00e9 et je suis arriv\u00e9 au virage 9 avec la moto abaiss\u00e9e\u00a0\u00bb, a-t-il expliqu\u00e9. \u00ab\u00a0J&rsquo;ai essay\u00e9 de freiner beaucoup plus t\u00f4t mais je n&rsquo;ai pas arr\u00eat\u00e9 la moto et j&rsquo;ai emport\u00e9 Johann tr\u00e8s vite. On est tomb\u00e9s.\u00a0\u00bb<\/p>\n<p>Concernant l&rsquo;incident avec Quartararo, Bastianini s&rsquo;est montr\u00e9 indulgent envers le Ni\u00e7ois\u00a0: \u00ab\u00a0Cette piste est difficile, surtout dans le premier tour pour les MotoGP. Je peux comprendre l&rsquo;erreur de Fabio. Il est venu dans mon box pour dire qu&rsquo;il \u00e9tait d\u00e9sol\u00e9 mais je sais que c&rsquo;est comme \u00e7a.\u00a0\u00bb<\/p>\n<p><img decoding=\"async\" class=\"sizer\" draggable=\"false\" src=\"data:image\/png;base64,iVBORw0KGgoAAAANSUhEUgAAABAAAAAJCAYAAAA7KqwyAAAAGXRFWHRTb2Z0d2FyZQBBZG9iZSBJbWFnZVJlYWR5ccllPAAAABpJREFUeNpi\/P\/\/PwMlgImBQjBqwLAwACDAAOVfAw9\/ZDvcAAAAAElFTkSuQmCC\" alt=\"\" loading=\"lazy\"\/><\/p>\n<p class=\"title\">VID\u00c9O &#8211; R\u00c9SUM\u00c9 : La course sprint au GP de Hongrie<\/p>\n<p>Le choc avec la roue avant de Fabio Quartararo a n\u00e9anmoins \u00e9t\u00e9 douloureux pour le pilote Tech3\u00a0: \u00ab\u00a0Pendant le contact, j&rsquo;ai eu un gros choc sur le dos donc je ne me sens pas tr\u00e8s bien mais rien n&rsquo;est cass\u00e9, \u00e7a va.\u00a0\u00bb<\/p>\n<p>Bastianini esp\u00e8re ne pas \u00eatre trop diminu\u00e9 dimanche, pour profiter de sa cinqui\u00e8me place sur la grille de d\u00e9part, sa premi\u00e8re apparition de l&rsquo;ann\u00e9e sur les trois premi\u00e8res lignes\u00a0: \u00ab\u00a0\u00c7a d\u00e9pendra un peu de mes sensations physiques demain matin. Je suis performant sur cette piste et aujourd&rsquo;hui, j&rsquo;aurais pu me battre pour le podium.\u00a0\u00bb<\/p>\n<p>\u00ab\u00a0C&rsquo;\u00e9tait mon meilleur d\u00e9part depuis le d\u00e9but de l&rsquo;ann\u00e9e. Pendant le week-end, j&rsquo;ai beaucoup travaill\u00e9 pour travailler sur \u00e7a. Il faudra essayer de prendre le m\u00eame d\u00e9part demain, mais sans aucun contact.\u00a0\u00bb<\/p>\n<p>Lire aussi :<\/p>\n<p>Dans cet article<\/p>\n<p>Soyez le premier inform\u00e9 et souscrivez aux alertes mails pour recevoir les infos en temps r\u00e9el<\/p>\n<p>    S&rsquo;abonner aux alertes de news<\/p>\n","protected":false},"excerpt":{"rendered":"Enea Bastianini p\u00e9nalis\u00e9 \u00e0 son tour\u00a0! Fabio Quartararo a re\u00e7u un long-lap pour avoir percut\u00e9 l&rsquo;Italien au d\u00e9part&hellip;\n","protected":false},"author":2,"featured_media":340105,"comment_status":"","ping_status":"","sticky":false,"template":"","format":"standard","meta":{"footnotes":""},"categories":[1413],"tags":[21747,47622,3377,1011,27,21746,1457,1456,1458,60,3374],"class_list":{"0":"post-340104","1":"post","2":"type-post","3":"status-publish","4":"format-standard","5":"has-post-thumbnail","7":"category-moto","8":"tag-balaton-park","9":"tag-bastianini-sanctionnu00e9-pour-avoir-percutu00e9-zarco-au-balaton-park","10":"tag-enea-bastianini","11":"tag-fr","12":"tag-france","13":"tag-gp-de-hongrie","14":"tag-moto","15":"tag-motocycle","16":"tag-motogp","17":"tag-sports","18":"tag-tech-3"},"share_on_mastodon":{"url":"https:\/\/pubeurope.com\/@fr\/115082361765491391","error":""},"_links":{"self":[{"href":"https:\/\/www.europesays.com\/fr\/wp-json\/wp\/v2\/posts\/340104","targetHints":{"allow":["GET"]}}],"collection":[{"href":"https:\/\/www.europesays.com\/fr\/wp-json\/wp\/v2\/posts"}],"about":[{"href":"https:\/\/www.europesays.com\/fr\/wp-json\/wp\/v2\/types\/post"}],"author":[{"embeddable":true,"href":"https:\/\/www.europesays.com\/fr\/wp-json\/wp\/v2\/users\/2"}],"replies":[{"embeddable":true,"href":"https:\/\/www.europesays.com\/fr\/wp-json\/wp\/v2\/comments?post=340104"}],"version-history":[{"count":0,"href":"https:\/\/www.europesays.com\/fr\/wp-json\/wp\/v2\/posts\/340104\/revisions"}],"wp:featuredmedia":[{"embeddable":true,"href":"https:\/\/www.europesays.com\/fr\/wp-json\/wp\/v2\/media\/340105"}],"wp:attachment":[{"href":"https:\/\/www.europesays.com\/fr\/wp-json\/wp\/v2\/media?parent=340104"}],"wp:term":[{"taxonomy":"category","embeddable":true,"href":"https:\/\/www.europesays.com\/fr\/wp-json\/wp\/v2\/categories?post=340104"},{"taxonomy":"post_tag","embeddable":true,"href":"https:\/\/www.europesays.com\/fr\/wp-json\/wp\/v2\/tags?post=340104"}],"curies":[{"name":"wp","href":"https:\/\/api.w.org\/{rel}","templated":true}]}}