{"id":340110,"date":"2025-08-24T06:39:12","date_gmt":"2025-08-24T06:39:12","guid":{"rendered":"https:\/\/www.europesays.com\/fr\/340110\/"},"modified":"2025-08-24T06:39:12","modified_gmt":"2025-08-24T06:39:12","slug":"le-mercato-de-lol-nest-pas-encore-fini","status":"publish","type":"post","link":"https:\/\/www.europesays.com\/fr\/340110\/","title":{"rendered":"Le mercato de l&rsquo;OL n&rsquo;est pas encore fini"},"content":{"rendered":"<p>                            <img width=\"770\" height=\"433\" src=\"https:\/\/www.europesays.com\/fr\/wp-content\/uploads\/2025\/08\/DSC00290-e1736974891303-770x433.jpg\" class=\"attachment-article size-article wp-post-image\" alt=\"Matthieu Louis-Jean, chef de la cellule de recrutement de l'OL\" decoding=\"async\" fetchpriority=\"high\"  \/><\/p>\n<p>Matthieu Louis-Jean, chef de la cellule de recrutement de l\u2019OL (cr\u00e9dit : Anthony Ravas \/ O&amp;L)<\/p>\n<p>Vainqueur du FC Metz (3-0) ce samedi, l&rsquo;OL a parfaitement entam\u00e9 sa saison en Ligue 1. Il ne lui reste plus qu&rsquo;\u00e0 passer cette derni\u00e8re semaine de mercato sans encombre pour vivre un \u00e9t\u00e9 que peu de personnes n&rsquo;osaient imaginer.<\/p>\n<p><strong>Une victoire \u00e0 Lens et une <a href=\"https:\/\/www.olympique-et-lyonnais.com\/lol-fait-le-metier-face-au-fc-metz-et-prend-la-tete,376911.html\" target=\"_blank\" rel=\"noopener\">victoire<\/a> contre Metz. Ce d\u00e9but de saison de l&rsquo;OL est r\u00e9ussi et valide aussi les orientations de recrutement&#8230;<\/strong><\/p>\n<p><strong>Matthieu Louis-Jean :<\/strong>\u00a0Bien s\u00fbr, on est tr\u00e8s contents du collectif.\u00a0On a voulu travailler aussi sur la coh\u00e9sion, sur la mentalit\u00e9.\u00a0Les joueurs qui sont arriv\u00e9s se sont int\u00e9gr\u00e9s tr\u00e8s vite. On l&rsquo;a vu avec Tyler (<strong>Morton<\/strong>), qui est l\u00e0 depuis quelques semaines et est d\u00e9j\u00e0 compl\u00e8tement assimil\u00e9 au projet de jeu du coach.\u00a0Et les entrants, pareil, font le job.\u00a0On a vu ce (samedi) soir Pavel (<strong>Sulc<\/strong>), qui a fait une passe d\u00e9cisive, et Adam (<strong>Karabec<\/strong>) qui a marqu\u00e9. Donc, on est contents des arriv\u00e9es, mais aussi contents de la base de joueurs qui sont rest\u00e9s aussi.\u00a0Parce que voil\u00e0, on est dans la continuit\u00e9.\u00a0On est tr\u00e8s satisfaits de ce qu&rsquo;il se passe sur le terrain.<\/p>\n<p><strong>Ce (samedi) soir encore, Malick Fofana a \u00e9t\u00e9 le facteur X. Il faut imp\u00e9rativement le garder ?<\/strong><\/p>\n<p>Malick est un tr\u00e8s tr\u00e8s tr\u00e8s bon joueur.\u00a0Donc voil\u00e0, on est contents qu&rsquo;il soit chez nous.<\/p>\n<p>\u00ab\u00a0L&rsquo;id\u00e9e est de se positionner sur un joueur offensif\u00a0\u00bb<\/p>\n<p><strong>On va \u00eatre dans la derni\u00e8re semaine du mercato.\u00a0Est-ce qu&rsquo;il faut s&rsquo;attendre \u00e0 des mouvements entrants ou sortants \u00e0 l&rsquo;OL ?<\/strong><\/p>\n<p>Ce que je peux dire, c&rsquo;est qu&rsquo;on n&rsquo;a pas fini notre mercato, \u00e7a clairement, que ce soit dans les entr\u00e9es ou les sorties.\u00a0Donc voil\u00e0, \u00e7a va \u00eatre une longue semaine, la semaine prochaine.\u00a0Et ce qu&rsquo;on veut, c&rsquo;est avoir l&rsquo;\u00e9quipe la plus comp\u00e9titive pour jouer deux, trois comp\u00e9titions cette saison. Et que Paulo ait l&rsquo;\u00e9quipe la plus comp\u00e9titive possible.<\/p>\n<p><strong>Offensivement, on sait qu&rsquo;il faut recruter. Mais y a-t-il une position prioritaire par rapport \u00e0 une autre ?<\/strong><\/p>\n<p>Non, je l&rsquo;ai d\u00e9j\u00e0 dit pr\u00e9c\u00e9demment, on va s\u00fbrement se positionner sur un joueur offensif encore. Je pense que pour jouer trois comp\u00e9titions cette saison, il nous faudra encore au moins un joueur offensif.\u00a0On verra comment le march\u00e9 se positionne. Mais en tout cas, oui, on sera actifs sur un poste offensif. Hors vente.<\/p>\n","protected":false},"excerpt":{"rendered":"Matthieu Louis-Jean, chef de la cellule de recrutement de l\u2019OL (cr\u00e9dit : Anthony Ravas \/ O&amp;L) Vainqueur du&hellip;\n","protected":false},"author":2,"featured_media":290538,"comment_status":"","ping_status":"","sticky":false,"template":"","format":"standard","meta":{"footnotes":""},"categories":[1410],"tags":[63,1011,27,1434,241,978,60],"class_list":{"0":"post-340110","1":"post","2":"type-post","3":"status-publish","4":"format-standard","5":"has-post-thumbnail","7":"category-football","8":"tag-football","9":"tag-fr","10":"tag-france","11":"tag-mercato","12":"tag-ol","13":"tag-olympique-lyonnais","14":"tag-sports"},"share_on_mastodon":{"url":"https:\/\/pubeurope.com\/@fr\/115082373876299131","error":""},"_links":{"self":[{"href":"https:\/\/www.europesays.com\/fr\/wp-json\/wp\/v2\/posts\/340110","targetHints":{"allow":["GET"]}}],"collection":[{"href":"https:\/\/www.europesays.com\/fr\/wp-json\/wp\/v2\/posts"}],"about":[{"href":"https:\/\/www.europesays.com\/fr\/wp-json\/wp\/v2\/types\/post"}],"author":[{"embeddable":true,"href":"https:\/\/www.europesays.com\/fr\/wp-json\/wp\/v2\/users\/2"}],"replies":[{"embeddable":true,"href":"https:\/\/www.europesays.com\/fr\/wp-json\/wp\/v2\/comments?post=340110"}],"version-history":[{"count":0,"href":"https:\/\/www.europesays.com\/fr\/wp-json\/wp\/v2\/posts\/340110\/revisions"}],"wp:featuredmedia":[{"embeddable":true,"href":"https:\/\/www.europesays.com\/fr\/wp-json\/wp\/v2\/media\/290538"}],"wp:attachment":[{"href":"https:\/\/www.europesays.com\/fr\/wp-json\/wp\/v2\/media?parent=340110"}],"wp:term":[{"taxonomy":"category","embeddable":true,"href":"https:\/\/www.europesays.com\/fr\/wp-json\/wp\/v2\/categories?post=340110"},{"taxonomy":"post_tag","embeddable":true,"href":"https:\/\/www.europesays.com\/fr\/wp-json\/wp\/v2\/tags?post=340110"}],"curies":[{"name":"wp","href":"https:\/\/api.w.org\/{rel}","templated":true}]}}