{"id":340113,"date":"2025-08-24T06:41:16","date_gmt":"2025-08-24T06:41:16","guid":{"rendered":"https:\/\/www.europesays.com\/fr\/340113\/"},"modified":"2025-08-24T06:41:16","modified_gmt":"2025-08-24T06:41:16","slug":"un-certain-banski-sinvite-a-cote-de-banksy-a-marseille-pour-le-parodier","status":"publish","type":"post","link":"https:\/\/www.europesays.com\/fr\/340113\/","title":{"rendered":"un certain \u00ab\u00a0Banski\u00a0\u00bb s\u2019invite \u00e0 c\u00f4t\u00e9 de Banksy \u00e0 Marseille pour le parodier"},"content":{"rendered":"<p>Une nouvelle \u0153uvre urbaine sign\u00e9e \u00ab\u00a0Banski\u00a0\u00bb est apparue \u00e0 Marseille, \u00e0 gauche du phare r\u00e9alis\u00e9 par Banksy fin mai 2025 rue F\u00e9lix-Fr\u00e9gier, dans le 7\u1d49 arrondissement. On y voit un gar\u00e7on d\u00e9signer le graffiti de l\u2019artiste britannique et s\u2019interroger : \u00ab\u00a0Moi aussi, ils vont me prot\u00e9ger derri\u00e8re une vitre ?\u00a0\u00bb.<\/p>\n<p>Ce dessin, revendiqu\u00e9 sur Instagram par le graffeur fran\u00e7ais Tapas Nocturne, ironise sur la protection apport\u00e9e au travail de Banksy, mis sous plexiglas en juin a<a href=\"https:\/\/www.konbini.com\/popculture\/a-marseille-le-banksy-en-forme-de-phare-sest-transforme-en-beu-teu\/\" target=\"_blank\" rel=\"noopener\">pr\u00e8s avoir \u00e9t\u00e9 vandalis\u00e9<\/a> seulement quelques jours apr\u00e8s sa d\u00e9couverte.<\/p>\n<p>Le phare de Banksy, accompagn\u00e9 de l\u2019inscription \u00ab\u00a0I want to be what you saw in me\u00a0\u00bb (\u00ab\u00a0Je veux \u00eatre ce que tu as vu en moi\u00a0\u00bb), avait \u00e9t\u00e9 recouvert de peinture violette peu apr\u00e8s sa d\u00e9couverte, puis prot\u00e9g\u00e9 par un vernis anti-graffiti. Un vigile avait m\u00eame \u00e9t\u00e9 missionn\u00e9 pour le surveiller avant l\u2019installation de la vitre.<\/p>\n<p>Tapas Nocturne a expliqu\u00e9 sa d\u00e9marche sur son compte Instagram, non sans une certaine ironie : \u00ab\u00a0Vous pensez que les bobos vont aussi le prot\u00e9ger derri\u00e8re une vitre ?\u00a0\u00bb, \u00e9crivait-il le 17 ao\u00fbt.\u00a0<\/p>\n","protected":false},"excerpt":{"rendered":"Une nouvelle \u0153uvre urbaine sign\u00e9e \u00ab\u00a0Banski\u00a0\u00bb est apparue \u00e0 Marseille, \u00e0 gauche du phare r\u00e9alis\u00e9 par Banksy fin&hellip;\n","protected":false},"author":2,"featured_media":338471,"comment_status":"","ping_status":"","sticky":false,"template":"","format":"standard","meta":{"footnotes":""},"categories":[1358],"tags":[1348,1384,1385,1386,58,59,1011,27,1970],"class_list":{"0":"post-340113","1":"post","2":"type-post","3":"status-publish","4":"format-standard","5":"has-post-thumbnail","7":"category-arts-et-design","8":"tag-arts","9":"tag-arts-and-design","10":"tag-arts-et-design","11":"tag-design","12":"tag-divertissement","13":"tag-entertainment","14":"tag-fr","15":"tag-france","16":"tag-pop-culture"},"share_on_mastodon":{"url":"https:\/\/pubeurope.com\/@fr\/115082381547038624","error":""},"_links":{"self":[{"href":"https:\/\/www.europesays.com\/fr\/wp-json\/wp\/v2\/posts\/340113","targetHints":{"allow":["GET"]}}],"collection":[{"href":"https:\/\/www.europesays.com\/fr\/wp-json\/wp\/v2\/posts"}],"about":[{"href":"https:\/\/www.europesays.com\/fr\/wp-json\/wp\/v2\/types\/post"}],"author":[{"embeddable":true,"href":"https:\/\/www.europesays.com\/fr\/wp-json\/wp\/v2\/users\/2"}],"replies":[{"embeddable":true,"href":"https:\/\/www.europesays.com\/fr\/wp-json\/wp\/v2\/comments?post=340113"}],"version-history":[{"count":0,"href":"https:\/\/www.europesays.com\/fr\/wp-json\/wp\/v2\/posts\/340113\/revisions"}],"wp:featuredmedia":[{"embeddable":true,"href":"https:\/\/www.europesays.com\/fr\/wp-json\/wp\/v2\/media\/338471"}],"wp:attachment":[{"href":"https:\/\/www.europesays.com\/fr\/wp-json\/wp\/v2\/media?parent=340113"}],"wp:term":[{"taxonomy":"category","embeddable":true,"href":"https:\/\/www.europesays.com\/fr\/wp-json\/wp\/v2\/categories?post=340113"},{"taxonomy":"post_tag","embeddable":true,"href":"https:\/\/www.europesays.com\/fr\/wp-json\/wp\/v2\/tags?post=340113"}],"curies":[{"name":"wp","href":"https:\/\/api.w.org\/{rel}","templated":true}]}}