{"id":340116,"date":"2025-08-24T06:43:27","date_gmt":"2025-08-24T06:43:27","guid":{"rendered":"https:\/\/www.europesays.com\/fr\/340116\/"},"modified":"2025-08-24T06:43:27","modified_gmt":"2025-08-24T06:43:27","slug":"cette-nouvelle-serie-tf1-est-adapte-dun-roman-de-michel-bussi","status":"publish","type":"post","link":"https:\/\/www.europesays.com\/fr\/340116\/","title":{"rendered":"Cette nouvelle s\u00e9rie TF1 est adapt\u00e9 d\u2019un roman de Michel Bussi"},"content":{"rendered":"<p itemprop=\"description\">D\u00e9couvrez une s\u00e9rie en 6 \u00e9pisodes qui<br \/>\ns\u2019annonce d\u00e9j\u00e0 comme un incontournable de la rentr\u00e9e, et de la<br \/>\nt\u00e9l\u00e9vision.<\/p>\n<p>Ces derni\u00e8res ann\u00e9es, plus que jamais, de nombreux romans \u00e0<br \/>\nsucc\u00e8s ont \u00e9t\u00e9 adapt\u00e9s sur le petit \u00e9cran. Et c\u2019est loin d\u2019\u00eatre une<br \/>\n\u00e9poque r\u00e9volue\u00a0! Que ce soient des romances, des thrillers ou<br \/>\nde la fantasy, ces histoires couch\u00e9es sur papier prennent vie,<br \/>\nnotamment sur les plateformes de streaming. Netflix est le champion<br \/>\nen la mati\u00e8re\u00a0avec la <a href=\"https:\/\/www.bibamagazine.fr\/culture\/tele-series\/fan-de-harlan-coben-voici-5-adaptations-de-ses-thrillers-a-voir-sur-netflix-448520.html\" target=\"_blank\" rel=\"noopener\"><br \/>\ncollection Harlan Coben<\/a>, <strong>La Chronique des<br \/>\nBridgerton<\/strong>, <strong>Virgin River<\/strong>,<br \/>\n<a href=\"https:\/\/www.bibamagazine.fr\/culture\/tele-series\/avec-215-millions-de-visionnage-en-10-jours-cette-serie-netflix-adaptee-dun-roman-americain-divise-les-opinions-428258.html\" target=\"_blank\" rel=\"noopener\"><br \/>\nUn couple parfait<\/a>\u2026 Prime Video et Disney+ ne sont pas<br \/>\nen reste non plus, proposant respectivement <a href=\"https:\/\/www.bibamagazine.fr\/culture\/tele-series\/avec-deux-grandes-actrices-americaines-ce-nouveau-thriller-prime-video-soffre-deja-le-haut-du-classement-471374.html\" target=\"_blank\" rel=\"noopener\"><br \/>\nComplicit\u00e9s<\/a> et <a href=\"https:\/\/www.bibamagazine.fr\/culture\/tele-series\/cette-serie-adaptee-dun-livre-dune-autrice-francaise-vaut-le-detour-et-captive-437951.html\" target=\"_blank\" rel=\"noopener\"><br \/>\nLes enfants sont rois<\/a>\u2026<\/p>\n<p>Face \u00e0 ces gros concurrents, la t\u00e9l\u00e9vision n\u2019a pas dit son<br \/>\ndernier mot. Apr\u00e8s sa <strong>collaboration avec Netflix<\/strong><br \/>\nsur l\u2019adaptation de <a href=\"https:\/\/www.bibamagazine.fr\/culture\/tele-series\/apres-tout-le-bleu-du-ciel-4-adaptations-a-regarder-sur-netflix-452325.html\" target=\"_blank\" rel=\"noopener\"><br \/>\nTout le bleu du ciel de M\u00e9lissa Da Costa<\/a>, TF1 d\u00e9voile<br \/>\n(cette fois, seul), d\u00e8s le <strong>25 ao\u00fbt 2025<\/strong>,\u00a0une<br \/>\nnouvelle s\u00e9rie tir\u00e9e d\u2019un autre roman fran\u00e7ais\u00a0:<br \/>\n<strong>Rien ne t\u2019efface de Michel Bussi<\/strong>, l\u2019une<br \/>\ndes plumes fran\u00e7aises incontournables du polar. Vous ne connaissez<br \/>\npas encore\u00a0? C\u2019est le moment de d\u00e9couvrir cette intrigue.<\/p>\n<p><strong>Que raconte Rien ne t\u2019efface de Michel<br \/>\nBussi\u00a0?<\/strong><\/p>\n<p>Paru en <strong>avril 2021<\/strong> aux \u00e9ditions Presses de la<br \/>\nCit\u00e9, Rien ne t\u2019efface est un <strong>thriller<br \/>\npsychologique et familial<\/strong> qui promet de tenir en haleine<br \/>\ndurant les 447 pages. Le lecteur suit Maddi, une m\u00e9decin basque,<br \/>\nmarqu\u00e9e par le plus grand drame auquel une m\u00e8re peut faire face.<br \/>\nC\u2019est m\u00eame pire, encore\u2026 En juin 2010, sur la plage de<br \/>\nSaint-Jean-de-Luz, son fils Esteban, \u00e2g\u00e9 de seulement 10 ans,<br \/>\n<strong>dispara\u00eet myst\u00e9rieusement<\/strong>. Aucune trace. Aucun<br \/>\nt\u00e9moin.<\/p>\n<p>On la retrouve une d\u00e9cennie plus tard. Maddi a refait sa vie,<br \/>\ntant que bien que mal. Le deuil et l\u2019incompr\u00e9hension l\u2019ont marqu\u00e9 \u00e0<br \/>\nvie. Pour \u00ab\u00a0l\u2019anniversaire\u00a0\u00bb des dix ans de la<br \/>\ndisparition d\u2019Esteban, en juin 2020, elle revient sur la plage qui<br \/>\na vu le petit gar\u00e7on pour la derni\u00e8re fois. Et l\u00e0, c\u2019est le choc.<br \/>\nElle <strong>semble voir son fils<\/strong>. \u00ab\u00a0Ou son<br \/>\njumeau parfait. Tom, un enfant de dix ans\u00a0\u00bb, explique la<br \/>\nquatri\u00e8me de couverture. Alors, Maddi quitte sa vie dans la Pays<br \/>\nbasque et part s\u2019installer en Auvergne, \u00e0 Murol pr\u00e9cis\u00e9ment o\u00f9<br \/>\nr\u00e9side ce Tom. \u00ab\u00a0Elle, si rationnelle, peut-elle croire \u00e0<br \/>\nl\u2019impossible\u00a0? Esteban serait-il devenu Tom\u00a0? L\u2019histoire<br \/>\nse r\u00e9p\u00e9terait-elle\u00a0? Tom est-il en danger\u00a0?\u00a0\u00bb<br \/>\nEntre deuil, intuition maternelle et frisson quasi fantastique,<br \/>\nMichel Bussi balade le lecteur ou la lectrice jusqu\u2019au twist<br \/>\nfinal.<\/p>\n<p>Tout ce que l\u2019on sait sur la s\u00e9rie<br \/>\nTF1<\/p>\n<p>Les fans de Michel Bussi, ou les curieux, d\u00e9couvriront la s\u00e9rie<br \/>\nTF1 au titre \u00e9ponyme \u00e0 partir du 25 ao\u00fbt 2025. Elle sera compos\u00e9e<br \/>\nde <strong>6 \u00e9pisodes de 52 minutes<\/strong> chacun qui seront<br \/>\ndiffus\u00e9s en premi\u00e8re partie de soir\u00e9e, soit \u00e0 21h10. Et seront \u00e0<br \/>\nretrouver sur la plateforme de replay. La diffusion devrait alors<br \/>\nse poursuivre jusqu\u2019au lundi 29 septembre (sauf changement de<br \/>\nplanning chez TF1). C\u00f4t\u00e9 casting, les habitu\u00e9s des programmes<br \/>\nt\u00e9l\u00e9vis\u00e9s retrouveront <strong>Gwendoline Hamon<\/strong>, t\u00eate<br \/>\nd\u2019affiche de la s\u00e9rie Cassandre sur France 3, dans le r\u00f4le<br \/>\nde Maddi. \u00c0 ses c\u00f4t\u00e9s\u00a0? Benjamin Baroche (Lazare), Giovanni<br \/>\nPucci (Esteban\/Tom), Bruno Debrandt (Nectaire), Mika\u00ebl Mittelstadt<br \/>\n(Jonas), Samy Gharbi (Dr Halawi)\u2026 Fauve Hautot est aussi au<br \/>\ncasting.<\/p>\n<p>Rien ne t\u2019efface a \u00e9t\u00e9 tourn\u00e9 directement dans les<br \/>\n<strong>paysages auvergnats<\/strong>. En grande partie dans \u00ab<br \/>\nle Puy-de-D\u00f4me, au printemps 2024 \u00bb, comme le pr\u00e9cise <a href=\"https:\/\/www.lamontagne.fr\/clermont-ferrand-63000\/loisirs\/rien-ne-t-efface-la-serie-adaptee-du-roman-de-michel-bussi-et-tournee-en-auvergne-debarque-sur-tf1_14735161\/\" target=\"_blank\" rel=\"noopener\">La Montagne<\/a>. Plus<br \/>\npr\u00e9cis\u00e9ment dans les villages de Saint-Nectaire, Murol,<br \/>\nSaint-Saturnin, autour du <a href=\"https:\/\/www.bibamagazine.fr\/lifestyle\/voyages\/exit-le-lac-de-come-ce-lac-dauvergne-unique-en-france-est-absolument-a-decouvrir-432189.html\" target=\"_blank\" rel=\"noopener\"><br \/>\nlac Pavin<\/a>\u2026 Contact\u00e9 par la r\u00e9daction du m\u00e9dia r\u00e9gional, Michel<br \/>\nBussi a confi\u00e9\u00a0: \u00ab\u00a0C\u2019est un privil\u00e8ge d\u2019\u00eatre adapt\u00e9<br \/>\nen s\u00e9rie t\u00e9l\u00e9, car elle va \u00eatre vue par des millions de<br \/>\nspectateurs.\u00a0\u00bb Ce n\u2019est pas la premi\u00e8re fois qu\u2019une des<br \/>\nhistoires de l\u2019\u00e9crivain prend vie sur le petit \u00e9cran. TF1 avait<br \/>\nd\u00e9j\u00e0 adapt\u00e9 Le temps est assassin (2016) avec Mathilde<br \/>\nSeigner, Thierry Godard et Jennifer Bartoli.<\/p>\n<p><img decoding=\"async\" src=\"https:\/\/www.europesays.com\/fr\/wp-content\/uploads\/2025\/08\/1756017807_204_hqdefault.jpg\" width=\"100%\" height=\"auto\"\/><\/p>\n","protected":false},"excerpt":{"rendered":"D\u00e9couvrez une s\u00e9rie en 6 \u00e9pisodes qui s\u2019annonce d\u00e9j\u00e0 comme un incontournable de la rentr\u00e9e, et de la&hellip;\n","protected":false},"author":2,"featured_media":340117,"comment_status":"","ping_status":"","sticky":false,"template":"","format":"standard","meta":{"footnotes":""},"categories":[1356],"tags":[58,59,1011,27,252,1364,729],"class_list":{"0":"post-340116","1":"post","2":"type-post","3":"status-publish","4":"format-standard","5":"has-post-thumbnail","7":"category-television","8":"tag-divertissement","9":"tag-entertainment","10":"tag-fr","11":"tag-france","12":"tag-television","13":"tag-tv","14":"tag-yout_video"},"share_on_mastodon":{"url":"https:\/\/pubeurope.com\/@fr\/115082389459416490","error":""},"_links":{"self":[{"href":"https:\/\/www.europesays.com\/fr\/wp-json\/wp\/v2\/posts\/340116","targetHints":{"allow":["GET"]}}],"collection":[{"href":"https:\/\/www.europesays.com\/fr\/wp-json\/wp\/v2\/posts"}],"about":[{"href":"https:\/\/www.europesays.com\/fr\/wp-json\/wp\/v2\/types\/post"}],"author":[{"embeddable":true,"href":"https:\/\/www.europesays.com\/fr\/wp-json\/wp\/v2\/users\/2"}],"replies":[{"embeddable":true,"href":"https:\/\/www.europesays.com\/fr\/wp-json\/wp\/v2\/comments?post=340116"}],"version-history":[{"count":0,"href":"https:\/\/www.europesays.com\/fr\/wp-json\/wp\/v2\/posts\/340116\/revisions"}],"wp:featuredmedia":[{"embeddable":true,"href":"https:\/\/www.europesays.com\/fr\/wp-json\/wp\/v2\/media\/340117"}],"wp:attachment":[{"href":"https:\/\/www.europesays.com\/fr\/wp-json\/wp\/v2\/media?parent=340116"}],"wp:term":[{"taxonomy":"category","embeddable":true,"href":"https:\/\/www.europesays.com\/fr\/wp-json\/wp\/v2\/categories?post=340116"},{"taxonomy":"post_tag","embeddable":true,"href":"https:\/\/www.europesays.com\/fr\/wp-json\/wp\/v2\/tags?post=340116"}],"curies":[{"name":"wp","href":"https:\/\/api.w.org\/{rel}","templated":true}]}}