{"id":340127,"date":"2025-08-24T06:49:16","date_gmt":"2025-08-24T06:49:16","guid":{"rendered":"https:\/\/www.europesays.com\/fr\/340127\/"},"modified":"2025-08-24T06:49:16","modified_gmt":"2025-08-24T06:49:16","slug":"la-nouvelle-version-16-go-de-la-liseuse-couleur-damazon-est-deja-en-forte-promotion","status":"publish","type":"post","link":"https:\/\/www.europesays.com\/fr\/340127\/","title":{"rendered":"la nouvelle version 16 Go de la liseuse couleur d&rsquo;Amazon est d\u00e9j\u00e0 en forte promotion"},"content":{"rendered":"<p>Amazon a lanc\u00e9 en juillet dernier une Kindle Colorsoft dot\u00e9e d\u2019un stockage de 16 Go, et non de 32 Go comme la premi\u00e8re version. Si son prix de d\u00e9part \u00e9tait d\u00e9j\u00e0 moins \u00e9lev\u00e9 que le mod\u00e8le pr\u00e9c\u00e9dent, il est encore plus bas actuellement sur Amazon : au lieu de 269,99 euros, la nouvelle Kindle Colorsoft est propos\u00e9e \u00e0 204,99 euros.<\/p>\n<p><a href=\"https:\/\/images.frandroid.com\/wp-content\/uploads\/2025\/07\/image-73-3.jpg\" target=\"_blank\" class=\"article-content__figure\" rel=\"nofollow noopener\"><img fetchpriority=\"high\" decoding=\"async\" loading=\"eager\" width=\"1200\" height=\"675\" src=\"https:\/\/www.europesays.com\/fr\/wp-content\/uploads\/2025\/08\/image-73-3.jpg\" alt=\"\" class=\"wp-image-2744363 wp-image wp-image\"  \/><\/a>La Kindle Colorsoft. \/\/ Source : Amazon<\/p>\n<p>Jusqu\u2019\u00e0 cet \u00e9t\u00e9, tout le monde n\u2019avait peut-\u00eatre pas le budget pour s\u2019offrir une <a href=\"https:\/\/www.frandroid.com\/produits\/liseuses\/amazon\/2375828-amazon-kindle-colorsoft\" rel=\"nofollow noopener\" target=\"_blank\">Kindle Colorsoft<\/a>, la toute premi\u00e8re liseuse d\u2019Amazon <a href=\"https:\/\/www.frandroid.com\/marques\/amazon\/2372398_voici-lamazon-kindle-colorsoft-la-celebre-liseuse-passe-enfin-a-la-couleur\" rel=\"nofollow noopener\" target=\"_blank\">\u00e9quip\u00e9e d\u2019un \u00e9cran capable d\u2019afficher les couleurs<\/a>, qui s\u2019accompagnait d\u2019un espace de stockage de 32 Go et qui \u00e9tait surtout affich\u00e9e \u00e0 300 euros. Amazon l\u2019a visiblement compris et propose, depuis le mois dernier, une <a href=\"https:\/\/www.frandroid.com\/marques\/amazon\/2744355_amazon-sort-un-kindle-couleur-moins-cher\" rel=\"nofollow noopener\" target=\"_blank\">version 16 Go nettement mois on\u00e9reuse<\/a>, que l\u2019on trouve d\u2019ores et d\u00e9j\u00e0 <a href=\"https:\/\/shop.frandroid.com\/mf91f25x\" target=\"_blank\" rel=\"noreferrer noopener affiliate nofollow\" data-gtm=\"{&quot;event&quot;:&quot;afficlic&quot;,&quot;nom_marchand&quot;:&quot;amazon_fr&quot;,&quot;nom_produit&quot;:&quot;inconnu&quot;,&quot;categorie_produit&quot;:&quot;inconnu&quot;,&quot;module_produit&quot;:&quot;editolink&quot;,&quot;position_marchand&quot;:0,&quot;texte&quot;:&quot;en-promotion-a-24&quot;,&quot;offer_url&quot;:&quot;https:\/\/shop.frandroid.com\/mf91f25x&quot;,&quot;zone&quot;:&quot;contenu-page&quot;}\">en promotion \u00e0 -24 %<\/a> sur la plateforme am\u00e9ricaine.<\/p>\n<p>Ce qu\u2019il faut savoir sur la Kindle Colorsoft<\/p>\n<ul class=\"wp-block-list\">\n<li>Une dalle e-ink en couleur de 7 pouces<\/li>\n<li>R\u00e9sistante \u00e0 l\u2019eau<\/li>\n<li>16 Go de stockage au lieu de 32 Go<\/li>\n<\/ul>\n<p>Lanc\u00e9e \u00e0 269,99 euros, la Kindle Colorsoft 16 Go est aujourd\u2019hui <a href=\"https:\/\/shop.frandroid.com\/mf91f25x\" target=\"_blank\" rel=\"noreferrer noopener affiliate nofollow\" data-gtm=\"{&quot;event&quot;:&quot;afficlic&quot;,&quot;nom_marchand&quot;:&quot;amazon_fr&quot;,&quot;nom_produit&quot;:&quot;inconnu&quot;,&quot;categorie_produit&quot;:&quot;inconnu&quot;,&quot;module_produit&quot;:&quot;editolink&quot;,&quot;position_marchand&quot;:0,&quot;texte&quot;:&quot;disponible-en-promotion-a-204-99-euros-sur-amazon&quot;,&quot;offer_url&quot;:&quot;https:\/\/shop.frandroid.com\/mf91f25x&quot;,&quot;zone&quot;:&quot;contenu-page&quot;}\">disponible en promotion \u00e0 204,99 euros sur Amazon<\/a>.<\/p>\n<p>Si, par la suite, l\u2019offre mentionn\u00e9e dans cet article n\u2019est plus disponible, merci de jeter un coup d\u2019\u0153il ci-dessous afin de d\u00e9nicher d\u2019autres offres concernant l\u2019Amazon Kindle Colorsoft. Le tableau s\u2019actualise automatiquement. <\/p>\n<p>Toujours un \u00e9cran couleur parfait pour les BD<\/p>\n<p>Tout comme la premi\u00e8re version, la nouvelle Kindle Colorsoft est bien compacte (127,6 x 176,7 x 7,8 mm) et l\u00e9g\u00e8re, avec ses 219 g. La prise en main est agr\u00e9able, et on peut m\u00eame en profiter sans crainte pr\u00e8s de la piscine gr\u00e2ce \u00e0 sa certification IPX8. C\u00f4t\u00e9 \u00e9cran, on a droit \u00e0 une dalle e-ink de 7 pouces, qui est, sans surprise, capable d\u2019afficher les couleurs. <\/p>\n<p>Les contrastes offerts sont toujours aussi marqu\u00e9s, et la luminosit\u00e9 ainsi que la fonction antireflet sont bien confortables. Bref, les amateurs de bandes dessin\u00e9es, de mangas et de romans graphiques devraient grandement l\u2019appr\u00e9cier. On aurait tout de m\u00eame aim\u00e9 qu\u2019Amazon soit plus pr\u00e9cise sur la couverture colorim\u00e9trique de l\u2019\u00e9cran de sa liseuse.<\/p>\n<p>Quelques diff\u00e9rences avec la premi\u00e8re version<\/p>\n<p>Premi\u00e8re petite diff\u00e9rence entre les deux Kindle Colorsoft : alors que la premi\u00e8re proposait un r\u00e9glage automatique de l\u2019\u00e9clairage, la seconde impose un \u00e9clairage manuel. Un compromis facile \u00e0 accepter, en soi. En revanche, on retrouve encore la fonctionnalit\u00e9 \u00ab\u00a0Couleur de la page\u00a0\u00bb qui permet de changer la couleur de la page en noir et le texte en blanc, en l\u2019absence d\u2019un r\u00e9el mode sombre. <\/p>\n<p>Notez aussi que si certains lecteurs ont eu, par le pass\u00e9, la mauvaise surprise de d\u00e9couvrir une <a href=\"https:\/\/www.frandroid.com\/marques\/amazon\/2390316_le-premier-kindle-en-couleur-a-un-gros-probleme\" rel=\"nofollow noopener\" target=\"_blank\">bande jaun\u00e2tre dans la partie inf\u00e9rieure de la dalle<\/a>, Amazon assure que ce bug logiciel a \u00e9t\u00e9 corrig\u00e9. C\u00f4t\u00e9 stockage, c\u2019est donc un espace de 16 Go qui est mis \u00e0 disposition, et non 32 Go. Mais cela permet quand m\u00eame de stocker des milliers d\u2019e-books, rassurez-vous. <\/p>\n<p>C\u00f4t\u00e9 endurance, la marque promet une batterie capable de tenir jusqu\u2019\u00e0 8 semaines en mode hors connexion. Toutefois, certains utilisateurs ont constat\u00e9 une autonomie inf\u00e9rieure. La recharge s\u2019effectue via USB-C, et la recharge sans fil n\u2019est pas possible sur ce mod\u00e8le.<\/p>\n<p>Si vous souhaitez d\u00e9couvrir d\u2019autres mod\u00e8les d\u2019autres marques, nous vous invitons d\u00e8s maintenant \u00e0 consulter <a href=\"https:\/\/www.frandroid.com\/guide-dachat\/371603_3-des-meilleures-liseuses-pour-la-rentree\" rel=\"nofollow noopener\" target=\"_blank\">notre guide des meilleures liseuses du moment<\/a>.<\/p>\n","protected":false},"excerpt":{"rendered":"Amazon a lanc\u00e9 en juillet dernier une Kindle Colorsoft dot\u00e9e d\u2019un stockage de 16 Go, et non de&hellip;\n","protected":false},"author":2,"featured_media":340128,"comment_status":"","ping_status":"","sticky":false,"template":"","format":"standard","meta":{"footnotes":""},"categories":[7],"tags":[47628,201,1011,27,43,40,41,39,42,44],"class_list":{"0":"post-340127","1":"post","2":"type-post","3":"status-publish","4":"format-standard","5":"has-post-thumbnail","7":"category-sciences-et-technologies","8":"tag-amazon-kindle-colorsoft","9":"tag-bons-plans-amazon","10":"tag-fr","11":"tag-france","12":"tag-science","13":"tag-science-and-technology","14":"tag-sciences","15":"tag-sciences-et-technologies","16":"tag-technologies","17":"tag-technology"},"share_on_mastodon":{"url":"https:\/\/pubeurope.com\/@fr\/115082413004814098","error":""},"_links":{"self":[{"href":"https:\/\/www.europesays.com\/fr\/wp-json\/wp\/v2\/posts\/340127","targetHints":{"allow":["GET"]}}],"collection":[{"href":"https:\/\/www.europesays.com\/fr\/wp-json\/wp\/v2\/posts"}],"about":[{"href":"https:\/\/www.europesays.com\/fr\/wp-json\/wp\/v2\/types\/post"}],"author":[{"embeddable":true,"href":"https:\/\/www.europesays.com\/fr\/wp-json\/wp\/v2\/users\/2"}],"replies":[{"embeddable":true,"href":"https:\/\/www.europesays.com\/fr\/wp-json\/wp\/v2\/comments?post=340127"}],"version-history":[{"count":0,"href":"https:\/\/www.europesays.com\/fr\/wp-json\/wp\/v2\/posts\/340127\/revisions"}],"wp:featuredmedia":[{"embeddable":true,"href":"https:\/\/www.europesays.com\/fr\/wp-json\/wp\/v2\/media\/340128"}],"wp:attachment":[{"href":"https:\/\/www.europesays.com\/fr\/wp-json\/wp\/v2\/media?parent=340127"}],"wp:term":[{"taxonomy":"category","embeddable":true,"href":"https:\/\/www.europesays.com\/fr\/wp-json\/wp\/v2\/categories?post=340127"},{"taxonomy":"post_tag","embeddable":true,"href":"https:\/\/www.europesays.com\/fr\/wp-json\/wp\/v2\/tags?post=340127"}],"curies":[{"name":"wp","href":"https:\/\/api.w.org\/{rel}","templated":true}]}}