{"id":340129,"date":"2025-08-24T06:50:10","date_gmt":"2025-08-24T06:50:10","guid":{"rendered":"https:\/\/www.europesays.com\/fr\/340129\/"},"modified":"2025-08-24T06:50:10","modified_gmt":"2025-08-24T06:50:10","slug":"en-champagne-les-droits-de-douane-americains-gachent-les-vendanges","status":"publish","type":"post","link":"https:\/\/www.europesays.com\/fr\/340129\/","title":{"rendered":"En Champagne, les droits de douane am\u00e9ricains g\u00e2chent les vendanges"},"content":{"rendered":"\n<p class=\"article__paragraph article__paragraph--lf \">Des vendanges pr\u00e9coces, mais pas de record battu. A l\u2019issue du traditionnel ban des vendanges, organis\u00e9 comme chaque ann\u00e9e pour fixer la date de d\u00e9but de la r\u00e9colte, commune par commune, le calendrier officiel a \u00e9t\u00e9 publi\u00e9, mercredi 20\u00a0ao\u00fbt. Si les vignerons de Montgueux, dans l\u2019Aube, ont \u00e9t\u00e9 autoris\u00e9s \u00e0 manier le s\u00e9cateur d\u00e8s le 19\u00a0ao\u00fbt, la plupart de leurs coll\u00e8gues du prestigieux vignoble entreront en action entre le 25\u00a0et le 28\u00a0ao\u00fbt et les plus tardifs leur embo\u00eeteront le pas \u00e0 partir du 4\u00a0septembre.<\/p>\n<p>                                       Lire aussi |  <a href=\"https:\/\/www.lemonde.fr\/planete\/article\/2025\/08\/18\/en-alsace-la-recolte-du-cremant-commencera-mardi-marquant-un-record-de-precocite_6631665_3244.html\" class=\"js-article-read-also catcher--favoris__link\" data-premium=\"\" id=\"article-title-3434762\" rel=\"nofollow noopener\" target=\"_blank\">En Alsace, la r\u00e9colte du cr\u00e9mant commencera mardi, marquant un record de pr\u00e9cocit\u00e9<\/a>    <\/p>\n<p>   Lire plus tard  <\/p>\n<p class=\"article__paragraph article__paragraph--lf \">\u00ab\u00a0Sur mon exploitation, les vendanges d\u00e9buteront le 1er\u00a0septembre et dureront cinq \u00e0 six jours\u00a0\u00bb, pr\u00e9cise Maxime\u00a0Toubart, pr\u00e9sident du Syndicat g\u00e9n\u00e9ral des vignerons de la\u00a0Champagne, install\u00e9 au Breuil, dans la Marne. Il met en exergue le fait que, pour la troisi\u00e8me fois en une dizaine d\u2019ann\u00e9es, les vendanges de ce vignoble septentrional d\u00e9marrent en ao\u00fbt. Avec un record de pr\u00e9cocit\u00e9 battu en\u00a02020, alors que le coup d\u2019envoi avait \u00e9t\u00e9 donn\u00e9 le 17\u00a0ao\u00fbt. Une illustration du ph\u00e9nom\u00e8ne de r\u00e9chauffement climatique. \u00ab\u00a0Le cycle v\u00e9g\u00e9tatif de la vigne est plus court\u00a0\u00bb, constate M. Toubart.<\/p>\n<p class=\"article__paragraph article__paragraph--lf \">Pour autant, au vu de l\u2019\u00e9tat des vignes, le moral est bon. \u00ab\u00a0Nous n\u2019avons pas eu d\u2019al\u00e9as climatiques, pas de maladie, la qualit\u00e9 des raisins est superbe\u00a0\u00bb, se r\u00e9jouit Pierre-Henri Torchet, install\u00e9 en viticulture bio. Sur l\u2019exploitation familiale, situ\u00e9e \u00e0 Villenauxe-la-Grande, dans l\u2019Aube, les trente-cinq\u00a0vendangeurs employ\u00e9s pour l\u2019occasion ont commenc\u00e9 \u00e0 couper les raisins, jeudi 21\u00a0ao\u00fbt.<\/p>\n<p class=\"reading-mode-only \"><strong>Il vous reste 75.69% de cet article \u00e0 lire. La suite est r\u00e9serv\u00e9e aux abonn\u00e9s.<\/strong><\/p>\n","protected":false},"excerpt":{"rendered":"Des vendanges pr\u00e9coces, mais pas de record battu. A l\u2019issue du traditionnel ban des vendanges, organis\u00e9 comme chaque&hellip;\n","protected":false},"author":2,"featured_media":340130,"comment_status":"","ping_status":"","sticky":false,"template":"","format":"standard","meta":{"footnotes":""},"categories":[6],"tags":[35,33,34,1011,27],"class_list":{"0":"post-340129","1":"post","2":"type-post","3":"status-publish","4":"format-standard","5":"has-post-thumbnail","7":"category-economie","8":"tag-business","9":"tag-economie","10":"tag-economy","11":"tag-fr","12":"tag-france"},"share_on_mastodon":{"url":"https:\/\/pubeurope.com\/@fr\/115082416946666876","error":""},"_links":{"self":[{"href":"https:\/\/www.europesays.com\/fr\/wp-json\/wp\/v2\/posts\/340129","targetHints":{"allow":["GET"]}}],"collection":[{"href":"https:\/\/www.europesays.com\/fr\/wp-json\/wp\/v2\/posts"}],"about":[{"href":"https:\/\/www.europesays.com\/fr\/wp-json\/wp\/v2\/types\/post"}],"author":[{"embeddable":true,"href":"https:\/\/www.europesays.com\/fr\/wp-json\/wp\/v2\/users\/2"}],"replies":[{"embeddable":true,"href":"https:\/\/www.europesays.com\/fr\/wp-json\/wp\/v2\/comments?post=340129"}],"version-history":[{"count":0,"href":"https:\/\/www.europesays.com\/fr\/wp-json\/wp\/v2\/posts\/340129\/revisions"}],"wp:featuredmedia":[{"embeddable":true,"href":"https:\/\/www.europesays.com\/fr\/wp-json\/wp\/v2\/media\/340130"}],"wp:attachment":[{"href":"https:\/\/www.europesays.com\/fr\/wp-json\/wp\/v2\/media?parent=340129"}],"wp:term":[{"taxonomy":"category","embeddable":true,"href":"https:\/\/www.europesays.com\/fr\/wp-json\/wp\/v2\/categories?post=340129"},{"taxonomy":"post_tag","embeddable":true,"href":"https:\/\/www.europesays.com\/fr\/wp-json\/wp\/v2\/tags?post=340129"}],"curies":[{"name":"wp","href":"https:\/\/api.w.org\/{rel}","templated":true}]}}