{"id":340131,"date":"2025-08-24T06:51:11","date_gmt":"2025-08-24T06:51:11","guid":{"rendered":"https:\/\/www.europesays.com\/fr\/340131\/"},"modified":"2025-08-24T06:51:11","modified_gmt":"2025-08-24T06:51:11","slug":"avant-une-rencontre-du-president-sud-coreen-avec-trump-pyongyang-teste-deux-missiles","status":"publish","type":"post","link":"https:\/\/www.europesays.com\/fr\/340131\/","title":{"rendered":"Avant une rencontre du pr\u00e9sident sud-cor\u00e9en avec Trump, Pyongyang teste deux missiles"},"content":{"rendered":"<p><a href=\"https:\/\/www.20minutes.fr\/monde\/kim_jong_un\/\" target=\"_blank\" class=\"c-link c-link--is-underlined\" rel=\"nofollow noopener\">Kim Jong-un<\/a> ne joue pas la carte de l\u2019apaisement avec S\u00e9oul et Washington. Avant une rencontre du pr\u00e9sident sud-cor\u00e9en avec <a href=\"https:\/\/www.20minutes.fr\/dossier\/donald_trump\" target=\"_blank\" class=\"c-link c-link--is-underlined\" rel=\"nofollow noopener\">Donald Trump<\/a>, la <a href=\"https:\/\/www.20minutes.fr\/monde\/coree_du_nord\/\" target=\"_blank\" class=\"c-link c-link--is-underlined\" rel=\"nofollow noopener\">Cor\u00e9e du Nord<\/a> a test\u00e9 deux \u00ab\u00a0nouveaux\u00a0\u00bb missiles de d\u00e9fense a\u00e9rienne, a indiqu\u00e9 l\u2019agence nord-cor\u00e9enne KCNA ce dimanche.<\/p>\n<p>Cette annonce intervient peu apr\u00e8s une mise en garde lanc\u00e9e par Pyongyang, dot\u00e9 de l\u2019arme nucl\u00e9aire, contre le risque d\u2019une confrontation \u00ab\u00a0incontr\u00f4lable\u00a0\u00bb \u00e0 la suite de tirs de sommation mardi de l\u2019arm\u00e9e sud-cor\u00e9enne en r\u00e9ponse \u00e0 une br\u00e8ve incursion des troupes de Pyongyang. L\u2019incident frontalier a \u00e9t\u00e9 r\u00e9v\u00e9l\u00e9 par la Cor\u00e9e du Nord au premier jour d\u2019un d\u00e9placement \u00e0 l\u2019\u00e9tranger, \u00e0 Tokyo puis \u00e0 Washington lundi, du nouveau pr\u00e9sident sud-cor\u00e9en Lee Jae-myung qui tente de renouer le dialogue entre son pays et son voisin, toujours techniquement en guerre.<\/p>\n<p>Des missiles contre les drones<\/p>\n<p>Les tirs d\u2019essai, qui ont eu lieu samedi, ont d\u00e9montr\u00e9 que ces nouveaux syst\u00e8mes antimissiles nord-cor\u00e9ens avaient une \u00ab\u00a0capacit\u00e9 de combat sup\u00e9rieure\u00a0\u00bb, a rapport\u00e9 KCNA pr\u00e9cisant que le dirigeant nord-cor\u00e9en Kim Jong-un les avait supervis\u00e9s. Aucun d\u00e9tail n\u2019a par contre \u00e9t\u00e9 donn\u00e9 sur les nouveaux missiles tir\u00e9s, \u00e0 part le fait que leur \u00ab\u00a0mode de fonctionnement et de r\u00e9action repose sur une technologie unique et sp\u00e9ciale\u00a0\u00bb. \u00ab\u00a0Le tir a notamment prouv\u00e9 que les caract\u00e9ristiques technologiques de deux types de projectiles sont tout \u00e0 fait appropri\u00e9es \u00e0 la destruction de cibles a\u00e9riennes diverses\u00a0\u00bb, a ajout\u00e9 KCNA, sans pr\u00e9ciser o\u00f9 ces tests avaient \u00e9t\u00e9 men\u00e9s.<\/p>\n<\/p>\n<p>Selon Hong Min, analyste \u00e0 l\u2019Institut cor\u00e9en pour l\u2019unification nationale, \u00ab\u00a0la Cor\u00e9e du Nord renforce ses missiles de d\u00e9fense a\u00e9rienne contre les drones volant \u00e0 basse altitude et les missiles de croisi\u00e8re\u00a0\u00bb. Il estime que cela t\u00e9moigne de \u00ab\u00a0la prise de conscience par Pyongyang de la n\u00e9cessit\u00e9 de renforcer ses capacit\u00e9s [\u2026] sur la base des le\u00e7ons tir\u00e9es des combats contre les Ukrainiens\u00a0\u00bb. D\u2019apr\u00e8s des services de renseignement sud-cor\u00e9ens et occidentaux, la Cor\u00e9e du Nord avait envoy\u00e9 plus de 10.000 soldats en <a href=\"https:\/\/www.20minutes.fr\/monde\/russie\/\" target=\"_blank\" class=\"c-link c-link--is-underlined\" rel=\"nofollow noopener\">Russie<\/a> pour appuyer son invasion de l\u2019<a href=\"https:\/\/www.20minutes.fr\/monde\/ukraine\/\" target=\"_blank\" class=\"c-link c-link--is-underlined\" rel=\"nofollow noopener\">Ukraine<\/a>, ainsi que des obus d\u2019artillerie, des missiles et des syst\u00e8mes de roquettes \u00e0 longue port\u00e9e.<\/p>\n<p><a href=\"https:\/\/www.20minutes.fr\/monde\/coree_du_nord\/\" target=\"_blank\" class=\"c-link c-btn c-btn--primary\" rel=\"nofollow noopener\">Notre dossier sur la Cor\u00e9e du Nord<\/a><\/p>\n<p>Les relations entre Pyongyang et S\u00e9oul sont au plus bas depuis plusieurs ann\u00e9es, apr\u00e8s que le Nord a lanc\u00e9 une s\u00e9rie de missiles balistiques en violation des sanctions de l\u2019ONU l\u2019an dernier. Mais la tonalit\u00e9 a chang\u00e9, c\u00f4t\u00e9 sud-cor\u00e9en, depuis l\u2019\u00e9lection d\u00e9but juin de Lee Jae-myung au terme de la longue p\u00e9riode de chaos politique provoqu\u00e9e par son pr\u00e9d\u00e9cesseur Yoon Suk Yeol, qui avait bri\u00e8vement d\u00e9clar\u00e9 la loi martiale en d\u00e9cembre. Le nouveau dirigeant s\u2019est dit pr\u00eat \u00e0 un dialogue sans condition pr\u00e9alable avec Pyongyang, qui a rejet\u00e9 pour l\u2019instant ses appels au rapprochement.<\/p>\n","protected":false},"excerpt":{"rendered":"Kim Jong-un ne joue pas la carte de l\u2019apaisement avec S\u00e9oul et Washington. Avant une rencontre du pr\u00e9sident&hellip;\n","protected":false},"author":2,"featured_media":340132,"comment_status":"","ping_status":"","sticky":false,"template":"","format":"standard","meta":{"footnotes":""},"categories":[5],"tags":[47,11,13987,5640,75,73,1011,27,14,15404,3343,74,12,133,28],"class_list":{"0":"post-340131","1":"post","2":"type-post","3":"status-publish","4":"format-standard","5":"has-post-thumbnail","7":"category-international","8":"tag-actualite","9":"tag-actualites","10":"tag-coree-du-nord","11":"tag-coree-du-sud","12":"tag-donald-trump","13":"tag-etats-unis","14":"tag-fr","15":"tag-france","16":"tag-international","17":"tag-kim-jong-un","18":"tag-missile","19":"tag-monde","20":"tag-news","21":"tag-video","22":"tag-world"},"share_on_mastodon":{"url":"https:\/\/pubeurope.com\/@fr\/115082420858410186","error":""},"_links":{"self":[{"href":"https:\/\/www.europesays.com\/fr\/wp-json\/wp\/v2\/posts\/340131","targetHints":{"allow":["GET"]}}],"collection":[{"href":"https:\/\/www.europesays.com\/fr\/wp-json\/wp\/v2\/posts"}],"about":[{"href":"https:\/\/www.europesays.com\/fr\/wp-json\/wp\/v2\/types\/post"}],"author":[{"embeddable":true,"href":"https:\/\/www.europesays.com\/fr\/wp-json\/wp\/v2\/users\/2"}],"replies":[{"embeddable":true,"href":"https:\/\/www.europesays.com\/fr\/wp-json\/wp\/v2\/comments?post=340131"}],"version-history":[{"count":0,"href":"https:\/\/www.europesays.com\/fr\/wp-json\/wp\/v2\/posts\/340131\/revisions"}],"wp:featuredmedia":[{"embeddable":true,"href":"https:\/\/www.europesays.com\/fr\/wp-json\/wp\/v2\/media\/340132"}],"wp:attachment":[{"href":"https:\/\/www.europesays.com\/fr\/wp-json\/wp\/v2\/media?parent=340131"}],"wp:term":[{"taxonomy":"category","embeddable":true,"href":"https:\/\/www.europesays.com\/fr\/wp-json\/wp\/v2\/categories?post=340131"},{"taxonomy":"post_tag","embeddable":true,"href":"https:\/\/www.europesays.com\/fr\/wp-json\/wp\/v2\/tags?post=340131"}],"curies":[{"name":"wp","href":"https:\/\/api.w.org\/{rel}","templated":true}]}}