{"id":340133,"date":"2025-08-24T06:52:12","date_gmt":"2025-08-24T06:52:12","guid":{"rendered":"https:\/\/www.europesays.com\/fr\/340133\/"},"modified":"2025-08-24T06:52:12","modified_gmt":"2025-08-24T06:52:12","slug":"metropole-de-grenoble-une-voiture-chute-dans-le-drac-au-sud-de-comboire-une-jeune-femme-decedee","status":"publish","type":"post","link":"https:\/\/www.europesays.com\/fr\/340133\/","title":{"rendered":"M\u00e9tropole de Grenoble. Une voiture chute dans le Drac au sud de Comboire : une jeune femme d\u00e9c\u00e9d\u00e9e"},"content":{"rendered":"<p>Un tragique accident de la route, dont les circonstances pr\u00e9cises restent \u00e0 d\u00e9terminer, s&rsquo;est produit peu avant 2 heures dans la nuit du samedi 23 au dimanche 24 ao\u00fbt au sud de la zone commerciale de Comboire entre \u00c9chirolles et Le Pont-de-Claix.<\/p>\n<p>Ce contenu est bloqu\u00e9 car vous n&rsquo;avez pas accept\u00e9 les cookies et autres traceurs.<\/p>\n<p>En cliquant sur \u00ab J\u2019accepte \u00bb, les cookies et autres traceurs seront d\u00e9pos\u00e9s et vous pourrez visualiser les contenus  (<a href=\"\" class=\"consentModule_policy\" target=\"_blank\" title=\"Consulter la politique de protection des donn\u00e9es du fournisseur\">plus d&rsquo;informations<\/a>).<\/p>\n<p>En cliquant sur \u00ab J\u2019accepte tous les cookies \u00bb, vous autorisez des d\u00e9p\u00f4ts de cookies et autres traceurs pour le stockage de vos donn\u00e9es sur nos sites et applications \u00e0 des fins de personnalisation et de ciblage publicitaire.<\/p>\n<p class=\"consentModule_secondaryText\">Vous gardez la possibilit\u00e9 de retirer votre consentement \u00e0 tout moment en consultant notre <a href=\"https:\/\/www.ledauphine.com\/protection-des-donnees\" target=\"_blank\" title=\"Consulter notre politique de protection des donn\u00e9es\" rel=\"noopener\">politique de protection des donn\u00e9es<\/a>. <br \/>&#13;<br \/>\n            <a href=\"https:\/\/www.ledauphine.com\/faits-divers-justice\/2025\/08\/24\/javascript:Didomi.notice.show()\" class=\"consentModule_cmp\" target=\"_blank\" rel=\"noopener\">G\u00e9rer mes choix<\/a>&#13;\n        <\/p>\n<p>&#13;<br \/>\n                        J&rsquo;accepte&#13;<br \/>\n            J&rsquo;accepte tous les cookies&#13;\n        <\/p>\n<p>Un automobiliste a en effet perdu le contr\u00f4le, vraisemblablement dans le rond-point de Comboire Sud, sur la RD 269 D, et sa voiture a est sortie de la route, finissant sa course dans les eaux du Drac.<\/p>\n<p>Le conducteur, \u00e2g\u00e9 de 20 ans, est sorti de l&rsquo;habitacle et a pu rejoindre la berge avec des blessures l\u00e9g\u00e8res mais sa passag\u00e8re, une jeune femme de 19 ans rest\u00e9e dans le v\u00e9hicule immerg\u00e9, a d\u00fb en \u00eatre extraite par les sapeurs-pompiers sp\u00e9cialis\u00e9s en secours aquatique.<\/p>\n<p>Malgr\u00e9 les efforts des sauveteurs et d&rsquo;une \u00e9quipe du Samu 38 pour la r\u00e9animer, elle n&rsquo;a pas surv\u00e9cu.<\/p>\n","protected":false},"excerpt":{"rendered":"Un tragique accident de la route, dont les circonstances pr\u00e9cises restent \u00e0 d\u00e9terminer, s&rsquo;est produit peu avant 2&hellip;\n","protected":false},"author":2,"featured_media":340134,"comment_status":"","ping_status":"","sticky":false,"template":"","format":"standard","meta":{"footnotes":""},"categories":[4],"tags":[119,11,9852,112,113,274,107,1011,27,108,3294,12,25],"class_list":{"0":"post-340133","1":"post","2":"type-post","3":"status-publish","4":"format-standard","5":"has-post-thumbnail","7":"category-france","8":"tag-accident","9":"tag-actualites","10":"tag-echirolles","11":"tag-edition-grenoble-agglomeration","12":"tag-edition-gresivaudan-oisans","13":"tag-faits-divers-justice","14":"tag-fil-info","15":"tag-fr","16":"tag-france","17":"tag-isere","18":"tag-le-pont-de-claix","19":"tag-news","20":"tag-republique-francaise"},"share_on_mastodon":{"url":"https:\/\/pubeurope.com\/@fr\/115082424701633636","error":""},"_links":{"self":[{"href":"https:\/\/www.europesays.com\/fr\/wp-json\/wp\/v2\/posts\/340133","targetHints":{"allow":["GET"]}}],"collection":[{"href":"https:\/\/www.europesays.com\/fr\/wp-json\/wp\/v2\/posts"}],"about":[{"href":"https:\/\/www.europesays.com\/fr\/wp-json\/wp\/v2\/types\/post"}],"author":[{"embeddable":true,"href":"https:\/\/www.europesays.com\/fr\/wp-json\/wp\/v2\/users\/2"}],"replies":[{"embeddable":true,"href":"https:\/\/www.europesays.com\/fr\/wp-json\/wp\/v2\/comments?post=340133"}],"version-history":[{"count":0,"href":"https:\/\/www.europesays.com\/fr\/wp-json\/wp\/v2\/posts\/340133\/revisions"}],"wp:featuredmedia":[{"embeddable":true,"href":"https:\/\/www.europesays.com\/fr\/wp-json\/wp\/v2\/media\/340134"}],"wp:attachment":[{"href":"https:\/\/www.europesays.com\/fr\/wp-json\/wp\/v2\/media?parent=340133"}],"wp:term":[{"taxonomy":"category","embeddable":true,"href":"https:\/\/www.europesays.com\/fr\/wp-json\/wp\/v2\/categories?post=340133"},{"taxonomy":"post_tag","embeddable":true,"href":"https:\/\/www.europesays.com\/fr\/wp-json\/wp\/v2\/tags?post=340133"}],"curies":[{"name":"wp","href":"https:\/\/api.w.org\/{rel}","templated":true}]}}