{"id":340135,"date":"2025-08-24T06:53:17","date_gmt":"2025-08-24T06:53:17","guid":{"rendered":"https:\/\/www.europesays.com\/fr\/340135\/"},"modified":"2025-08-24T06:53:17","modified_gmt":"2025-08-24T06:53:17","slug":"om-paris-fc-5-2-auba-en-heros-vaz-au-culot-decouvrez-les-notes-des-olympiens-la-provence","status":"publish","type":"post","link":"https:\/\/www.europesays.com\/fr\/340135\/","title":{"rendered":"OM-Paris FC (5-2) : &quot;Auba&quot; en h\u00e9ros, Vaz au culot, d\u00e9couvrez les notes des Olympiens &#8211; La Provence"},"content":{"rendered":"<ol>\n<li><a href=\"https:\/\/news.google.com\/rss\/articles\/CBMiyAFBVV95cUxPcEUzbDhiLWk2S2tDRE1vU3VfWEdia3ZIeWZKZ21VNk9aaE1iQTh3cVdBazJHWVB5a0N2STFNQmpBRDY0dVRBTkZoNHdPYW9yaEpxSHNteUk4YVRWM2cyZTBtRjljRDJkN0h1cVl3NG1OaXJLWGpGWVh0anpOU2dsWm5na0QzUTV5MmhEbE9GMTZGdzk4aW5UemRoYmJXWXRmZldLbDlIRDJUM2pWSEUyZWFsRzhTTUVxdkhpZjl3dl9SRmFadTZZWA?oc=5\" target=\"_blank\" rel=\"noopener\">OM-Paris FC (5-2) : \u00ab\u00a0Auba\u00a0\u00bb en h\u00e9ros, Vaz au culot, d\u00e9couvrez les notes des Olympiens<\/a>&nbsp;&nbsp;La Provence<\/li>\n<li><a href=\"https:\/\/news.google.com\/rss\/articles\/CBMiiAJBVV95cUxPTUhBNGxOUnkzalc3aENsRTF1eVJFVmMwWnBvMkdmcEhSbzZYNGY1aGlpWGpFaVNKZzlLaEZKU3F2aFVmWnpKcWkwNHkzOHp6Vmp1bnF3cm9IbGRGa1U1WkJjR1FhalE2eTJZTmR2SXhzNHc0bG91NWVKZ2lpeDVOejUzM3d0a0JmTk1SdndmSGtFZTVaOS01NlJJa1J1Q0JlaF9iMkRHQjVmUThVa0lCa0t4WEZNcVJXbUNqcVEzYTJGdHhwTmpRTUJOeHZ2MnpPMmxCUWdPd25Fd3Q4dEs2UXAtaGNncXJSX3pkMG0yYzk5cEJaMWRpb0tfcUo5bEZXTXhEYUJzRjA?oc=5\" target=\"_blank\" rel=\"noopener\">\u00ab\u00a0Classe mondiale\u00a0\u00bb : Aubameyang, le retour du patron<\/a>&nbsp;&nbsp;Eurosport<\/li>\n<li><a href=\"https:\/\/news.google.com\/rss\/articles\/CBMi5gFBVV95cUxNcHVpdlNTdTdQYk9Hbm9qbWZoa0ttWFdnRHEwWW85ZFJYNWZ3eEJUbjNFXzFGczVVdkxDMzBzUGRfZjBGdHVDZG1vb3c0STlHdTNJNVVRRjZUcWkzZWRsRE56ZUsxTWI4UWw2bXYxUWFIdzV4LTZ1bWRGaWNyM2lOT3VmWlZaLWJyUDNMNGVvT0tUdWxDY2xXUklyUXF0Y3ByOW1OX2N2UUltalRfSzM0VGx2aHZsNllXaEl6aktwR3ZiMU1JdTJLSzNZLWw3QVBaLWdPRkhSemlzeWxjUVlRMTZVM1JGdw?oc=5\" target=\"_blank\" rel=\"noopener\">Une victoire large mais des largesses en d\u00e9fense, l&rsquo;OM ne s&rsquo;est pas totalement remis la t\u00eate \u00e0 l&rsquo;endroit<\/a>&nbsp;&nbsp;L&rsquo;\u00c9quipe<\/li>\n<li><a href=\"https:\/\/news.google.com\/rss\/articles\/CBMi4gFBVV95cUxORWtLNXNaemkzLTVseXZsUU1lQXN4WHVFQ1p4UFVOTmRsbEVGUGl1ck83XzFoQ1hlbW9DWkhHSVVHRXRTWlktam1UZ0dDQ0VCdWFxVl9OZHVzX3ZWNlhmNGNXb09jMU5pV3UyVW9GVHkyT3NYMl9HTVdiMGJxTi12Vm52alJrOEFONm8zY2xyQkV0WGswRkkzMWIzLUtBWkVNamljc2VhdlBHaEQ2TmhBa0Rydm9kQU0zRjJiY3hTcTVzcERnX2F4aHEzTkxkWkllSHdLZXgwLUx1d3RvNmlUbnFn?oc=5\" target=\"_blank\" rel=\"noopener\">Apr\u00e8s l\u2019affaire Adrien Rabiot, l\u2019Olympique de Marseille se rassure face au Paris FC<\/a>&nbsp;&nbsp;Le Monde.fr<\/li>\n<li><a href=\"https:\/\/news.google.com\/rss\/articles\/CBMiqwFBVV95cUxQVVRoZHNpOEd2ZkhVT0ZvSEF5TDREclUyU2RNU21qUnFONm5Xck4zM1R1NElhMG16ZDcyc19EeTVpUmZKYnU2ajM2eENYRGFLcWdLSVVFanpnal8wSzFGeDM4SVhZNFdYRngxamJEMXFjZVJkQURiREFUNUFscGFzbGpVcDFHSzZMbmpxQ0kwUjRrUWlMQlRBXy1uWVVvUmkzN2wtUXFCcXVEZUk?oc=5\" target=\"_blank\" rel=\"noopener\">Bilal Nadir, Robinio Vaz\u2026 les minots sortent l\u2019OM de la crise !<\/a>&nbsp;&nbsp;Foot Mercato<\/li>\n<\/ol>\n","protected":false},"excerpt":{"rendered":"OM-Paris FC (5-2) : \u00ab\u00a0Auba\u00a0\u00bb en h\u00e9ros, Vaz au culot, d\u00e9couvrez les notes des Olympiens&nbsp;&nbsp;La Provence \u00ab\u00a0Classe mondiale\u00a0\u00bb&hellip;\n","protected":false},"author":2,"featured_media":340136,"comment_status":"","ping_status":"","sticky":false,"template":"","format":"standard","meta":{"footnotes":""},"categories":[2],"tags":[47532,17,11,47629,47631,3474,1011,27,34730,12,149,47531,47630],"class_list":{"0":"post-340135","1":"post","2":"type-post","3":"status-publish","4":"format-standard","5":"has-post-thumbnail","7":"category-actualites","8":"tag-5-2","9":"tag-17","10":"tag-actualites","11":"tag-auba","12":"tag-culot","13":"tag-decouvrez","14":"tag-fr","15":"tag-france","16":"tag-heros","17":"tag-news","18":"tag-om","19":"tag-om-paris","20":"tag-vaz"},"share_on_mastodon":{"url":"https:\/\/pubeurope.com\/@fr\/115082428675323077","error":""},"_links":{"self":[{"href":"https:\/\/www.europesays.com\/fr\/wp-json\/wp\/v2\/posts\/340135","targetHints":{"allow":["GET"]}}],"collection":[{"href":"https:\/\/www.europesays.com\/fr\/wp-json\/wp\/v2\/posts"}],"about":[{"href":"https:\/\/www.europesays.com\/fr\/wp-json\/wp\/v2\/types\/post"}],"author":[{"embeddable":true,"href":"https:\/\/www.europesays.com\/fr\/wp-json\/wp\/v2\/users\/2"}],"replies":[{"embeddable":true,"href":"https:\/\/www.europesays.com\/fr\/wp-json\/wp\/v2\/comments?post=340135"}],"version-history":[{"count":0,"href":"https:\/\/www.europesays.com\/fr\/wp-json\/wp\/v2\/posts\/340135\/revisions"}],"wp:featuredmedia":[{"embeddable":true,"href":"https:\/\/www.europesays.com\/fr\/wp-json\/wp\/v2\/media\/340136"}],"wp:attachment":[{"href":"https:\/\/www.europesays.com\/fr\/wp-json\/wp\/v2\/media?parent=340135"}],"wp:term":[{"taxonomy":"category","embeddable":true,"href":"https:\/\/www.europesays.com\/fr\/wp-json\/wp\/v2\/categories?post=340135"},{"taxonomy":"post_tag","embeddable":true,"href":"https:\/\/www.europesays.com\/fr\/wp-json\/wp\/v2\/tags?post=340135"}],"curies":[{"name":"wp","href":"https:\/\/api.w.org\/{rel}","templated":true}]}}