{"id":340137,"date":"2025-08-24T06:54:11","date_gmt":"2025-08-24T06:54:11","guid":{"rendered":"https:\/\/www.europesays.com\/fr\/340137\/"},"modified":"2025-08-24T06:54:11","modified_gmt":"2025-08-24T06:54:11","slug":"environnement-dans-les-gorges-de-la-loire-des-especes-emblematiques-tres-surveillees","status":"publish","type":"post","link":"https:\/\/www.europesays.com\/fr\/340137\/","title":{"rendered":"Environnement. Dans les gorges de la Loire, des esp\u00e8ces embl\u00e9matiques tr\u00e8s surveill\u00e9es"},"content":{"rendered":"<p>Quand on se balade dans les gorges de la Loire, tous les sens sont en \u00e9veil. On peut percevoir, en \u00e9tant attentif, les chants des oiseaux, le parfum des v\u00e9g\u00e9taux, le cri des petits mammif\u00e8res\u2026 Et bien s\u00fbr, il faut ouvrir l\u2019\u0153il\u00a0!<\/p>\n<p>2\u00a0000 esp\u00e8ces d\u00e9j\u00e0 inventori\u00e9es mais beaucoup d\u2019autres \u00e0 rajouter<\/p>\n<p>La r\u00e9serve naturelle offre des conditions exemplaires pour prot\u00e9ger les diff\u00e9rentes esp\u00e8ces qui y \u00e9voluent. Plus de 2000 esp\u00e8ces d\u2019animaux, de v\u00e9g\u00e9taux mais aussi de champignons ont d\u00e9j\u00e0 \u00e9t\u00e9 r\u00e9pertori\u00e9es. \u00ab\u00a0C\u2019est peu, lance Marie Abel, conservatrice de <a href=\"https:\/\/www.leprogres.fr\/environnement\/2025\/08\/01\/faune-flore-paysages-un-concentre-des-gorges-de-la-loire-a-la-maison-de-la-reserve\" target=\"_blank\" rel=\"noopener\">la Maison de la r\u00e9serve<\/a>, g\u00e9r\u00e9e par le SMAGL (<a href=\"https:\/\/www.leprogres.fr\/environnement\/2024\/08\/01\/les-gorges-de-la-loire-un-patrimoine-naturel-sous-surveillance#PlugCommentsList2\" target=\"_blank\" rel=\"noopener\">Syndicat mixte d\u2019am\u00e9nagement des gorges de la Loire<\/a>), car on n\u2019a pas fini de tout inventorier sur la r\u00e9serve. Il y en a forc\u00e9ment plus mais qui ne sont pas tr\u00e8s visibles comme les&#8230;<\/p>\n","protected":false},"excerpt":{"rendered":"Quand on se balade dans les gorges de la Loire, tous les sens sont en \u00e9veil. On peut&hellip;\n","protected":false},"author":2,"featured_media":340138,"comment_status":"","ping_status":"","sticky":false,"template":"","format":"standard","meta":{"footnotes":""},"categories":[9653],"tags":[1111,11,1867,2430,7539,436,1777,674,107,1011,27,3367,12,5140,25,4001,29878,4604],"class_list":{"0":"post-340137","1":"post","2":"type-post","3":"status-publish","4":"format-standard","5":"has-post-thumbnail","7":"category-saint-etienne","8":"tag-actu","9":"tag-actualites","10":"tag-animaux","11":"tag-auvergne-rhone-alpes","12":"tag-edition-loire-sud","13":"tag-environnement","14":"tag-eu","15":"tag-europe","16":"tag-fil-info","17":"tag-fr","18":"tag-france","19":"tag-loire","20":"tag-news","21":"tag-rechauffement-climatique","22":"tag-republique-francaise","23":"tag-saint-etienne","24":"tag-saint-victor-sur-loire","25":"tag-selection-abonne"},"share_on_mastodon":{"url":"https:\/\/pubeurope.com\/@fr\/115082432585449722","error":""},"_links":{"self":[{"href":"https:\/\/www.europesays.com\/fr\/wp-json\/wp\/v2\/posts\/340137","targetHints":{"allow":["GET"]}}],"collection":[{"href":"https:\/\/www.europesays.com\/fr\/wp-json\/wp\/v2\/posts"}],"about":[{"href":"https:\/\/www.europesays.com\/fr\/wp-json\/wp\/v2\/types\/post"}],"author":[{"embeddable":true,"href":"https:\/\/www.europesays.com\/fr\/wp-json\/wp\/v2\/users\/2"}],"replies":[{"embeddable":true,"href":"https:\/\/www.europesays.com\/fr\/wp-json\/wp\/v2\/comments?post=340137"}],"version-history":[{"count":0,"href":"https:\/\/www.europesays.com\/fr\/wp-json\/wp\/v2\/posts\/340137\/revisions"}],"wp:featuredmedia":[{"embeddable":true,"href":"https:\/\/www.europesays.com\/fr\/wp-json\/wp\/v2\/media\/340138"}],"wp:attachment":[{"href":"https:\/\/www.europesays.com\/fr\/wp-json\/wp\/v2\/media?parent=340137"}],"wp:term":[{"taxonomy":"category","embeddable":true,"href":"https:\/\/www.europesays.com\/fr\/wp-json\/wp\/v2\/categories?post=340137"},{"taxonomy":"post_tag","embeddable":true,"href":"https:\/\/www.europesays.com\/fr\/wp-json\/wp\/v2\/tags?post=340137"}],"curies":[{"name":"wp","href":"https:\/\/api.w.org\/{rel}","templated":true}]}}