{"id":340143,"date":"2025-08-24T07:04:13","date_gmt":"2025-08-24T07:04:13","guid":{"rendered":"https:\/\/www.europesays.com\/fr\/340143\/"},"modified":"2025-08-24T07:04:13","modified_gmt":"2025-08-24T07:04:13","slug":"sortir-a-montpellier-marche-nocturne-jazzn-soul-tribute-soulevements-des-idees-du-lundi-25-au-mercredi-27-aout","status":"publish","type":"post","link":"https:\/\/www.europesays.com\/fr\/340143\/","title":{"rendered":"Sortir \u00e0 Montpellier\u00a0: march\u00e9 nocturne, Jazz\u2019N Soul Tribute, Soul\u00e8vements\u2026 des id\u00e9es du lundi\u00a025 au mercredi 27\u00a0ao\u00fbt"},"content":{"rendered":"<p>\n                                                                Abracad\u2019Afrique \u00e0 Carnon, \u00ab\u00a0M\u00e9andres ou la rivi\u00e8re invent\u00e9e\u00a0\u00bb \u00e0 Murviel, \u00ab\u00a0Bob Marley \u2013 One Love\u00a0\u00bb \u00e0 La Grande-Motte, coulisses du stade de la Mosson, march\u00e9 nocturne \u00e0 Palavas, soir\u00e9e au ch\u00e2teau de Flaugergues, Monopolis \u00e0 M\u00e9c\u00e8nes du Sud, De Rien et Legacy \u00e0 la Secret Place ou avant-premi\u00e8re \u00e0 l\u2019Utopia.\n                            <\/p>\n<p>D\u00e9couvrez notre s\u00e9lection de sorties pour ce d\u00e9but de semaine du lundi\u00a025 au mercredi 27\u00a0ao\u00fbt 2025 du c\u00f4t\u00e9 de <a href=\"https:\/\/www.midilibre.fr\/herault\/montpellier\/\" target=\"_blank\" rel=\"nofollow noopener\">Montpellier<\/a> et faites le plein d\u2019id\u00e9es avec<a href=\"https:\/\/www.midilibre.fr\/agenda\/?path=&amp;q=&amp;where=herault%3Amontpellier&amp;insee=34172&amp;from=2025-08-25&amp;to=2025-08-27\" target=\"_blank\" rel=\"nofollow noopener\"> notre agenda en ligne<\/a>.<\/p>\n<p>Lundi 25\u00a0ao\u00fbt<\/p>\n<p>Abracad\u2019Afrique<\/p>\n<p><strong>Spectacle musical<\/strong> pour enfants\u2026 et pour les plus grands\u00a0! L\u2019Afrique, vaste continent color\u00e9 entour\u00e9 de mers bleues, abrite une multitude de peuples et d\u2019instruments \u00e9tonnants. Un voyage\u2026 en baguette magique\u00a0! Cr\u00e9ation et interpr\u00e9tation\u00a0: Vincent Hickman.<\/p>\n<p>&gt;\u00a0Lundi 25\u00a0ao\u00fbt \u00e0 18\u00a0h\u00a030 au Jardin des Cistes \u00e0 <a href=\"https:\/\/www.midilibre.fr\/herault\/carnon\/\" target=\"_blank\" rel=\"nofollow noopener\">Carnon-Plag<\/a>e.\u00a0Renseignements au\u00a004\u00a067\u00a050\u00a051\u00a015.<\/p>\n<p>\u00ab\u00a0M\u00e9andres ou la rivi\u00e8re invent\u00e9e\u00a0\u00bb<\/p>\n<p><a href=\"https:\/\/www.domainedo.fr\/spectacles\/cine-metropole\" target=\"_blank\" rel=\"nofollow noopener\">Cin\u00e9ma sous les \u00e9toiles.<\/a>\u00a0D\u00e8s 20\u00a0heures ambiance guinguette avec foodtrucks. \u00c0 21\u00a0h\u00a030, projection de \u00ab\u00a0M\u00e9andres ou la rivi\u00e8re invent\u00e9e\u00a0\u00bb, documentaire de Marie Lusson et \u00c9milien de Bortoli (1h13).\u00a0Une bande d\u2019amis d\u00e9cide de descendre une rivi\u00e8re dans un radeau de fortune.\u00a0M\u00ealant road-trip et parole scientifique, le film tisse des liens entre les mondes immerg\u00e9s et submerg\u00e9s.\u00a0Lieux de tournage\u00a0: rivi\u00e8re de la Vis, fleuve H\u00e9rault.<\/p>\n<p>&gt;\u00a0Lundi 25\u00a0ao\u00fbt \u00e0 partir de 20\u00a0heures au pr\u00e9 du Carabiol \u00e0\u00a0<a href=\"https:\/\/www.midilibre.fr\/herault\/murviel-les-montpellier\/\" target=\"_blank\" rel=\"nofollow noopener\">Murviel-l\u00e8s-Montpellier<\/a>.\u00a0Projection gratuite dans la limite des places disponibles.<\/p>\n<p>Cin\u00e9toile\u00a0: \u00ab\u00a0Bob Marley \u2013 One Love\u00a0\u00bb<\/p>\n<p><strong>Cin\u00e9ma.<\/strong>\u00a0Biopic, drame (1h47) de Reinaldo Marcus Green, avec Kingsley Ben-Adir, Lashana Lynch, James Norton.\u00a0Ce film c\u00e9l\u00e8bre la vie et la musique d\u2019une ic\u00f4ne qui a inspir\u00e9 des g\u00e9n\u00e9rations \u00e0 travers son message d\u2019amour et d\u2019unit\u00e9.<\/p>\n<p>&gt;\u00a0Lundi 25\u00a0ao\u00fbt \u00e0 21\u00a0h\u00a030 au\u00a0Point Z\u00e9ro, all\u00e9e de la Plage \u00e0\u00a0<a href=\"https:\/\/www.midilibre.fr\/herault\/la-grande-motte\/\" target=\"_blank\" rel=\"nofollow noopener\">La Grande-Motte<\/a>. Gratuit, acc\u00e8s libre.<\/p>\n<p>Mardi 26\u00a0ao\u00fbt<\/p>\n<p>\u00ab\u00a0Les coulisses du stade de la Mosson\u00a0\u00bb<\/p>\n<p><strong>Visite guid\u00e9e.<\/strong>\u00a0\u00ab\u00a0Ici, c\u2019est Montpellier\u00a0!\u00a0\u00bb Visitez le stade de la Mosson aux c\u00f4t\u00e9s de Philippe Sers, commentateur iconique du club, et de ses 40 ann\u00e9es d\u2019anecdotes. Traversez le vestiaire, entrez au bord de la pelouse comme si vous \u00e9tiez un joueur et acc\u00e9dez \u00e0 la salle de conf\u00e9rences pour d\u00e9couvrir le stade de la Mosson et ses coulisses. Rendez-vous au niveau de la billetterie du stade de la Mosson. Sur r\u00e9servation.<\/p>\n<p>&gt;\u00a0Mardi 26\u00a0ao\u00fbt de 10\u00a0h \u00e0 12\u00a0heures au stade de la Mosson, avenue de Heidelberg \u00e0\u00a0<a href=\"https:\/\/www.midilibre.fr\/herault\/montpellier\/\" target=\"_blank\" rel=\"nofollow noopener\">Montpellier<\/a>. Plein tarif 15\u00a0\u20ac, tarif r\u00e9duit 12\u00a0\u20ac, sur r\u00e9servation aupr\u00e8s de l\u2019<a href=\"https:\/\/www.montpellier-tourisme.fr\/agenda\/tout-l-agenda\/les-coulisses-du-stade-de-la-mosson-montpellier-fr-5801789\/\" target=\"_blank\" rel=\"nofollow noopener\">office de tourisme de Montpellier<\/a>. Contact au\u00a004\u00a067\u00a060\u00a060\u00a060.<\/p>\n<p>Arts et gourmandises palavasiennes<\/p>\n<p><strong>March\u00e9 nocturne.<\/strong> Pour la derni\u00e8re fois de l\u2019\u00e9t\u00e9 2025, cr\u00e9ateurs, artisans et producteurs locaux dans une ambiance musicale (20\u00a0h \u2013 22\u00a0h) avec le groupe\u00a0Marakay, musique latine.<\/p>\n<p>&gt;\u00a0Mardi 26\u00a0ao\u00fbt de 18\u00a0h \u00e0 23\u00a0heures, sur la promenade du port de plaisance (rive droite) \u00e0\u00a0<a href=\"https:\/\/www.midilibre.fr\/herault\/palavas-les-flots\/\" target=\"_blank\" rel=\"nofollow noopener\">Palavas-les-Flots<\/a>. Entr\u00e9e libre.<\/p>\n<p>Jazz\u2019N Soul Tribute<\/p>\n<p><strong>Soir\u00e9e d\u2019\u00e9t\u00e9.<\/strong> Huit\u00a0musiciens et la chanteuse Looloo composent l\u2019orchestre Jazz\u2019N Soul Tribute, hommage aux plus grandes voix du jazz et de la soul, avec bar \u00e0 vins du domaine et restauration propos\u00e9e par Boc d\u2019Oc.\u00a0Un verre de vin offert \u00e0 votre arriv\u00e9e.<\/p>\n<p>&gt;\u00a0Mardi 26\u00a0ao\u00fbt de 18\u00a0h \u00e0 23\u00a0heures au <a href=\"https:\/\/www.flaugergues.com\/\" target=\"_blank\" rel=\"nofollow noopener\">ch\u00e2teau de Flaugergues<\/a>, 1744 avenue Albert-Einstein \u00e0\u00a0<a href=\"https:\/\/www.midilibre.fr\/herault\/montpellier\/\" target=\"_blank\" rel=\"nofollow noopener\">Montpellier<\/a>. Plein tarif 12\u00a0\u20ac, tarif r\u00e9duit 10\u00a0\u20ac. Contact au\u00a004\u00a099\u00a052\u00a066\u00a037.<\/p>\n<p>Mercredi 27\u00a0ao\u00fbt<\/p>\n<p>Monopolis<\/p>\n<p>        <img decoding=\"async\" class=\"std-img__img responsive-img\" src=\"https:\/\/www.europesays.com\/fr\/wp-content\/uploads\/2025\/08\/1756019053_992_image.jpg\" alt=\"Les artistes invit\u00e9\u00b7x\u00b7es sont issu\u00b7x\u00b7es de diff\u00e9rentes disciplines artistiques et g\u00e9n\u00e9rations.\"\/><\/p>\n<p>                Les artistes invit\u00e9\u00b7x\u00b7es sont issu\u00b7x\u00b7es de diff\u00e9rentes disciplines artistiques et g\u00e9n\u00e9rations.<br \/>\n                                    Typographie : C\u00e9drat par Formagari &#8211; Cr\u00e9ation graphique : Manon Mich\u00e8le<\/p>\n<p><strong>Exposition.<\/strong> All\u00e9gorie de la ville n\u00e9olib\u00e9rale occidentale, les nouvelles n\u2019y sont pas toujours bonnes, et il est difficile de dire quel temps il fera demain \u2013 pourtant, Monopolis vibre, ruse et ne plie pas. Dans ce d\u00e9cor urbain fictionnel, les artistes ont en commun d\u2019avoir une relation forte \u00e0 l\u2019\u00e9criture, qui s\u2019\u00e9mancipe du seul m\u00e9dium du texte pour s\u2019inscrire dans d\u2019autres espaces\u00a0: la musique et le son, le film, la mode, le clip, mais surtout le collage.<\/p>\n<p>&gt;\u00a0Du mardi au vendredi de\u00a010\u00a0h \u00e0 12\u00a0heures et de 14\u00a0h \u00e0 19\u00a0heures, le samedi de 14\u00a0h \u00e0 19\u00a0heures jusqu\u2019au 13\u00a0septembre \u00e0 l\u2019espace <a href=\"http:\/\/www.mecenesdusud.fr\/\" target=\"_blank\" rel=\"nofollow noopener\">M\u00e9c\u00e8nes du sud<\/a>, 13, rue des Balances \u00e0 <a href=\"https:\/\/www.midilibre.fr\/herault\/montpellier\/\" target=\"_blank\" rel=\"nofollow noopener\">Montpellier<\/a>. Entr\u00e9e libre. Contact au\u00a004\u00a034\u00a040\u00a078\u00a000.<\/p>\n<p>De Rien +\u00a0Legacy<\/p>\n<p><strong>Concerts. <\/strong>\u00ab\u00a0Modeste et efficace, les Montpelli\u00e9rains du groupe De Rien distillent des m\u00e9lodies incroyables d\u00e9passant largement l\u2019entendement du simple commun des mortels\u00a0\u00bb\u00a0! Legacy distille avec style un savant m\u00e9lange d\u2019influences franchissant les barri\u00e8res du classic rock.<\/p>\n<p>&gt;\u00a0Mercredi 27\u00a0ao\u00fbt \u00e0 partir de 19\u00a0heures \u00e0 <a href=\"https:\/\/www.toutafond.com\/\" target=\"_blank\" rel=\"nofollow noopener\">la Secret Place<\/a>, 25 rue Saint-Exup\u00e9ry \u00e0 <a href=\"https:\/\/www.midilibre.fr\/herault\/saint-jean-de-vedas\/\" target=\"_blank\" rel=\"nofollow noopener\">Saint-Jean-de-V\u00e9das<\/a>.\u00a0Concert \u00e0 prix libre. Contact au\u00a009\u00a064\u00a000\u00a087\u00a011. <\/p>\n<p>Avant-premi\u00e8re\u00a0: \u00ab\u00a0Soul\u00e8vements\u00a0\u00bb<\/p>\n<blockquote data-instgrm-captioned=\"\" data-instgrm-permalink=\"https:\/\/www.instagram.com\/reel\/DMueWEzuCr8\/?utm_source=ig_embed&amp;utm_campaign=loading\" data-instgrm-version=\"14\" style=\" background:#FFF; border:0; border-radius:3px; box-shadow:0 0 1px 0 rgba(0,0,0,0.5),0 1px 10px 0 rgba(0,0,0,0.15); margin: 1px; max-width:540px; min-width:326px; padding:0; width:99.375%; width:-webkit-calc(100% - 2px); width:calc(100% - 2px);\" data-class=\"instagram-media\"\/>\n<p><strong>Cin\u00e9ma.<\/strong> S\u00e9ance en pr\u00e9sence de Thomas Lacoste. Documentaire (1h45) de Thomas Lacoste. Un portrait choral \u00e0 16 voix, 16 trajectoires singuli\u00e8res, r\u00e9flexif et intime d\u2019un mouvement de r\u00e9sistance interg\u00e9n\u00e9rationnel port\u00e9 par une jeunesse qui vit et qui lutte contre l\u2019accaparement des terres et de l\u2019eau, les ravages industriels, la mont\u00e9e des totalitarismes et fait face \u00e0 la r\u00e9pression politique. Une plong\u00e9e au c\u0153ur des Soul\u00e8vements de la Terre.<\/p>\n<p>&gt;\u00a0Mercredi 27\u00a0ao\u00fbt \u00e0 20\u00a0heures au<a href=\"https:\/\/www.cinemas-utopia.org\/montpellier\/\" target=\"_blank\" rel=\"nofollow noopener\"> cin\u00e9ma Utopia<\/a>, 5 avenue Docteur-Pezet \u00e0 <a href=\"https:\/\/www.midilibre.fr\/herault\/montpellier\/\" target=\"_blank\" rel=\"nofollow noopener\">Montpellier<\/a>. Tarif normal 7\u00a0\u20ac. Contact au\u00a004\u00a067\u00a052\u00a032\u00a000.<\/p>\n<p>                                                                                                                                                                                                        <script async src=\"\/\/www.instagram.com\/embed.js\"><\/script><\/p>\n","protected":false},"excerpt":{"rendered":"Abracad\u2019Afrique \u00e0 Carnon, \u00ab\u00a0M\u00e9andres ou la rivi\u00e8re invent\u00e9e\u00a0\u00bb \u00e0 Murviel, \u00ab\u00a0Bob Marley \u2013 One Love\u00a0\u00bb \u00e0 La Grande-Motte,&hellip;\n","protected":false},"author":2,"featured_media":340144,"comment_status":"","ping_status":"","sticky":false,"template":"","format":"standard","meta":{"footnotes":""},"categories":[9599],"tags":[1111,11,1777,674,1011,27,2208,12,2680,25],"class_list":{"0":"post-340143","1":"post","2":"type-post","3":"status-publish","4":"format-standard","5":"has-post-thumbnail","7":"category-montpellier","8":"tag-actu","9":"tag-actualites","10":"tag-eu","11":"tag-europe","12":"tag-fr","13":"tag-france","14":"tag-montpellier","15":"tag-news","16":"tag-occitanie","17":"tag-republique-francaise"},"share_on_mastodon":{"url":"https:\/\/pubeurope.com\/@fr\/115082472057783238","error":""},"_links":{"self":[{"href":"https:\/\/www.europesays.com\/fr\/wp-json\/wp\/v2\/posts\/340143","targetHints":{"allow":["GET"]}}],"collection":[{"href":"https:\/\/www.europesays.com\/fr\/wp-json\/wp\/v2\/posts"}],"about":[{"href":"https:\/\/www.europesays.com\/fr\/wp-json\/wp\/v2\/types\/post"}],"author":[{"embeddable":true,"href":"https:\/\/www.europesays.com\/fr\/wp-json\/wp\/v2\/users\/2"}],"replies":[{"embeddable":true,"href":"https:\/\/www.europesays.com\/fr\/wp-json\/wp\/v2\/comments?post=340143"}],"version-history":[{"count":0,"href":"https:\/\/www.europesays.com\/fr\/wp-json\/wp\/v2\/posts\/340143\/revisions"}],"wp:featuredmedia":[{"embeddable":true,"href":"https:\/\/www.europesays.com\/fr\/wp-json\/wp\/v2\/media\/340144"}],"wp:attachment":[{"href":"https:\/\/www.europesays.com\/fr\/wp-json\/wp\/v2\/media?parent=340143"}],"wp:term":[{"taxonomy":"category","embeddable":true,"href":"https:\/\/www.europesays.com\/fr\/wp-json\/wp\/v2\/categories?post=340143"},{"taxonomy":"post_tag","embeddable":true,"href":"https:\/\/www.europesays.com\/fr\/wp-json\/wp\/v2\/tags?post=340143"}],"curies":[{"name":"wp","href":"https:\/\/api.w.org\/{rel}","templated":true}]}}