{"id":340149,"date":"2025-08-24T07:09:14","date_gmt":"2025-08-24T07:09:14","guid":{"rendered":"https:\/\/www.europesays.com\/fr\/340149\/"},"modified":"2025-08-24T07:09:14","modified_gmt":"2025-08-24T07:09:14","slug":"le-village-africain-de-grenoble-en-1925-au-coeur-dune-exposition","status":"publish","type":"post","link":"https:\/\/www.europesays.com\/fr\/340149\/","title":{"rendered":"Le \u00ab\u00a0village africain\u00a0\u00bb de Grenoble en 1925 au c\u0153ur d&rsquo;une exposition"},"content":{"rendered":"<p>\t\t\t\t\tFOCUS \u2013 C\u2019est un \u00e9pi\u00adsode m\u00e9connu de l\u2019his\u00adtoire de Grenoble sur lequel revient une expo\u00adsi\u00adtion \u00e0 la Maison inter\u00adna\u00adtio\u00adnale\u00a0: la pr\u00e9\u00adsence d\u2019un \u00ab\u00a0vil\u00adlage afri\u00adcain\u00a0\u00bb dans le cadre de l\u2019Exposition inter\u00adna\u00adtio\u00adnale Houille blanche &amp; Tourisme de 1925. Un \u00e9v\u00e9\u00adne\u00adment dans la pure tra\u00addi\u00adtion des zoos humains qui ren\u00adcon\u00adtraient alors un franc suc\u00adc\u00e8s en Europe et aux \u00c9tats-Unis. L\u2019exposition s\u2019ac\u00adcom\u00adpagne d\u2019une r\u00e9flexion plus g\u00e9n\u00e9\u00adrale sur le ph\u00e9\u00adno\u00adm\u00e8ne, autour de l\u2019ex\u00adpo\u00adsi\u00adtion iti\u00adn\u00e9\u00adrante \u00ab\u00a0L\u2019Invention du sau\u00advage\u00a0\u00bb de la Fondation Lilian-Thuram.<\/p>\n<p>Grenoble, son Palais du tou\u00adrisme, sa bis\u00adcui\u00adte\u00adrie Brun\u2026 et son vil\u00adlage afri\u00adcain. Tels \u00e9taient les sites indi\u00adqu\u00e9s sur une pho\u00adto\u00adgra\u00adphie des curio\u00adsi\u00adt\u00e9s gre\u00adno\u00adbloises r\u00e9a\u00adli\u00ads\u00e9e \u00e0 l\u2019oc\u00adca\u00adsion de l\u2019Exposition inter\u00adna\u00adtio\u00adnale Houille blanche &amp; Tourisme de 1925. Durant celle-ci, des per\u00adsonnes venues d\u2019Afrique fai\u00adsaient par\u00adtie des \u201cattrac\u00adtions\u201d \u00e0 l\u2019in\u00adten\u00adtion des visi\u00adteurs. Un si\u00e8cle plus tard, une <a href=\"https:\/\/www.grenoble.fr\/agenda\/4922\/491-exposition-l-invention-du-sauvage.htm\" target=\"_blank\" rel=\"noopener nofollow\">expo\u00adsi\u00adtion \u00e0 la Maison inter\u00adna\u00adtio\u00adnale de Grenoble<\/a>, visible jus\u00adqu\u2019au 30 sep\u00adtembre 2025, revient sur cet \u00e9pi\u00adsode m\u00e9connu.<\/p>\n<p><a href=\"https:\/\/www.europesays.com\/fr\/wp-content\/uploads\/2025\/08\/village-africain-1925-grenoble-ville-de-grenoble-scaled.jpg\" target=\"_blank\" rel=\"noopener\"><img fetchpriority=\"high\" decoding=\"async\" aria-describedby=\"caption-attachment-658064\" class=\"wp-image-658064 size-full\" src=\"data:image\/svg+xml,%3Csvg%20xmlns=\" http:=\"\" alt=\"Photo d'\u00e9poque du &quot;village africain&quot; lors de l'Exposition internationale Houille blanche &amp; Tourisme de 1925. \u00a9 Ville de Grenoble\" width=\"2048\" height=\"1399\" data-lazy- data-lazy- data-lazy-src=\"https:\/\/www.europesays.com\/fr\/wp-content\/uploads\/2025\/08\/village-africain-1925-grenoble-ville-de-grenoble-scaled.jpg\"\/><\/a><\/p>\n<p id=\"caption-attachment-658064\" class=\"wp-caption-text\">Photo d\u2019\u00e9\u00adpoque du \u00ab\u00a0vil\u00adlage afri\u00adcain\u00a0\u00bb lors de l\u2019Exposition inter\u00adna\u00adtio\u00adnale Houille blanche &amp; Tourisme de 1925. \u00a9 Ville de Grenoble<\/p>\n<p>Si l\u2019ex\u00adpo\u00adsi\u00adtion consacre une large par\u00adtie de son espace au zoo humain que consti\u00adtuait le vil\u00adlage afri\u00adcain de Grenoble, elle s\u2019ins\u00adcrit dans une r\u00e9flexion plus large sur les exhi\u00adbi\u00adtions de \u201csau\u00advages\u201d en Europe, mais aussi aux \u00c9tats-Unis et au Japon, du XVe si\u00e8cle au XXe si\u00e8cle. Ceci avec l\u2019ex\u00adpo\u00adsi\u00adtion iti\u00adn\u00e9\u00adrante \u00ab\u00a0L\u2019invention du sau\u00advage\u00a0\u00bb, r\u00e9a\u00adli\u00ads\u00e9e par la <a href=\"https:\/\/www.thuram.org\/\" target=\"_blank\" rel=\"noopener nofollow\">Fondation Lilian-Thuram<\/a> et le <a href=\"https:\/\/achac.com\/\" target=\"_blank\" rel=\"noopener nofollow\">groupe de recherche Achac<\/a> (Association pour la connais\u00adsance de l\u2019his\u00adtoire de l\u2019Afrique contemporaine).<\/p>\n<p>Des \u201cfigu\u00adrants\u201d mis en sc\u00e8ne dans ces zoos humains<\/p>\n<p>Les pro\u00adta\u00adgo\u00adnistes de ces zoos humains\u00a0? Des per\u00adsonnes issues d\u2019Afrique, d\u2019Asie, d\u2019Oc\u00e9anie ou d\u2019Am\u00e9rique pr\u00e9\u00adsen\u00adt\u00e9es \u00e0 un public occi\u00adden\u00adtal qui d\u00e9cou\u00advrait des cultures tr\u00e8s \u00e9loi\u00adgn\u00e9es de la sienne\u2026 mais mises en sc\u00e8ne de fa\u00e7on cari\u00adca\u00adtu\u00adrale pour mieux col\u00adler aux cli\u00adch\u00e9s en vigueur.<\/p>\n<p>\u00ab\u00a0C\u2019est un immense \u201cspec\u00adtacle\u201d, avec ses figu\u00adrants, ses d\u00e9cors, ses impre\u00adsa\u00adrios, ses drames et ses r\u00e9cits, [\u2026] au car\u00adre\u00adfour des his\u00adtoires colo\u00adniales, de la science, du racisme\u00a0\u00bb, d\u00e9crit ainsi la pr\u00e9\u00adsen\u00adta\u00adtion de l\u2019exposition.<\/p>\n<p><a href=\"https:\/\/www.europesays.com\/fr\/wp-content\/uploads\/2025\/08\/expo-invention-du-sauvage-2025-fm-scaled.jpg\" target=\"_blank\" rel=\"noopener\"><img loading=\"lazy\" decoding=\"async\" aria-describedby=\"caption-attachment-658066\" class=\"wp-image-658066 size-full\" src=\"data:image\/svg+xml,%3Csvg%20xmlns=\" http:=\"\" alt=\"Une s\u00e9rie de panneaux relate l'histoire des zoos humains depuis leur apparition au XVe si\u00e8cle jusqu'\u00e0 leur d\u00e9clin dans les ann\u00e9es 1930. \u00a9 Florent Mathieu - Place Gre'net\" width=\"2048\" height=\"1532\" data-lazy- data-lazy- data-lazy-src=\"https:\/\/www.europesays.com\/fr\/wp-content\/uploads\/2025\/08\/expo-invention-du-sauvage-2025-fm-scaled.jpg\"\/><\/a><\/p>\n<p id=\"caption-attachment-658066\" class=\"wp-caption-text\">Une s\u00e9rie de pan\u00adneaux relate l\u2019his\u00adtoire des zoos humains depuis leur appa\u00adri\u00adtion au XVe si\u00e8cle jus\u00adqu\u2019\u00e0 leur d\u00e9clin dans les ann\u00e9es 1930. \u00a9 Florent Mathieu \u2013 Place Gre\u2019net<\/p>\n<p>L\u2019invention du sau\u00advage \u00e9voque com\u00adment, d\u00e8s les pre\u00admiers contacts avec des civi\u00adli\u00adsa\u00adtions extra-euro\u00adp\u00e9ennes, leur exhi\u00adbi\u00adtion s\u2019est impo\u00ads\u00e9e, avant de prendre des formes encore plus attrac\u00adtives pour un public en mal d\u2019exo\u00adtisme. Le tout accom\u00adpa\u00adgn\u00e9 de mal\u00adtrai\u00adtances \u00e0 l\u2019\u00e9\u00adgard des \u201cfigu\u00adrants\u201d de ces mises en sc\u00e8ne. \u00ab\u00a0Nous sommes contents d\u2019a\u00advoir recou\u00advr\u00e9 la libert\u00e9 et de ne plus \u00eatre expo\u00ads\u00e9s comme si nous \u00e9tions des ani\u00admaux\u00a0\u00bb, com\u00admen\u00adtera ainsi l\u2019i\u00adnuit Zacharias en 1893 \u00e0 la suite d\u2019une tour\u00adn\u00e9e am\u00e9ricaine.<\/p>\n<p>Il fau\u00addra attendre les ann\u00e9es 1930 pour assis\u00adter au d\u00e9clin de ce type de spec\u00adtacles, en rai\u00adson prin\u00adci\u00adpa\u00adle\u00adment du d\u00e9s\u00adin\u00adt\u00e9\u00adr\u00eat crois\u00adsant du public, plus attir\u00e9 par le cin\u00e9ma. Jusqu\u2019\u00e0 une dis\u00adpa\u00adri\u00adtion totale du ph\u00e9\u00adno\u00adm\u00e8ne\u00a0?\u00a0En 1994, pour\u00adtant, la cr\u00e9a\u00adtion d\u2019un \u00ab\u00a0vil\u00adlage de Bamboula\u00a0\u00bb dans le parc zoo\u00adlo\u00adgique de Port-Saint-P\u00e8re sus\u00adci\u00adtera la pol\u00e9\u00admique. Il abou\u00adtira, trois ans plus tard, \u00e0 une condam\u00adna\u00adtion du parc pour des vio\u00adla\u00adtions aux droits \u00e9l\u00e9\u00admen\u00adtaires des \u201cfigu\u00adrants\u201d ivoi\u00adriens du vil\u00adlage, consi\u00add\u00e9r\u00e9 comme le der\u00adnier zoo humain \u00e0 avoir vu le jour sur le sol fran\u00e7ais.<\/p>\n<p>\u00ab\u00a0Affronter les pages sombres de notre\u00a0pass\u00e9\u00a0\u00bb<\/p>\n<p>Quid du \u00ab\u00a0vil\u00adlage afri\u00adcain\u00a0\u00bb de Grenoble\u00a0? \u00ab\u00a0C\u2019\u00e9tait un zoo humain o\u00f9 des hommes, des femmes, des enfants venus des colo\u00adnies \u00e9taient r\u00e9duits au rang d\u2019ob\u00adjets d\u2019exo\u00adtisme, pr\u00e9\u00adsen\u00adt\u00e9s aux visi\u00adteurs comme des curio\u00adsi\u00adt\u00e9s pit\u00adto\u00adresques\u00a0\u00bb, insiste Emmanuel Carroz, adjoint de Grenoble \u00e0 la M\u00e9moire.<\/p>\n<p>Et d\u2019a\u00adjou\u00adter\u00a0: \u00ab\u00a0Ce spec\u00adtacle colo\u00adnial, bien s\u00fbr pro\u00adfon\u00add\u00e9\u00adment raciste, ren\u00adcon\u00adtra un v\u00e9ri\u00adtable suc\u00adc\u00e8s popu\u00adlaire et per\u00admit de d\u00e9ga\u00adger d\u2019im\u00adpor\u00adtants b\u00e9n\u00e9\u00adfices finan\u00adciers. Il tra\u00addui\u00adsait une vision hi\u00e9\u00adrar\u00adchi\u00ads\u00e9e, vio\u00adlente de l\u2019i\u00add\u00e9o\u00adlo\u00adgie colo\u00adniale\u00a0\u00bb.<\/p>\n<p><a href=\"https:\/\/www.europesays.com\/fr\/wp-content\/uploads\/2025\/08\/emmanuel-carroz-exposition-invention-du-sauvage-fm-scaled.jpg\" target=\"_blank\" rel=\"noopener\"><img loading=\"lazy\" decoding=\"async\" aria-describedby=\"caption-attachment-658063\" class=\"wp-image-658063 size-full\" src=\"data:image\/svg+xml,%3Csvg%20xmlns=\" http:=\"\" alt=\"Emmanuel Carroz lors de la pr\u00e9sentation de l'exposition &quot;L'Invention du sauvage&quot; et son focus sur le village africain de Grenoble \u00e0 la Maison internationale. \u00a9 Florent Mathieu - Place Gre'net\" width=\"2048\" height=\"1486\" data-lazy- data-lazy- data-lazy-src=\"https:\/\/www.europesays.com\/fr\/wp-content\/uploads\/2025\/08\/emmanuel-carroz-exposition-invention-du-sauvage-fm-scaled.jpg\"\/><\/a><\/p>\n<p id=\"caption-attachment-658063\" class=\"wp-caption-text\">Emmanuel Carroz lors de la pr\u00e9\u00adsen\u00adta\u00adtion de l\u2019ex\u00adpo\u00adsi\u00adtion \u00ab\u00a0L\u2019Invention du sau\u00advage\u00a0\u00bb et son focus sur le \u00ab\u00a0vil\u00adlage afri\u00adcain\u00a0\u00bb de Grenoble \u00e0 la Maison inter\u00adna\u00adtio\u00adnale. \u00a9 Florent Mathieu \u2013 Place Gre\u2019net<\/p>\n<p>Pour l\u2019\u00e9lu, l\u2019ex\u00adpo\u00adsi\u00adtion trouve toute sa place au sein de la Maison inter\u00adna\u00adtio\u00adnale. \u00ab\u00a0Quand on parle d\u2019in\u00adter\u00adna\u00adtio\u00adnal, on ne parle pas seule\u00adment de jume\u00adlage ou de coop\u00e9\u00adra\u00adtion, mais aussi de com\u00adment affron\u00adter les pages sombres de notre pass\u00e9, recon\u00adna\u00eetre les humi\u00adlia\u00adtions, les bles\u00adsures h\u00e9ri\u00adt\u00e9es du colo\u00adnia\u00adlisme, les d\u00e9cons\u00adtruire pour mieux b\u00e2tir un ave\u00adnir ensemble\u00a0\u00bb, d\u00e9clare Emmanuel Carroz. Qui s\u2019in\u00adqui\u00e8te de voir aujourd\u2019\u00adhui \u00ab\u00a0une cer\u00adtaine r\u00e9ti\u00adcence de cer\u00adtaines per\u00adsonnes \u00e0 par\u00adler de l\u2019his\u00adtoire colo\u00adniale\u00a0\u00bb.<\/p>\n<p>Et l\u2019ad\u00adjoint de sou\u00adli\u00adgner \u00ab\u00a0la com\u00adpl\u00e9\u00admen\u00adta\u00adrit\u00e9 entre l\u2019his\u00adtoire et la m\u00e9moire\u00a0\u00bb\u00a0: \u00ab\u00a0L\u2019Histoire est une dis\u00adci\u00adpline scien\u00adti\u00adfique qui s\u2019ap\u00adpuie sur des archives, des faits \u00e9ta\u00adblis. La m\u00e9moire, c\u2019est la mani\u00e8re dont une soci\u00e9t\u00e9 choi\u00adsit de se ras\u00adsem\u00adbler autour de valeurs com\u00admunes. L\u2019histoire \u00e9claire, la m\u00e9moire ras\u00adsemble. C\u2019est ce qu\u2019on veut faire avec cette expo\u00adsi\u00adtion\u00a0\u00bb, explique Emmanuel Carroz. Qui conclut en appe\u00adlant \u00e0 \u00ab\u00a0res\u00adter vigi\u00adlant aux dis\u00adcours racistes, anti\u00ads\u00e9\u00admites et x\u00e9no\u00adphobes qui se bana\u00adlisent m\u00eame au som\u00admet de l\u2019\u00c9tat\u00a0\u00bb.<\/p>\n","protected":false},"excerpt":{"rendered":"FOCUS \u2013 C\u2019est un \u00e9pi\u00adsode m\u00e9connu de l\u2019his\u00adtoire de Grenoble sur lequel revient une expo\u00adsi\u00adtion \u00e0 la Maison&hellip;\n","protected":false},"author":2,"featured_media":340150,"comment_status":"","ping_status":"","sticky":false,"template":"","format":"standard","meta":{"footnotes":""},"categories":[9566],"tags":[1111,11,2430,1777,674,1011,27,2731,12,25],"class_list":{"0":"post-340149","1":"post","2":"type-post","3":"status-publish","4":"format-standard","5":"has-post-thumbnail","7":"category-grenoble","8":"tag-actu","9":"tag-actualites","10":"tag-auvergne-rhone-alpes","11":"tag-eu","12":"tag-europe","13":"tag-fr","14":"tag-france","15":"tag-grenoble","16":"tag-news","17":"tag-republique-francaise"},"share_on_mastodon":{"url":"https:\/\/pubeurope.com\/@fr\/115082491536493643","error":""},"_links":{"self":[{"href":"https:\/\/www.europesays.com\/fr\/wp-json\/wp\/v2\/posts\/340149","targetHints":{"allow":["GET"]}}],"collection":[{"href":"https:\/\/www.europesays.com\/fr\/wp-json\/wp\/v2\/posts"}],"about":[{"href":"https:\/\/www.europesays.com\/fr\/wp-json\/wp\/v2\/types\/post"}],"author":[{"embeddable":true,"href":"https:\/\/www.europesays.com\/fr\/wp-json\/wp\/v2\/users\/2"}],"replies":[{"embeddable":true,"href":"https:\/\/www.europesays.com\/fr\/wp-json\/wp\/v2\/comments?post=340149"}],"version-history":[{"count":0,"href":"https:\/\/www.europesays.com\/fr\/wp-json\/wp\/v2\/posts\/340149\/revisions"}],"wp:featuredmedia":[{"embeddable":true,"href":"https:\/\/www.europesays.com\/fr\/wp-json\/wp\/v2\/media\/340150"}],"wp:attachment":[{"href":"https:\/\/www.europesays.com\/fr\/wp-json\/wp\/v2\/media?parent=340149"}],"wp:term":[{"taxonomy":"category","embeddable":true,"href":"https:\/\/www.europesays.com\/fr\/wp-json\/wp\/v2\/categories?post=340149"},{"taxonomy":"post_tag","embeddable":true,"href":"https:\/\/www.europesays.com\/fr\/wp-json\/wp\/v2\/tags?post=340149"}],"curies":[{"name":"wp","href":"https:\/\/api.w.org\/{rel}","templated":true}]}}