{"id":340151,"date":"2025-08-24T07:10:15","date_gmt":"2025-08-24T07:10:15","guid":{"rendered":"https:\/\/www.europesays.com\/fr\/340151\/"},"modified":"2025-08-24T07:10:15","modified_gmt":"2025-08-24T07:10:15","slug":"a-rennes-une-intervention-remarquee-des-pompiers-plongeurs-pres-de-la-place-de-bretagne","status":"publish","type":"post","link":"https:\/\/www.europesays.com\/fr\/340151\/","title":{"rendered":"\u00c0 Rennes, une intervention remarqu\u00e9e des pompiers plongeurs pr\u00e8s de la place de Bretagne"},"content":{"rendered":"<p>Ce samedi 23\u00a0ao\u00fbt 2025, vers 17\u00a0h <a href=\"https:\/\/rennes.maville.com\/info\/info-locale\/\" target=\"_self\" rel=\"noopener\">\u00e0 Rennes (Ille-et-Vilaine)<\/a>, les badauds s\u2019amassent sur le pont de Bretagne. Alert\u00e9s par les v\u00e9hicules d\u2019intervention stationn\u00e9s avec leurs gyrophares allum\u00e9s, ils observent en contrebas, dans la Vilaine, deux pompiers plongeurs reconnaissables \u00e0 leurs \u00e9paisses combinaisons orange. Ces derniers poussent un cano\u00eb-kayak ouvert, et retourn\u00e9, qu\u2019ils finissent par hisser sur le quai de la Pr\u00e9valaye aid\u00e9s par leurs coll\u00e8gues.<\/p>\n<p>Motif de cette intervention spectaculaire\u00a0? Un kayakiste se serait retourn\u00e9 et aurait simplement rencontr\u00e9 des difficult\u00e9s pour r\u00e9tablir la situation. Pris en charge sur place, son \u00e9tat n\u2019a pas n\u00e9cessit\u00e9 un transport vers l\u2019h\u00f4pital.<\/p>\n<p>\u00a0<\/p>\n","protected":false},"excerpt":{"rendered":"Ce samedi 23\u00a0ao\u00fbt 2025, vers 17\u00a0h \u00e0 Rennes (Ille-et-Vilaine), les badauds s\u2019amassent sur le pont de Bretagne. Alert\u00e9s&hellip;\n","protected":false},"author":2,"featured_media":340152,"comment_status":"","ping_status":"","sticky":false,"template":"","format":"standard","meta":{"footnotes":""},"categories":[2821],"tags":[1111,11,829,1777,674,1011,27,19975,12,5536,47633,1311,3762,47632,584,25],"class_list":{"0":"post-340151","1":"post","2":"type-post","3":"status-publish","4":"format-standard","5":"has-post-thumbnail","7":"category-rennes","8":"tag-actu","9":"tag-actualites","10":"tag-bretagne","11":"tag-eu","12":"tag-europe","13":"tag-fr","14":"tag-france","15":"tag-intervention","16":"tag-news","17":"tag-place","18":"tag-plongeurs","19":"tag-pompiers","20":"tag-pres","21":"tag-remarquee","22":"tag-rennes","23":"tag-republique-francaise"},"share_on_mastodon":{"url":"https:\/\/pubeurope.com\/@fr\/115082495438737761","error":""},"_links":{"self":[{"href":"https:\/\/www.europesays.com\/fr\/wp-json\/wp\/v2\/posts\/340151","targetHints":{"allow":["GET"]}}],"collection":[{"href":"https:\/\/www.europesays.com\/fr\/wp-json\/wp\/v2\/posts"}],"about":[{"href":"https:\/\/www.europesays.com\/fr\/wp-json\/wp\/v2\/types\/post"}],"author":[{"embeddable":true,"href":"https:\/\/www.europesays.com\/fr\/wp-json\/wp\/v2\/users\/2"}],"replies":[{"embeddable":true,"href":"https:\/\/www.europesays.com\/fr\/wp-json\/wp\/v2\/comments?post=340151"}],"version-history":[{"count":0,"href":"https:\/\/www.europesays.com\/fr\/wp-json\/wp\/v2\/posts\/340151\/revisions"}],"wp:featuredmedia":[{"embeddable":true,"href":"https:\/\/www.europesays.com\/fr\/wp-json\/wp\/v2\/media\/340152"}],"wp:attachment":[{"href":"https:\/\/www.europesays.com\/fr\/wp-json\/wp\/v2\/media?parent=340151"}],"wp:term":[{"taxonomy":"category","embeddable":true,"href":"https:\/\/www.europesays.com\/fr\/wp-json\/wp\/v2\/categories?post=340151"},{"taxonomy":"post_tag","embeddable":true,"href":"https:\/\/www.europesays.com\/fr\/wp-json\/wp\/v2\/tags?post=340151"}],"curies":[{"name":"wp","href":"https:\/\/api.w.org\/{rel}","templated":true}]}}