{"id":340153,"date":"2025-08-24T07:12:16","date_gmt":"2025-08-24T07:12:16","guid":{"rendered":"https:\/\/www.europesays.com\/fr\/340153\/"},"modified":"2025-08-24T07:12:16","modified_gmt":"2025-08-24T07:12:16","slug":"lorient-rennes-arthur-avom-un-talent-a-polir","status":"publish","type":"post","link":"https:\/\/www.europesays.com\/fr\/340153\/","title":{"rendered":"Lorient &#8211; Rennes : Arthur Avom, un talent \u00e0 polir"},"content":{"rendered":"<p>R\u00e9v\u00e9lation du FC Lorient sacr\u00e9 champion de Ligue 2 la saison derni\u00e8re, au point d\u2019int\u00e9grer la s\u00e9lection du Cameroun, Arthur Avom a connu sa premi\u00e8re titularisation en Ligue 1 dimanche dernier <a href=\"https:\/\/www.letelegramme.fr\/sports\/football\/fc-lorient\/battu-a-auxerre-le-fc-lorient-nest-pas-encore-dattaque-pour-son-retour-en-ligue-1-6872675.php\" target=\"_blank\" rel=\"nofollow noopener\">\u00e0 Auxerre (d\u00e9faite 1-0)<\/a>. Le milieu a pu s\u2019\u00e9talonner en jouant l\u2019int\u00e9gralit\u00e9 de la rencontre, avec cinq duels gagn\u00e9s sur huit et 90 % de ses 50 passes r\u00e9ussies. Avant le premier match au Moustoir, ce dimanche (15 h), face au Stade Rennais.<\/p>\n<p>\u00ab Il a encore une marge de progression tr\u00e8s importante \u00bb<\/p>\n<p>\u00ab La premi\u00e8re \u00e0 Auxerre a \u00e9t\u00e9 correcte, sans plus, je pense qu\u2019il est capable de bien mieux, estime <a href=\"https:\/\/www.letelegramme.fr\/sports\/football\/fc-lorient\/on-ne-savait-pas-quil-pouvait-evoluer-en-tant-que-piston-joel-mvuka-decouvre-un-poste-dans-le-nouveau-dispositif-du-fc-lorient-6874993.php\" target=\"_blank\" rel=\"nofollow noopener\">son entra\u00eeneur Oliver Pantaloni<\/a>. Il n\u2019a qu\u2019une ann\u00e9e de Ligue 2 comme exp\u00e9rience, il va falloir qu\u2019il prenne la mesure de l\u2019intensit\u00e9, de l\u2019aspect athl\u00e9tique, parce qu\u2019on est tomb\u00e9 sur des gaillards en face, et sur l\u2019id\u00e9e de jouer beaucoup plus vite. Il est en capacit\u00e9 de rehausser son niveau de jeu, parce qu\u2019il a encore une marge de progression tr\u00e8s importante \u00bb.<\/p>\n<p>L\u2019international camerounais reste lucide malgr\u00e9 ses 20 ans. \u00ab \u00c7a ne s\u2019est pas pass\u00e9 comme je l\u2019esp\u00e9rais, confirme le milieu. L\u2019intensit\u00e9 est diff\u00e9rente dans le sens o\u00f9 on peut passer d\u2019un camp \u00e0 l\u2019autre en deux, trois passes \u00bb. Il sait quand m\u00eame appr\u00e9cier sa situation : \u00ab C\u2019\u00e9tait une fiert\u00e9 de faire mes d\u00e9buts en Ligue 1, l\u2019\u00e9lite du foot fran\u00e7ais, \u00e7a a toujours \u00e9t\u00e9 un r\u00eave pour moi \u00bb.<\/p>\n<p>Du r\u00eave \u00e0 la r\u00e9alit\u00e9, le coach lorientais pr\u00e9cise ses attentes. \u00ab Arthur a un profil encore plus offensif que Laurent (Abergel), c\u2019est quelqu\u2019un qui est capable de nous offrir des solutions de finir des actions et m\u00eame d\u2019en offrir \u00e0 ses partenaires, dans une zone entre les lignes. \u00bb Son capitaine l\u2019a aussi cern\u00e9. \u00ab Il peut devenir un tr\u00e8s bon num\u00e9ro 8 \u00e0 condition qu\u2019il garde cette rage d\u2019aller sur tous les ballons \u00bb, pr\u00e9cisait <a href=\"https:\/\/www.letelegramme.fr\/sports\/football\/fc-lorient\/on-lappelle-le-vieux-la-revelation-lorientaise-avom-ebong-racontee-par-abergel-6752261.php\" target=\"_blank\" rel=\"nofollow noopener\">Laurent Abergel en d\u00e9but d\u2019ann\u00e9e<\/a>.<\/p>\n<p>\u00ab J\u2019essaye de prendre un peu de partout \u00bb<\/p>\n<p>Et le joueur a des mod\u00e8les pour atteindre son but d\u2019\u00e9voluer en Ligue des champions. \u00ab Chez Iniesta, sa palette technique, sa ma\u00eetrise de balle, le contr\u00f4le qu\u2019il a sur le jeu, sa vision de passes m\u2019inspirent, souligne le joueur originaire de Bertoua, \u00e0 l\u2019est de la capitale Yaound\u00e9. On est diff\u00e9rent au niveau athl\u00e9tique, j\u2019ai beaucoup plus regard\u00e9 de ce c\u00f4t\u00e9-l\u00e0 chez Yaya Tour\u00e9, c\u2019est aussi une de mes idoles. J\u2019essaye de prendre un peu de partout. \u00bb<\/p>\n<p>Son nom est sur le march\u00e9 des transferts et un d\u00e9part n\u2019est pas \u00e0 exclure. \u00ab On sait que c\u2019est une \u00e9ventualit\u00e9, parce que le club a besoin de vendre, admet Olivier Pantaloni. On a le sentiment que \u00e7a serait une grosse perte. \u00bb <a href=\"https:\/\/www.letelegramme.fr\/sports\/football\/fc-lorient\/samba-yongwa-pagis-avom-ebong-quatre-garcons-pleins-davenir-au-fc-lorient-6792279.php\" target=\"_blank\" rel=\"nofollow noopener\">Arthur Avom<\/a> garde du recul par rapport \u00e0 cette situation. \u00ab J\u2019ai mon agent qui s\u2019occupe de \u00e7a, moi, je me concentre que sur le terrain. Pour l\u2019instant, je suis \u00e0 Lorient et je me sens bien ici. \u00bb<\/p>\n<p>\u00c0 l\u2019heure du derby breton, Arthur Avom s\u2019implique \u00e0 l\u2019image de son langage d\u2019avant-match. \u00ab Un derby, \u00e7a ne se joue pas, \u00e7a se gagne ! \u00bb Le Camerounais veut poursuivre sa progression. \u00ab J\u2019esp\u00e8re que je serai \u00e0 la hauteur des attentes en Ligue 1, car il va falloir <a href=\"https:\/\/www.letelegramme.fr\/sports\/football\/fc-lorient\/internationaux-du-fc-lorient-avom-ebong-sillustre-avec-le-cameroun-6831644.php\" target=\"_blank\" rel=\"nofollow noopener\">performer comme il faut pour \u00eatre appel\u00e9<\/a> \u00e0 la CAN en d\u00e9cembre \u00bb, cible le jeune homme ambitieux.<\/p>\n","protected":false},"excerpt":{"rendered":"R\u00e9v\u00e9lation du FC Lorient sacr\u00e9 champion de Ligue 2 la saison derni\u00e8re, au point d\u2019int\u00e9grer la s\u00e9lection du&hellip;\n","protected":false},"author":2,"featured_media":340154,"comment_status":"","ping_status":"","sticky":false,"template":"","format":"standard","meta":{"footnotes":""},"categories":[2821],"tags":[1111,11,829,1777,674,3317,63,1011,27,66,1781,12,584,25,60],"class_list":{"0":"post-340153","1":"post","2":"type-post","3":"status-publish","4":"format-standard","5":"has-post-thumbnail","7":"category-rennes","8":"tag-actu","9":"tag-actualites","10":"tag-bretagne","11":"tag-eu","12":"tag-europe","13":"tag-fc-lorient","14":"tag-football","15":"tag-fr","16":"tag-france","17":"tag-ligue-1","18":"tag-lorient","19":"tag-news","20":"tag-rennes","21":"tag-republique-francaise","22":"tag-sports"},"share_on_mastodon":{"url":"https:\/\/pubeurope.com\/@fr\/115082503288627948","error":""},"_links":{"self":[{"href":"https:\/\/www.europesays.com\/fr\/wp-json\/wp\/v2\/posts\/340153","targetHints":{"allow":["GET"]}}],"collection":[{"href":"https:\/\/www.europesays.com\/fr\/wp-json\/wp\/v2\/posts"}],"about":[{"href":"https:\/\/www.europesays.com\/fr\/wp-json\/wp\/v2\/types\/post"}],"author":[{"embeddable":true,"href":"https:\/\/www.europesays.com\/fr\/wp-json\/wp\/v2\/users\/2"}],"replies":[{"embeddable":true,"href":"https:\/\/www.europesays.com\/fr\/wp-json\/wp\/v2\/comments?post=340153"}],"version-history":[{"count":0,"href":"https:\/\/www.europesays.com\/fr\/wp-json\/wp\/v2\/posts\/340153\/revisions"}],"wp:featuredmedia":[{"embeddable":true,"href":"https:\/\/www.europesays.com\/fr\/wp-json\/wp\/v2\/media\/340154"}],"wp:attachment":[{"href":"https:\/\/www.europesays.com\/fr\/wp-json\/wp\/v2\/media?parent=340153"}],"wp:term":[{"taxonomy":"category","embeddable":true,"href":"https:\/\/www.europesays.com\/fr\/wp-json\/wp\/v2\/categories?post=340153"},{"taxonomy":"post_tag","embeddable":true,"href":"https:\/\/www.europesays.com\/fr\/wp-json\/wp\/v2\/tags?post=340153"}],"curies":[{"name":"wp","href":"https:\/\/api.w.org\/{rel}","templated":true}]}}