{"id":340159,"date":"2025-08-24T07:16:12","date_gmt":"2025-08-24T07:16:12","guid":{"rendered":"https:\/\/www.europesays.com\/fr\/340159\/"},"modified":"2025-08-24T07:16:12","modified_gmt":"2025-08-24T07:16:12","slug":"nice-boga-honnetement-javais-faim","status":"publish","type":"post","link":"https:\/\/www.europesays.com\/fr\/340159\/","title":{"rendered":"Nice-Boga: \u00ab\u00a0Honn\u00eatement, j&rsquo;avais faim\u00a0\u00bb"},"content":{"rendered":"<p class=\"date\">\n                                                            Jean Canesse, Media365, publi\u00e9 le dimanche 24 ao\u00fbt 2025 \u00e0 08h40\n                                                    <\/p>\n<p>Premier buteur contre Auxerre samedi, lors du succ\u00e8s 3-1 de Nice, Jeremie Boga n&rsquo;a pas cach\u00e9 sa joie&#8230; ni son incertitude quant \u00e0 son avenir.<\/p>\n<p>Une premi\u00e8re titularisation cette saison, un but, la victoire au bout, la soir\u00e9e fut belle pour Jeremie Boga samedi sur la C\u00f4te d&rsquo;Azur. Apr\u00e8s les deux d\u00e9faites contre Benfica (0-2, 2-0) et celle de la semaine pass\u00e9e face \u00e0 Toulouse (0-1), l&rsquo;ailier ni\u00e7ois cumulait trois petits quarts d&rsquo;heure de jeu en trois entr\u00e9es. En cette fin de semaine, pour la venue de l&rsquo;AJA, l&rsquo;ancien de l&rsquo;Atalanta Bergame a eu le droit cette fois-ci \u00e0 73 minutes d&rsquo;un coup. Un choix payant pour Franck Haise puisque son joueur, pr\u00e9f\u00e9r\u00e9 \u00e0 Badredine Bouanani au coup d&rsquo;envoi, a rapidement ouvert le score (3\u00e8me), en plus de se montrer d\u00e9cisif sur le but contre son camp de Cl\u00e9ment Akpa (25\u00e8me).<\/p>\n<p>\u00ab Jeremie s&rsquo;est forc\u00e9ment interrog\u00e9 pendant la pr\u00e9pa, mais il a boss\u00e9, s&rsquo;est r\u00e9joui son entra\u00eeneur apr\u00e8s la rencontre, dans des propos rapport\u00e9s par L&rsquo;Equipe. Et ces derni\u00e8res semaines, je trouve qu&rsquo;il \u00e9tait de mieux en mieux. A partir du moment o\u00f9 nous avons un Jeremie qui est en forme, qui montre des bonnes choses, \u00e9videmment qu&rsquo;il postule \u00e0 une place de titulaire. Je suis tr\u00e8s content d&rsquo;avoir Jeremie dans cet \u00e9tat de forme, il est totalement dans le projet.\u00a0\u00bb<\/p>\n<p>\u00ab\u00a0J&rsquo;\u00e9tais un peu dans le flou\u00a0\u00bb<\/p>\n<p>Le joueur, lui, n&rsquo;a pas annonc\u00e9 samedi soir qu&rsquo;il serait encore au Gym apr\u00e8s la cl\u00f4ture du mercato. \u00ab\u00a0Pour l&rsquo;instant, je suis \u00e0 Nice, je n&rsquo;ai la t\u00eate qu&rsquo;\u00e0 Nice, a-t-il balay\u00e9 tout en reconnaissant certaines pr\u00e9occupations. Ce sont toujours des p\u00e9riodes un peu compliqu\u00e9es. C&rsquo;est vrai que j&rsquo;\u00e9tais un peu dans le fou mais \u00e7a fait deux semaines que je m&rsquo;entra\u00eene tr\u00e8s bien. Je suis impliqu\u00e9, je suis \u00e0 fond. Et je pense que \u00e7a s&rsquo;est vu aujourd&rsquo;hui. \u00bb<\/p>\n<p>Align\u00e9 attaquant gauche, ce qui a d\u00e9cal\u00e9 la recrue Isak Jansson c\u00f4t\u00e9 droit, Boga a en tout cas appr\u00e9ci\u00e9 marquer aussi vite et se retrouver notamment dans la zone de v\u00e9rit\u00e9, pr\u00e8s du but. \u00ab\u00a0Le coach me r\u00e9p\u00e8te beaucoup d&rsquo;\u00eatre plus dans la surface, d&rsquo;y faire des appels, pr\u00e9cise-t-il. C&rsquo;est un but que je ne marque pas souvent mais que je dois marquer plus souvent.\u00a0\u00bb<\/p>\n<p>Sorti \u00e0 la 73\u00e8me minute, moins en vue qu&rsquo;en premi\u00e8re p\u00e9riode, Boga estime alors avoir \u00e9t\u00e9 \u00ab\u00a0un peu dans le dur\u00a0\u00bb mais rien d&rsquo;anormal, selon lui, pour sa premi\u00e8re titularisation. \u00ab\u00a0Honn\u00eatement, j&rsquo;avais faim, a-t-il surtout avanc\u00e9 alors que son \u00e9quipe s&rsquo;\u00e9tait fait plut\u00f4t secouer apr\u00e8s ses trois premi\u00e8res sorties. \u00c7a a piqu\u00e9 un peu tout le monde, moi le premier. J&rsquo;avais \u00e0 c\u0153ur de montrer le vrai visage de Jeremie, celui que l&rsquo;on conna\u00eet tous.\u00a0\u00bb Le reverra-t-on r\u00e9guli\u00e8rement \u00e0 Nice cette saison, d\u00e9part ou non, ceci est une autre question.<\/p>\n","protected":false},"excerpt":{"rendered":"Jean Canesse, Media365, publi\u00e9 le dimanche 24 ao\u00fbt 2025 \u00e0 08h40 Premier buteur contre Auxerre samedi, lors du&hellip;\n","protected":false},"author":2,"featured_media":340160,"comment_status":"","ping_status":"","sticky":false,"template":"","format":"standard","meta":{"footnotes":""},"categories":[2819],"tags":[1111,11,1777,674,1011,27,12,2401,882,25],"class_list":{"0":"post-340159","1":"post","2":"type-post","3":"status-publish","4":"format-standard","5":"has-post-thumbnail","7":"category-nice","8":"tag-actu","9":"tag-actualites","10":"tag-eu","11":"tag-europe","12":"tag-fr","13":"tag-france","14":"tag-news","15":"tag-nice","16":"tag-provence-alpes-cote-dazur","17":"tag-republique-francaise"},"share_on_mastodon":{"url":"https:\/\/pubeurope.com\/@fr\/115082519003486896","error":""},"_links":{"self":[{"href":"https:\/\/www.europesays.com\/fr\/wp-json\/wp\/v2\/posts\/340159","targetHints":{"allow":["GET"]}}],"collection":[{"href":"https:\/\/www.europesays.com\/fr\/wp-json\/wp\/v2\/posts"}],"about":[{"href":"https:\/\/www.europesays.com\/fr\/wp-json\/wp\/v2\/types\/post"}],"author":[{"embeddable":true,"href":"https:\/\/www.europesays.com\/fr\/wp-json\/wp\/v2\/users\/2"}],"replies":[{"embeddable":true,"href":"https:\/\/www.europesays.com\/fr\/wp-json\/wp\/v2\/comments?post=340159"}],"version-history":[{"count":0,"href":"https:\/\/www.europesays.com\/fr\/wp-json\/wp\/v2\/posts\/340159\/revisions"}],"wp:featuredmedia":[{"embeddable":true,"href":"https:\/\/www.europesays.com\/fr\/wp-json\/wp\/v2\/media\/340160"}],"wp:attachment":[{"href":"https:\/\/www.europesays.com\/fr\/wp-json\/wp\/v2\/media?parent=340159"}],"wp:term":[{"taxonomy":"category","embeddable":true,"href":"https:\/\/www.europesays.com\/fr\/wp-json\/wp\/v2\/categories?post=340159"},{"taxonomy":"post_tag","embeddable":true,"href":"https:\/\/www.europesays.com\/fr\/wp-json\/wp\/v2\/tags?post=340159"}],"curies":[{"name":"wp","href":"https:\/\/api.w.org\/{rel}","templated":true}]}}