{"id":340162,"date":"2025-08-24T07:20:09","date_gmt":"2025-08-24T07:20:09","guid":{"rendered":"https:\/\/www.europesays.com\/fr\/340162\/"},"modified":"2025-08-24T07:20:09","modified_gmt":"2025-08-24T07:20:09","slug":"une-femme-de-51-activement-recherchee-pres-de-bordeaux","status":"publish","type":"post","link":"https:\/\/www.europesays.com\/fr\/340162\/","title":{"rendered":"une femme de 51 activement recherch\u00e9e pr\u00e8s de Bordeaux"},"content":{"rendered":"<p>            Par<br \/>\n        <strong><br \/>\n            <a href=\"https:\/\/actu.fr\/auteur\/redaction-bordeaux\" title=\"Consulter tous les articles de R\u00e9daction Bordeaux\" target=\"_blank\" rel=\"noopener\">R\u00e9daction Bordeaux<\/a><br \/>\n        <\/strong><\/p>\n<p>        Publi\u00e9 le<\/p>\n<p>            24 ao\u00fbt 2025 \u00e0 9h17        <\/p>\n<p>Samedi 23 ao\u00fbt 2025, en fin de journ\u00e9e, la <a href=\"https:\/\/actu.fr\/nouvelle-aquitaine\/saint-jean-d-illac_33422\/un-homme-retranche-chez-lui-tire-en-direction-des-gendarmes-dans-une-commune-non-loin-de-bordeaux_62899547.html\" target=\"_blank\" rel=\"noopener\">gendarmerie<\/a> de <a href=\"https:\/\/actu.fr\/bordeaux\/\" target=\"_blank\" rel=\"noopener\">Gironde<\/a> a lanc\u00e9 un appel \u00e0 t\u00e9moins pour retrouver une femme de 51 ans dont la disparition est jug\u00e9e inqui\u00e9tante.\u00a0<\/p>\n<p class=\" wall-content\">Elle se nomme Myriam V\u00e9zien, elle habite sur la rive droite de Bordeaux mais elle n\u2019a plus donn\u00e9 signe de vie. D\u2019apr\u00e8s l\u2019avis de recherche, c\u2019est une \u00ab\u00a0personne <strong>d\u00e9pressive<\/strong>, susceptible d\u2019attenter \u00e0 ses jours\u00a0\u00bb.\u00a0<\/p>\n<p class=\" wall-content\">Cette femme mesure 1,60m, elle est de corpulence mince avec des cheveux blancs courts et raides. Elle porte des lunettes de vue et poss\u00e8de une Citro\u00ebn DS3 Crossback de couleur gris anthracite, immatricul\u00e9e GC-033-WL. Si vous avez des informations, <strong>contactez la gendarmerie de Carbon-Blanc<\/strong> au 05.57.77.53.10<\/p>\n<p class=\" wall-content\">Personnalisez votre actualit\u00e9 en ajoutant vos villes et m\u00e9dias en favori avec <a href=\"https:\/\/moncompte.actu.fr\" title=\"D\u00e9couvez Mon Actu\" rel=\"nofollow noopener\" data-trk=\"{&quot;cta&quot;:{&quot;action&quot;:&quot;https:\\\/\\\/moncompte.actu.fr&quot;,&quot;category&quot;:&quot;mon compte&quot;,&quot;from&quot;:&quot;article footer&quot;,&quot;name&quot;:&quot;Mon actu&quot;,&quot;type&quot;:&quot;cta&quot;}}\" target=\"_blank\">Mon Actu<\/a>.<\/p>\n","protected":false},"excerpt":{"rendered":"Par R\u00e9daction Bordeaux Publi\u00e9 le 24 ao\u00fbt 2025 \u00e0 9h17 Samedi 23 ao\u00fbt 2025, en fin de journ\u00e9e,&hellip;\n","protected":false},"author":2,"featured_media":340163,"comment_status":"","ping_status":"","sticky":false,"template":"","format":"standard","meta":{"footnotes":""},"categories":[2817],"tags":[1111,11,1997,3676,1777,674,118,1011,27,3381,12,2219,25],"class_list":{"0":"post-340162","1":"post","2":"type-post","3":"status-publish","4":"format-standard","5":"has-post-thumbnail","7":"category-bordeaux","8":"tag-actu","9":"tag-actualites","10":"tag-bordeaux","11":"tag-disparition-inquietante","12":"tag-eu","13":"tag-europe","14":"tag-faits-divers","15":"tag-fr","16":"tag-france","17":"tag-gendarmerie","18":"tag-news","19":"tag-nouvelle-aquitaine","20":"tag-republique-francaise"},"share_on_mastodon":{"url":"https:\/\/pubeurope.com\/@fr\/115082535132480281","error":""},"_links":{"self":[{"href":"https:\/\/www.europesays.com\/fr\/wp-json\/wp\/v2\/posts\/340162","targetHints":{"allow":["GET"]}}],"collection":[{"href":"https:\/\/www.europesays.com\/fr\/wp-json\/wp\/v2\/posts"}],"about":[{"href":"https:\/\/www.europesays.com\/fr\/wp-json\/wp\/v2\/types\/post"}],"author":[{"embeddable":true,"href":"https:\/\/www.europesays.com\/fr\/wp-json\/wp\/v2\/users\/2"}],"replies":[{"embeddable":true,"href":"https:\/\/www.europesays.com\/fr\/wp-json\/wp\/v2\/comments?post=340162"}],"version-history":[{"count":0,"href":"https:\/\/www.europesays.com\/fr\/wp-json\/wp\/v2\/posts\/340162\/revisions"}],"wp:featuredmedia":[{"embeddable":true,"href":"https:\/\/www.europesays.com\/fr\/wp-json\/wp\/v2\/media\/340163"}],"wp:attachment":[{"href":"https:\/\/www.europesays.com\/fr\/wp-json\/wp\/v2\/media?parent=340162"}],"wp:term":[{"taxonomy":"category","embeddable":true,"href":"https:\/\/www.europesays.com\/fr\/wp-json\/wp\/v2\/categories?post=340162"},{"taxonomy":"post_tag","embeddable":true,"href":"https:\/\/www.europesays.com\/fr\/wp-json\/wp\/v2\/tags?post=340162"}],"curies":[{"name":"wp","href":"https:\/\/api.w.org\/{rel}","templated":true}]}}