{"id":340164,"date":"2025-08-24T07:21:37","date_gmt":"2025-08-24T07:21:37","guid":{"rendered":"https:\/\/www.europesays.com\/fr\/340164\/"},"modified":"2025-08-24T07:21:37","modified_gmt":"2025-08-24T07:21:37","slug":"national-2-vainqueur-des-girondins-de-bordeaux-granville-lance-sa-saison-sport","status":"publish","type":"post","link":"https:\/\/www.europesays.com\/fr\/340164\/","title":{"rendered":"National 2. Vainqueur des Girondins de Bordeaux, Granville lance sa saison . Sport"},"content":{"rendered":"<p>Le <a href=\"https:\/\/granville.maville.com\/sport\/detail_-malgre-les-bonnes-intentions-granville-concede-le-nul-_10-6937317_actu.Htm\" target=\"_blank\" rel=\"nofollow noopener\">nul conc\u00e9d\u00e9 \u00e0 la maison face \u00e0 Chauray (0-0)<\/a> a \u00e9t\u00e9 rattrap\u00e9. Et de quelle mani\u00e8re. L\u2019USG est all\u00e9 chercher un succ\u00e8s \u00e0 Bordeaux, au terme d\u2019un match s\u00e9rieux et abouti. De quoi r\u00e9jouir le coach, Matthias Jouan\u00a0: \u00ab <strong>Nous avons montr\u00e9 des valeurs de combat qu\u2019il va falloir garder. On s\u2019est adapt\u00e9 \u00e0 l\u2019\u00e9tat du terrain, la FFF aurait d\u2019ailleurs d\u00fb inverser le match, favoriser le jeu. Pour notre part, nous nous sommes montr\u00e9s plus compacts apr\u00e8s la pause. Nous avons alors gagn\u00e9 les deuxi\u00e8mes ballons pour aller au but. Cette victoire est une bonne op\u00e9ration. Nous avons \u00e9t\u00e9 bien en place et solides pour conserver ce succ\u00e8s.<\/strong>\u00a0\u00bb<\/p>\n<p>Un \u00e9clair, un but, beaucoup d\u2019approximations<\/p>\n<p>Les Granvillais rentraient parfaitement dans cette rencontre, en contr\u00f4lant des Bordelais peu incisifs. Sur une pelouse ab\u00eem\u00e9e, et m\u00eame pel\u00e9e sur toute la partie centrale, les Normands se mettaient les premiers en action sur un centre c\u00f4t\u00e9 droit de Lemarie pour Djedje, lequel tentait un retourn\u00e9 acrobatique qui passait au-dessus du but girondin (12\u2019). Un \u00e9clair et puis c\u2019est tout, dans une premi\u00e8re p\u00e9riode pauvre en jeu, avec des Bordelais multipliant les approximations techniques et un onze de l\u2019USG en position d\u2019attente. Un sc\u00e9nario qui perdurait jusqu\u2019\u00e0 la fin de la premi\u00e8re p\u00e9riode.<\/p>\n<p><strong>Lire aussi\u00a0: <\/strong> <a href=\"https:\/\/granville.maville.com\/sport\/detail_-kenny-herbin-c-est-un-plaisir-de-jouer-avec-mon-frere-anthony-_10-6944274_actu.Htm\" target=\"_self\" rel=\"nofollow noopener\">Kenny Herbin\u00a0: \u00ab\u00a0C\u2019est un plaisir de jouer avec mon fr\u00e8re Anthony\u00a0\u00bb<\/a><\/p>\n<p>Les Bordelais mettaient ensuite la pression sur la d\u00e9fense granvillaise d\u00e8s le retour des vestiaires. Le match s\u2019emballait au niveau du jeu et du rythme, mais les joueurs de Matthias Jouan tenaient parfaitement. L\u2019orage durait quelques minutes de plus, avant que les Bordelais ne retombent dans leurs travers. Les joueurs de l\u2019USG en profitaient alors pour sortir et faire circuler le ballon, sans toutefois parvenir \u00e0 se cr\u00e9er de situations dangereuses. Djedje tentait tout de m\u00eame une frappe lointaine, mais celle-ci passait largement au-dessus du but (61\u2019).<\/p>\n<p>Les efforts normands dans le jeu \u00e9taient finalement r\u00e9compens\u00e9s. Sur un centre de Djedje, Herbin, cinq minutes apr\u00e8s son entr\u00e9e en jeu, pla\u00e7ait une t\u00eate crois\u00e9e pour ouvrir le score (0-1, 67\u2019). Un but qui sonnait des Bordelais totalement d\u00e9boussol\u00e9s et qui multipliaient les approximations. Une aubaine pour les Normands qui ont tenu bon jusqu\u2019au bout.<\/p>\n<p>La fiche technique<\/p>\n<p><strong>BORDEAUX &#8211; GRANVILLE\u00a0: 1-0<\/strong> (0-0)<\/p>\n<p><strong>BUT.<\/strong>\u00a0K. Herbin (67\u2019).<\/p>\n<p><strong>AVERTISSEMENTS.<\/strong> Bordeaux\u00a0: Ba (81\u2019), Openda (88\u2019), Bahassa (90\u2019+3).<\/p>\n<p><strong>BORDEAUX\u00a0:<\/strong> Hoekstra &#8211; Trichard (Moreau Nguyen, 75\u2019), Droehnle, Grillot, Ba, Jousselin (Bahassa, 75\u2019) &#8211; Odru, Diop, Openda &#8211; Shamal (Etonde, 64\u2019), Villette.<\/p>\n<p><strong>GRANVILLE\u00a0:<\/strong> A. Herbin &#8211; Lemarie, Lemeray, Diarra, Emmanuelli &#8211; Coulibaly, Djedje (Lemaire, 90\u2019+\u00a02), Rubio (Lepenant, 79\u2019), Mouniama &#8211; Sidibe (K. Herbin, 62\u2019), Misse (Traor\u00e9, 79\u2019).<\/p>\n<p>\u00a0<\/p>\n","protected":false},"excerpt":{"rendered":"Le nul conc\u00e9d\u00e9 \u00e0 la maison face \u00e0 Chauray (0-0) a \u00e9t\u00e9 rattrap\u00e9. Et de quelle mani\u00e8re. L\u2019USG&hellip;\n","protected":false},"author":2,"featured_media":340165,"comment_status":"","ping_status":"","sticky":false,"template":"","format":"standard","meta":{"footnotes":""},"categories":[2817],"tags":[1111,11,3809,1465,1997,1777,674,63,1011,27,4044,1792,1922,12,2219,25,479,517,1470],"class_list":{"0":"post-340164","1":"post","2":"type-post","3":"status-publish","4":"format-standard","5":"has-post-thumbnail","7":"category-bordeaux","8":"tag-actu","9":"tag-actualites","10":"tag-ball","11":"tag-basket","12":"tag-bordeaux","13":"tag-eu","14":"tag-europe","15":"tag-football","16":"tag-fr","17":"tag-france","18":"tag-guingamp","19":"tag-handball","20":"tag-info","21":"tag-news","22":"tag-nouvelle-aquitaine","23":"tag-republique-francaise","24":"tag-rugby","25":"tag-sport","26":"tag-volley"},"share_on_mastodon":{"url":"https:\/\/pubeurope.com\/@fr\/115082538779162616","error":""},"_links":{"self":[{"href":"https:\/\/www.europesays.com\/fr\/wp-json\/wp\/v2\/posts\/340164","targetHints":{"allow":["GET"]}}],"collection":[{"href":"https:\/\/www.europesays.com\/fr\/wp-json\/wp\/v2\/posts"}],"about":[{"href":"https:\/\/www.europesays.com\/fr\/wp-json\/wp\/v2\/types\/post"}],"author":[{"embeddable":true,"href":"https:\/\/www.europesays.com\/fr\/wp-json\/wp\/v2\/users\/2"}],"replies":[{"embeddable":true,"href":"https:\/\/www.europesays.com\/fr\/wp-json\/wp\/v2\/comments?post=340164"}],"version-history":[{"count":0,"href":"https:\/\/www.europesays.com\/fr\/wp-json\/wp\/v2\/posts\/340164\/revisions"}],"wp:featuredmedia":[{"embeddable":true,"href":"https:\/\/www.europesays.com\/fr\/wp-json\/wp\/v2\/media\/340165"}],"wp:attachment":[{"href":"https:\/\/www.europesays.com\/fr\/wp-json\/wp\/v2\/media?parent=340164"}],"wp:term":[{"taxonomy":"category","embeddable":true,"href":"https:\/\/www.europesays.com\/fr\/wp-json\/wp\/v2\/categories?post=340164"},{"taxonomy":"post_tag","embeddable":true,"href":"https:\/\/www.europesays.com\/fr\/wp-json\/wp\/v2\/tags?post=340164"}],"curies":[{"name":"wp","href":"https:\/\/api.w.org\/{rel}","templated":true}]}}