{"id":340166,"date":"2025-08-24T07:22:09","date_gmt":"2025-08-24T07:22:09","guid":{"rendered":"https:\/\/www.europesays.com\/fr\/340166\/"},"modified":"2025-08-24T07:22:09","modified_gmt":"2025-08-24T07:22:09","slug":"atteint-dun-cancer-a-19-ans-raphael-lance-un-ultime-appel-a-toulouse","status":"publish","type":"post","link":"https:\/\/www.europesays.com\/fr\/340166\/","title":{"rendered":"atteint d&rsquo;un cancer \u00e0 19 ans, Rapha\u00ebl lance un ultime appel \u00e0 Toulouse"},"content":{"rendered":"<p>            Par<br \/>\n        <strong><br \/>\n            <a href=\"https:\/\/actu.fr\/auteur\/enzo-legros\" title=\"Consulter tous les articles de Enzo Legros\" target=\"_blank\" rel=\"noopener\">Enzo Legros<\/a><br \/>\n        <\/strong><\/p>\n<p>        Publi\u00e9 le<\/p>\n<p>            24 ao\u00fbt 2025 \u00e0 9h12        <\/p>\n<p>Depuis plusieurs semaines, Rapha\u00ebl est lanc\u00e9 \u00e0 19\u00a0ans dans une <strong>terrible course contre la montre<\/strong> \u00e0 Toulouse. Atteint d\u2019un cancer du sang depuis 2017, l\u2019\u00e9tudiant encha\u00eene les r\u00e9cidives depuis maintenant huit ans, et cette fois, cela pourrait \u00eatre la derni\u00e8re. S\u2019il ne trouve pas rapidement un donneur de moelle osseuse compatible avec son patrimoine g\u00e9n\u00e9tique, <strong>il perdra la vie<\/strong>. Contact\u00e9s par <a href=\"https:\/\/actu.fr\/toulouse\/\" target=\"_blank\" rel=\"noopener\">Actu Toulouse<\/a>, le jeune Toulousain et sa m\u00e8re adoptive racontent le quotidien insoutenable dans lequel ils sont plong\u00e9s, dans l\u2019attente d\u2019un sauveur.<\/p>\n<p>Le don comme seul espoir<\/p>\n<p class=\" wall-content\">Apr\u00e8s avoir v\u00e9cu des jours durant dans une chambre de <a href=\"https:\/\/actu.fr\/occitanie\/toulouse_31555\/toulouse-cancer-les-bons-resultats-de-l-iuct-oncopole-salues-par-un-classement-national_62017577.html\" target=\"_blank\" rel=\"noopener\">l\u2019Oncopole de Toulouse<\/a>, Rapha\u00ebl revient maintenant cinq jours par semaine aupr\u00e8s de sa m\u00e8re, Isabelle. \u00ab\u2009Le traitement qu\u2019il prenait d\u00e9sactivait son syst\u00e8me immunitaire, maintenant il peut reprendre un semblant de vie normal\u2009\u00bb, se r\u00e9jouit-elle. Mais malgr\u00e9 cette bonne nouvelle, <strong>l\u2019heure est tr\u00e8s grave pour la famille.<\/strong><\/p>\n<p class=\" wall-content\">Quinze mois apr\u00e8s un don de sang de cordon, une man\u0153uvre permettant de reconstituer la moelle osseuse, celui qui devait entrer en \u00e9tude d\u2019informatique endure une nouvelle r\u00e9cidive, la troisi\u00e8me en huit ans. Tous les traitements ayant \u00e9t\u00e9 essay\u00e9s, <strong>seul un don de moelle osseuse pourra le sauver<\/strong>. \u00ab\u2009C\u2019est ma derni\u00e8re chance de survie\u2009\u00bb, r\u00e9sume Rapha\u00ebl.<\/p>\n<p class=\" wall-content\"><a href=\"https:\/\/www.instagram.com\/reel\/DNi1GhKIX3W\/embed\" title=\"Ouvrir le lien sur Instagram\" target=\"_blank\" rel=\"noopener\">Visualiser le contenu sur Instagram<\/a><\/p>\n<p>\u00abIl y a une chance sur un million\u2009\u00bb<\/p>\n<p class=\" wall-content\">Le grand fl\u00e9au pour les victimes de cancer du sang est le manque de donneurs. \u00ab\u2009Quand on dit aux gens de donner leur moelle osseuse, ils confondent avec la moelle \u00e9pini\u00e8re et croient que \u00e7a peut les paralyser, mais pas du tout\u2009\u00bb, d\u00e9plore Isabelle. Maintenant, trouver un volontaire n\u2019est plus une option. Seulement <strong>un d\u00e9tail complique les choses<\/strong> pour Rapha\u00ebl.<\/p>\n<p>Vid\u00e9os : en ce moment sur Actu<\/p>\n<p class=\" wall-content\">Il a \u00e9t\u00e9 adopt\u00e9 par sa famille fran\u00e7aise apr\u00e8s \u00eatre n\u00e9 au Vietnam. Son patrimoine g\u00e9n\u00e9tique est diff\u00e9rent de celui des donneurs fran\u00e7ais et europ\u00e9ens. Pour survivre, il a besoin d\u2019un<strong> don d\u2019une personne asiatique ou vietnamienne<\/strong>. \u00ab\u2009En fait, quand il n\u2019y a pas de fr\u00e8res ou s\u0153urs, il y a une chance sur un million de trouver un donneur compatible\u2009\u00bb, explique Kenza S\u00e9villa, membre de l\u2019association Leuc\u00e9mie Espoir Occitanie et proche soutien de la famille.<\/p>\n<p>\u00ab\u2009J\u2019ai mis ma vie sociale sur pause\u2009\u00bb<\/p>\n<p class=\" wall-content\">Rapha\u00ebl prend son mal en patience, avec <strong>l\u2019espoir d\u2019\u00eatre sauv\u00e9 par un inconnu<\/strong>. \u00ab\u2009Il y a beaucoup de gens qui relayent mon appel, c\u2019est encourageant\u2009\u00bb, souffle-t-il. En attendant, toute sa vie a chang\u00e9. \u00ab\u2009J\u2019ai d\u00fb arr\u00eater mes \u00e9tudes et j\u2019ai mis ma vie sociale sur pause\u2009\u00bb, t\u00e9moigne l\u2019int\u00e9ress\u00e9.<\/p>\n<p>Votre r\u00e9gion, votre actu !<\/p>\n<p>Recevez chaque jour les infos qui comptent pour vous.<\/p>\n<p>\t<a href=\"https:\/\/actu.fr\/newsletter\" class=\"ac-btn ac-btn--corner ac-btn--medium ac-btn--blue800\" target=\"_blank\" rel=\"noopener\">S&rsquo;incrire<\/a><\/p>\n<p class=\" wall-content\">Apr\u00e8s huit ann\u00e9es de traitement pour aboutir \u00e0 une r\u00e9mission positive jusqu\u2019ici, la survenue de cette r\u00e9cidive foudroyante, d\u00e9couverte lors d\u2019une banale prise de sang, l\u2019a heurt\u00e9 plus que jamais.<strong> \u00ab\u2009J\u2019\u00e9tais choqu\u00e9, ce n\u2019\u00e9tait pas croyable\u2009\u00bb<\/strong>, se souvient Rapha\u00ebl.<\/p>\n<p>Huit ans de combat contre la maladie<\/p>\n<p class=\" wall-content\">Depuis 2017, il sera pass\u00e9 par toutes les \u00e9motions, \u00e0 commencer par le d\u00e9pistage inattendu de <a href=\"http:\/\/actu.fr\/tag\/maladie\" target=\"_blank\" rel=\"noopener\">la maladie<\/a>. \u00ab\u2009C\u2019\u00e9tait lors d\u2019un voyage au Vietnam, ce sont les habitants locaux qui m\u2019ont fait remarquer que j\u2019avais des sympt\u00f4mes\u2009\u00bb raconte Rapha\u00ebl. Sa m\u00e8re aussi l\u2019avait vu, sans savoir ce qu\u2019il l\u2019attendait.<\/p>\n<blockquote class=\"ac-article-quote wall-content\">\n<p>Il \u00e9tait fatigu\u00e9, c&rsquo;\u00e9tait \u00e0 la fin de l&rsquo;ann\u00e9e scolaire donc on s&rsquo;est dit que c&rsquo;\u00e9tait normal. Puis on a remarqu\u00e9 qu&rsquo;il \u00e9tait essouffl\u00e9 quand on est all\u00e9 en altitude. C&rsquo;\u00e9tait en fait \u00e0 cause d&rsquo;un manque d&rsquo;oxyg\u00e8ne li\u00e9 \u00e0 sa leuc\u00e9mie.<\/p>\n<p>    <strong>Isabelle<\/strong><br \/>\n        M\u00e8re adoptive de Rapha\u00ebl    <\/p><\/blockquote>\n<p class=\" wall-content\">Depuis, son fils vit au rythme des r\u00e9missions et des rechutes. Maintenant, \u00ab\u2009il faut que les donneurs se manifestent tr\u00e8s vite\u2009\u00bb, alerte Isabelle, qui esp\u00e8re aussi faire sonner un message de sensibilisation sur l\u2019importance du don. Car la vie de Rapha\u00ebl, comme celle de tant d\u2019autres victimes de cancer,<strong>\u00a0n\u2019est plus entre ses mains.<\/strong><\/p>\n<p>Pour s\u2019inscrire comme donneur de moelle osseuse, il suffit de se rendre sur le site <a href=\"https:\/\/www.dondemoelleosseuse.fr\/se_preinscrire\/infos\/1\" target=\"_blank\" rel=\"noopener\">www.dondemoelleosseuse.fr<\/a> et d\u2019\u00eatre \u00e2g\u00e9 de 18 \u00e0 35\u00a0ans. Le don n\u2019est pas douloureux, et ne pr\u00e9sente que tr\u00e8s peu de risques.<\/p>\n<p class=\" wall-content\">Personnalisez votre actualit\u00e9 en ajoutant vos villes et m\u00e9dias en favori avec <a href=\"https:\/\/moncompte.actu.fr\" title=\"D\u00e9couvez Mon Actu\" rel=\"nofollow noopener\" data-trk=\"{&quot;cta&quot;:{&quot;action&quot;:&quot;https:\\\/\\\/moncompte.actu.fr&quot;,&quot;category&quot;:&quot;mon compte&quot;,&quot;from&quot;:&quot;article footer&quot;,&quot;name&quot;:&quot;Mon actu&quot;,&quot;type&quot;:&quot;cta&quot;}}\" target=\"_blank\">Mon Actu<\/a>.<\/p>\n<p>                    <script async src=\"\/\/www.instagram.com\/embed.js\"><\/script><\/p>\n","protected":false},"excerpt":{"rendered":"Par Enzo Legros Publi\u00e9 le 24 ao\u00fbt 2025 \u00e0 9h12 Depuis plusieurs semaines, Rapha\u00ebl est lanc\u00e9 \u00e0 19\u00a0ans&hellip;\n","protected":false},"author":2,"featured_media":340167,"comment_status":"","ping_status":"","sticky":false,"template":"","format":"standard","meta":{"footnotes":""},"categories":[2816],"tags":[1111,11,1777,674,1011,27,226,12,2680,25,104,3400,240,2312],"class_list":{"0":"post-340166","1":"post","2":"type-post","3":"status-publish","4":"format-standard","5":"has-post-thumbnail","7":"category-toulouse","8":"tag-actu","9":"tag-actualites","10":"tag-eu","11":"tag-europe","12":"tag-fr","13":"tag-france","14":"tag-maladie","15":"tag-news","16":"tag-occitanie","17":"tag-republique-francaise","18":"tag-societe","19":"tag-solidarite","20":"tag-temoignage","21":"tag-toulouse"},"share_on_mastodon":{"url":"https:\/\/pubeurope.com\/@fr\/115082542654708220","error":""},"_links":{"self":[{"href":"https:\/\/www.europesays.com\/fr\/wp-json\/wp\/v2\/posts\/340166","targetHints":{"allow":["GET"]}}],"collection":[{"href":"https:\/\/www.europesays.com\/fr\/wp-json\/wp\/v2\/posts"}],"about":[{"href":"https:\/\/www.europesays.com\/fr\/wp-json\/wp\/v2\/types\/post"}],"author":[{"embeddable":true,"href":"https:\/\/www.europesays.com\/fr\/wp-json\/wp\/v2\/users\/2"}],"replies":[{"embeddable":true,"href":"https:\/\/www.europesays.com\/fr\/wp-json\/wp\/v2\/comments?post=340166"}],"version-history":[{"count":0,"href":"https:\/\/www.europesays.com\/fr\/wp-json\/wp\/v2\/posts\/340166\/revisions"}],"wp:featuredmedia":[{"embeddable":true,"href":"https:\/\/www.europesays.com\/fr\/wp-json\/wp\/v2\/media\/340167"}],"wp:attachment":[{"href":"https:\/\/www.europesays.com\/fr\/wp-json\/wp\/v2\/media?parent=340166"}],"wp:term":[{"taxonomy":"category","embeddable":true,"href":"https:\/\/www.europesays.com\/fr\/wp-json\/wp\/v2\/categories?post=340166"},{"taxonomy":"post_tag","embeddable":true,"href":"https:\/\/www.europesays.com\/fr\/wp-json\/wp\/v2\/tags?post=340166"}],"curies":[{"name":"wp","href":"https:\/\/api.w.org\/{rel}","templated":true}]}}