{"id":340170,"date":"2025-08-24T07:25:22","date_gmt":"2025-08-24T07:25:22","guid":{"rendered":"https:\/\/www.europesays.com\/fr\/340170\/"},"modified":"2025-08-24T07:25:22","modified_gmt":"2025-08-24T07:25:22","slug":"monaco-a-quelle-heure-et-sur-quelle-chaine-suivre-la-rencontre-de-ligue-1","status":"publish","type":"post","link":"https:\/\/www.europesays.com\/fr\/340170\/","title":{"rendered":"Monaco : \u00e0 quelle heure et sur quelle cha\u00eene suivre la rencontre de Ligue 1 ?"},"content":{"rendered":"<p>Le choc entre Lille et Monaco promet une affiche anim\u00e9e d\u00e8s la deuxi\u00e8me journ\u00e9e de Ligue 1 McDonald\u2019s. Entre un LOSC accroch\u00e9 \u00e0 Brest et un ASM ultra-convaincant au Havre, l\u2019opposition s\u2019annonce palpitante. D\u00e9couvrez ici \u00e0 quelle heure et sur quelle cha\u00eene suivre le match en direct.<\/p>\n<p>La Ligue 1 McDonald\u2019s revient avec une affiche de choix entre Lille et Monaco ce dimanche 24 ao\u00fbt, pour la deuxi\u00e8me journ\u00e9e du championnat. Les Dogues, emmen\u00e9s par <a href=\"https:\/\/www.programme-tv.net\/biographie\/245093-giroud-olivier\/\" data-link-people=\"29b74f7a-904a-4a66-8be0-9c88b8f1943d\" target=\"_blank\" rel=\"noopener\">Olivier Giroud<\/a>, ont entam\u00e9 la saison par un nul spectaculaire face \u00e0 Brest (3-3). L\u2019attaquant champion du monde 2018 a marqu\u00e9 d\u00e8s ses d\u00e9buts, confirmant qu\u2019il pourrait \u00eatre l\u2019une des attractions du championnat. Malgr\u00e9 une avance de deux buts avant la demi-heure de jeu, les Lillois ont laiss\u00e9 filer le succ\u00e8s en r\u00e9v\u00e9lant quelques fragilit\u00e9s d\u00e9fensives. Monaco, de son c\u00f4t\u00e9, a d\u00e9marr\u00e9 en fanfare en disposant du Havre (3-1). Dominateurs dans le jeu avec 75 % de possession, les hommes d\u2019Adi H\u00fctter ont confirm\u00e9 leur efficacit\u00e9 offensive et se pr\u00e9sentent en leaders provisoires du championnat. Cette rencontre entre un LOSC ambitieux mais encore en rodage et une \u00e9quipe de l&rsquo;ASM d\u00e9j\u00e0 en confiance devrait donner le ton de la saison \u00e0 venir.<\/p>\n<p>                        Diffusion : \u00e0 quelle heure et sur quelle cha\u00eene voir Lille &#8211; Monaco ?<\/p>\n<p><b>Le choc Lille &#8211; Monaco, pour la 2\u1d49 journ\u00e9e de Ligue 1 McDonald\u2019s, sera diffus\u00e9 ce dimanche 24 ao\u00fbt \u00e0 20h45 en prime time sur Ligue 1+<\/b>. L\u2019application est disponible sur tous vos \u00e9crans : Smart TV, ordinateur, tablette et smartphone. Pour en profiter, il suffit de <a href=\"https:\/\/dazn.prf.hn\/click\/camref:1101l3GPiM\" rel=\"nofollow noopener\" target=\"_blank\">passer par DAZN<\/a>, qui propose actuellement une offre de lancement int\u00e9ressante : 9,99 \u20ac par mois pendant trois mois, puis 14,99 \u20ac par mois pendant 9 mois. Attention, cette promotion prend fin le 31 ao\u00fbt 2025.<\/p>\n<p>  <a class=\"cta\" href=\"https:\/\/dazn.prf.hn\/click\/camref:1101l3GPiM\" rel=\"nofollow noopener\" target=\"_blank\"><br \/>\n    Cliquez ici pour profiter de l&rsquo;offre DAZN avec Ligue 1+ \u00e0 9,99\u20ac\/mois<br \/>\n  <\/a><\/p>\n<p>Chaque jour, nous \u00e9pluchons en toute ind\u00e9pendance les meilleures offres et r\u00e9ductions disponibles sur le web pour vous proposer les bons plans les plus int\u00e9ressants. Pour \u00e9valuer la pertinence d\u2019un bon plan, nous v\u00e9rifions notamment l\u2019historique des prix et veillons \u00e0 vous recommander les boutiques en ligne proposant les meilleures garanties.<\/p>\n<p>Certains liens peuvent g\u00e9n\u00e9rer une commission pour T\u00e9l\u00e9-Loisirs. Les prix sont mentionn\u00e9s \u00e0 titre indicatif et sont susceptibles d&rsquo;\u00e9voluer.<\/p>\n","protected":false},"excerpt":{"rendered":"Le choc entre Lille et Monaco promet une affiche anim\u00e9e d\u00e8s la deuxi\u00e8me journ\u00e9e de Ligue 1 McDonald\u2019s.&hellip;\n","protected":false},"author":2,"featured_media":340171,"comment_status":"","ping_status":"","sticky":false,"template":"","format":"standard","meta":{"footnotes":""},"categories":[2815],"tags":[1111,11,244,1777,674,63,1011,27,811,66,1307,12,25,517],"class_list":{"0":"post-340170","1":"post","2":"type-post","3":"status-publish","4":"format-standard","5":"has-post-thumbnail","7":"category-lille","8":"tag-actu","9":"tag-actualites","10":"tag-commentaire","11":"tag-eu","12":"tag-europe","13":"tag-football","14":"tag-fr","15":"tag-france","16":"tag-hauts-de-france","17":"tag-ligue-1","18":"tag-lille","19":"tag-news","20":"tag-republique-francaise","21":"tag-sport"},"share_on_mastodon":{"url":"https:\/\/pubeurope.com\/@fr\/115082554482943067","error":""},"_links":{"self":[{"href":"https:\/\/www.europesays.com\/fr\/wp-json\/wp\/v2\/posts\/340170","targetHints":{"allow":["GET"]}}],"collection":[{"href":"https:\/\/www.europesays.com\/fr\/wp-json\/wp\/v2\/posts"}],"about":[{"href":"https:\/\/www.europesays.com\/fr\/wp-json\/wp\/v2\/types\/post"}],"author":[{"embeddable":true,"href":"https:\/\/www.europesays.com\/fr\/wp-json\/wp\/v2\/users\/2"}],"replies":[{"embeddable":true,"href":"https:\/\/www.europesays.com\/fr\/wp-json\/wp\/v2\/comments?post=340170"}],"version-history":[{"count":0,"href":"https:\/\/www.europesays.com\/fr\/wp-json\/wp\/v2\/posts\/340170\/revisions"}],"wp:featuredmedia":[{"embeddable":true,"href":"https:\/\/www.europesays.com\/fr\/wp-json\/wp\/v2\/media\/340171"}],"wp:attachment":[{"href":"https:\/\/www.europesays.com\/fr\/wp-json\/wp\/v2\/media?parent=340170"}],"wp:term":[{"taxonomy":"category","embeddable":true,"href":"https:\/\/www.europesays.com\/fr\/wp-json\/wp\/v2\/categories?post=340170"},{"taxonomy":"post_tag","embeddable":true,"href":"https:\/\/www.europesays.com\/fr\/wp-json\/wp\/v2\/tags?post=340170"}],"curies":[{"name":"wp","href":"https:\/\/api.w.org\/{rel}","templated":true}]}}