{"id":340172,"date":"2025-08-24T07:26:12","date_gmt":"2025-08-24T07:26:12","guid":{"rendered":"https:\/\/www.europesays.com\/fr\/340172\/"},"modified":"2025-08-24T07:26:12","modified_gmt":"2025-08-24T07:26:12","slug":"les-rapaces-de-gap-remportent-leur-premier-match-amical-a-domicile-face-a-marseille","status":"publish","type":"post","link":"https:\/\/www.europesays.com\/fr\/340172\/","title":{"rendered":"Les Rapaces de Gap remportent leur premier match amical \u00e0 domicile face \u00e0 Marseille"},"content":{"rendered":"<p>\t\t\t\t\t\t\t\t\t\t\t<img loading=\"lazy\" decoding=\"async\" width=\"1110\" title=\"Les Rapaces de Gap remportent leur premier match amical \u00e0 domicile face \u00e0 Marseille\" class=\"img-fluid  mb-3\" src=\"https:\/\/alpesdusud.alpes1.com\/media\/news\/thumb\/1110x624_les-rapaces-de-gap-remportent-leur-premier-match-amical-a-domicile-face-a-marseille_68aaab3d471fd.webp\" alt=\"Les Rapaces de Gap remportent leur premier match amical \u00e0 domicile face \u00e0 Marseille\" itemprop=\"image\" height=\"624\"\/>\t\t\t\t\t\t\t\t\t\t\t\t<\/p>\n<p>Les Rapaces de Gap remportent leur premier match amical \u00e0 domicile face \u00e0 Marseille &#8211; DR Rapaces de Gap<\/p>\n<p itemprop=\"description\"><strong>Ce samedi soir, c&rsquo;\u00e9tait le retour du public \u00e0 l&rsquo;Alp&rsquo;Arena.<\/strong><\/p>\n<p>Pour leur premier match de pr\u00e9paration de la saison \u00e0 domicile, les Rapaces de Gap recevaient Marseille.<\/p>\n<p>L&rsquo;occasion de faire tourner l&rsquo;effectif, de travailler les automatismes, de trouver le bon rythme avant la reprise de la saison, justement contre les Spartiates marseillais, le 16 septembre \u00e0 Gap, mais aussi d&rsquo;effacer les d\u00e9faites inflig\u00e9es par Cardiff au Pays-de-Galles.<\/p>\n<p>Et les co\u00e9quipiers de Chad Langlais ont battu leur adversaire du soir (5-4). Les buts gapen\u00e7ais face \u00e0 Marseille ont \u00e9t\u00e9 inscrits par Daniels Murnieks (x2), Teemu Pulkkinen (x2) et Olivier Dame Malka.<\/p>\n<p>Le prochain match amical est fix\u00e9 \u00e0 vendredi 29 ao\u00fbt. Toujours \u00e0 l&rsquo;Alp&rsquo;Arena, Gap recevra les Boxers de Bordeaux \u00e0 20h.<\/p>\n","protected":false},"excerpt":{"rendered":"Les Rapaces de Gap remportent leur premier match amical \u00e0 domicile face \u00e0 Marseille &#8211; DR Rapaces de&hellip;\n","protected":false},"author":2,"featured_media":340173,"comment_status":"","ping_status":"","sticky":false,"template":"","format":"standard","meta":{"footnotes":""},"categories":[2814],"tags":[1111,11,7733,8279,7736,650,7734,2889,2263,1777,674,1011,27,1085,8280,6417,1114,4662,884,12,3725,882,1825,25,7053,7737],"class_list":{"0":"post-340172","1":"post","2":"type-post","3":"status-publish","4":"format-standard","5":"has-post-thumbnail","7":"category-marseille","8":"tag-actu","9":"tag-actualites","10":"tag-alpes","11":"tag-alpes1","12":"tag-cds","13":"tag-cinema","14":"tag-ecoute","15":"tag-emission","16":"tag-equipe","17":"tag-eu","18":"tag-europe","19":"tag-fr","20":"tag-france","21":"tag-gap","22":"tag-haute","23":"tag-information","24":"tag-infos","25":"tag-journal","26":"tag-marseille","27":"tag-news","28":"tag-podcast","29":"tag-provence-alpes-cote-dazur","30":"tag-radio","31":"tag-republique-francaise","32":"tag-sud","33":"tag-winamp"},"share_on_mastodon":{"url":"https:\/\/pubeurope.com\/@fr\/115082558872920373","error":""},"_links":{"self":[{"href":"https:\/\/www.europesays.com\/fr\/wp-json\/wp\/v2\/posts\/340172","targetHints":{"allow":["GET"]}}],"collection":[{"href":"https:\/\/www.europesays.com\/fr\/wp-json\/wp\/v2\/posts"}],"about":[{"href":"https:\/\/www.europesays.com\/fr\/wp-json\/wp\/v2\/types\/post"}],"author":[{"embeddable":true,"href":"https:\/\/www.europesays.com\/fr\/wp-json\/wp\/v2\/users\/2"}],"replies":[{"embeddable":true,"href":"https:\/\/www.europesays.com\/fr\/wp-json\/wp\/v2\/comments?post=340172"}],"version-history":[{"count":0,"href":"https:\/\/www.europesays.com\/fr\/wp-json\/wp\/v2\/posts\/340172\/revisions"}],"wp:featuredmedia":[{"embeddable":true,"href":"https:\/\/www.europesays.com\/fr\/wp-json\/wp\/v2\/media\/340173"}],"wp:attachment":[{"href":"https:\/\/www.europesays.com\/fr\/wp-json\/wp\/v2\/media?parent=340172"}],"wp:term":[{"taxonomy":"category","embeddable":true,"href":"https:\/\/www.europesays.com\/fr\/wp-json\/wp\/v2\/categories?post=340172"},{"taxonomy":"post_tag","embeddable":true,"href":"https:\/\/www.europesays.com\/fr\/wp-json\/wp\/v2\/tags?post=340172"}],"curies":[{"name":"wp","href":"https:\/\/api.w.org\/{rel}","templated":true}]}}