{"id":340176,"date":"2025-08-24T07:28:09","date_gmt":"2025-08-24T07:28:09","guid":{"rendered":"https:\/\/www.europesays.com\/fr\/340176\/"},"modified":"2025-08-24T07:28:09","modified_gmt":"2025-08-24T07:28:09","slug":"meteo-encore-une-belle-journee-et-des-temperatures-estivales-ce-dimanche-a-lyon","status":"publish","type":"post","link":"https:\/\/www.europesays.com\/fr\/340176\/","title":{"rendered":"M\u00e9t\u00e9o : encore une belle journ\u00e9e et des temp\u00e9ratures estivales ce dimanche \u00e0 Lyon"},"content":{"rendered":"<p class=\"content\" style=\"font-size:1.2em;font-weight:700\">La journ\u00e9e sera une nouvelle fois ensoleill\u00e9e ce dimanche 24 ao\u00fbt et les temp\u00e9ratures remontent avec 27 degr\u00e9s attendus \u00e0 Lyon cet apr\u00e8s-midi.<\/p>\n<p>Le soleil dominera encore le ciel de Lyon ce dimanche 24 ao\u00fbt. La journ\u00e9e commence une nouvelle fois sous un beau ciel bleu, mais les temp\u00e9ratures restent fra\u00eeches avec seulement 12 degr\u00e9s.<\/p>\n<p>Dans l\u2019apr\u00e8s-midi, le temps sera toujours ensoleill\u00e9 bien que quelques nuages d\u2019altitude viendront ternir l\u2019\u00e9clat du soleil. C\u00f4t\u00e9 temp\u00e9ratures, elles seront estivales avec 27 degr\u00e9s attendus au meilleur de la journ\u00e9e.<\/p>\n","protected":false},"excerpt":{"rendered":"La journ\u00e9e sera une nouvelle fois ensoleill\u00e9e ce dimanche 24 ao\u00fbt et les temp\u00e9ratures remontent avec 27 degr\u00e9s&hellip;\n","protected":false},"author":2,"featured_media":7602,"comment_status":"","ping_status":"","sticky":false,"template":"","format":"standard","meta":{"footnotes":""},"categories":[1889],"tags":[1111,11,2430,1777,674,1011,27,2428,12,25],"class_list":{"0":"post-340176","1":"post","2":"type-post","3":"status-publish","4":"format-standard","5":"has-post-thumbnail","7":"category-lyon","8":"tag-actu","9":"tag-actualites","10":"tag-auvergne-rhone-alpes","11":"tag-eu","12":"tag-europe","13":"tag-fr","14":"tag-france","15":"tag-lyon","16":"tag-news","17":"tag-republique-francaise"},"share_on_mastodon":{"url":"https:\/\/pubeurope.com\/@fr\/115082566285523903","error":""},"_links":{"self":[{"href":"https:\/\/www.europesays.com\/fr\/wp-json\/wp\/v2\/posts\/340176","targetHints":{"allow":["GET"]}}],"collection":[{"href":"https:\/\/www.europesays.com\/fr\/wp-json\/wp\/v2\/posts"}],"about":[{"href":"https:\/\/www.europesays.com\/fr\/wp-json\/wp\/v2\/types\/post"}],"author":[{"embeddable":true,"href":"https:\/\/www.europesays.com\/fr\/wp-json\/wp\/v2\/users\/2"}],"replies":[{"embeddable":true,"href":"https:\/\/www.europesays.com\/fr\/wp-json\/wp\/v2\/comments?post=340176"}],"version-history":[{"count":0,"href":"https:\/\/www.europesays.com\/fr\/wp-json\/wp\/v2\/posts\/340176\/revisions"}],"wp:featuredmedia":[{"embeddable":true,"href":"https:\/\/www.europesays.com\/fr\/wp-json\/wp\/v2\/media\/7602"}],"wp:attachment":[{"href":"https:\/\/www.europesays.com\/fr\/wp-json\/wp\/v2\/media?parent=340176"}],"wp:term":[{"taxonomy":"category","embeddable":true,"href":"https:\/\/www.europesays.com\/fr\/wp-json\/wp\/v2\/categories?post=340176"},{"taxonomy":"post_tag","embeddable":true,"href":"https:\/\/www.europesays.com\/fr\/wp-json\/wp\/v2\/tags?post=340176"}],"curies":[{"name":"wp","href":"https:\/\/api.w.org\/{rel}","templated":true}]}}