{"id":340179,"date":"2025-08-24T07:32:09","date_gmt":"2025-08-24T07:32:09","guid":{"rendered":"https:\/\/www.europesays.com\/fr\/340179\/"},"modified":"2025-08-24T07:32:09","modified_gmt":"2025-08-24T07:32:09","slug":"rachida-dati-refuse-de-laisser-la-place-a-michel-barnier-et-maintient-sa-candidature","status":"publish","type":"post","link":"https:\/\/www.europesays.com\/fr\/340179\/","title":{"rendered":"Rachida Dati refuse de laisser la place \u00e0 Michel Barnier et maintient sa candidature"},"content":{"rendered":"<p>            Par<br \/>\n        <strong><br \/>\n            <a href=\"https:\/\/actu.fr\/auteur\/thomas-martin\" title=\"Consulter tous les articles de Thomas Martin\" target=\"_blank\" rel=\"noopener\">Thomas Martin<\/a><br \/>\n        <\/strong><\/p>\n<p>        Publi\u00e9 le<\/p>\n<p>            24 ao\u00fbt 2025 \u00e0 9h14        <\/p>\n<p>Qui en doutait ? La ministre de la Culture <a href=\"https:\/\/actu.fr\/tag\/rachida-dati\" target=\"_blank\" rel=\"noopener\">Rachida Dati<\/a>, qui vise la mairie de Paris en 2026, a annonc\u00e9 samedi 23 ao\u00fbt le maintien de sa candidature \u00e0 la <a href=\"https:\/\/actu.fr\/ile-de-france\/paris_75056\/legislative-partielle-a-paris-quand-les-electeurs-seront-ils-appeles-a-voter_63005659.html\" target=\"_blank\" rel=\"noopener\">l\u00e9gislative partielle<\/a> dans la 2e circonscription de Paris face \u00e0 l\u2019ex-Premier ministre <a href=\"https:\/\/actu.fr\/ile-de-france\/paris_75056\/legislative-partielle-a-paris-candidat-lr-michel-barnier-appelle-rachida-dati-a-l-unite_62992683.html\" target=\"_blank\" rel=\"noopener\">Michel Barnier<\/a>, pourtant investi par son parti Les R\u00e9publicains.<\/p>\n<p>\u00ab\u00a0J\u2019invite les forces politiques de la droite et du centre \u00e0 prendre leurs responsabilit\u00e9s\u00a0\u00bb<\/p>\n<p class=\" wall-content\">\u00ab\u00a0L\u2019\u00e9lection l\u00e9gislative qui aura lieu dans ma circonscription des 5e, 6e et 7e arrondissements sera la premi\u00e8re \u00e9tape du rassemblement et de la dynamique de victoire \u00e0 Paris (\u2026) J\u2019invite les forces politiques de la droite et du centre \u00e0 prendre leurs responsabilit\u00e9s. D\u00e8s \u00e0 pr\u00e9sent, j\u2019assumerai les miennes et je le ferai jusqu\u2019au bout\u00a0\u00bb, a-t-elle d\u00e9clar\u00e9 dans un entretien \u00e0 La Tribune Dimanche, malgr\u00e9 les poursuites judiciaires qui p\u00e8sent sur elle.<\/p>\n<p class=\" wall-content\">La maire LR du 7e arrondissement n\u2019a pas appr\u00e9ci\u00e9 la candidature de Michel Barnier, qu\u2019elle estime \u00ab\u00a0instrumentalis\u00e9\u00a0\u00bb, dans cette circonscription o\u00f9 l\u2019\u00e9lection du d\u00e9put\u00e9 macroniste Jean Laussucq a \u00e9t\u00e9 invalid\u00e9e par le Conseil constitutionnel pour irr\u00e9gularit\u00e9s dans ses comptes de campagne. L\u2019\u00e9lection doit se tenir les 21 et 28 septembre.<\/p>\n<p class=\" wall-content\">Fin juillet, la pr\u00e9sidente de la f\u00e9d\u00e9ration LR de Paris Agn\u00e8s Evren esp\u00e9rait encore trouver un accord \u00ab\u00a0d\u2019ici la rentr\u00e9e\u00a0\u00bb avec Mme Dati afin d\u2019\u00e9viter une guerre fratricide.<br \/>C\u2019\u00e9tait sans compter la volont\u00e9 d\u2019en d\u00e9coudre de Rachida Dati. \u00ab\u00a0Je me pr\u00e9sente aux suffrages des Parisiens pour un seul objectif: gagner Paris et rendre aux Parisiens la ville qu\u2019ils m\u00e9ritent\u00a0\u00bb, d\u00e9clare-t-elle \u00e0 l\u2019hebdomadaire, estimant que Paris \u00ab\u00a0vit une crise sans pr\u00e9c\u00e9dent\u00a0\u00bb.<\/p>\n<p class=\" wall-content\">\u00ab\u00a0Aujourd\u2019hui, nous avons l\u2019opportunit\u00e9 historique de tourner cette page. Nous avons un projet solide, des \u00e9lus implant\u00e9s dans tous les arrondissements et l\u2019\u00e9nergie pour transformer notre capitale\u00a0\u00bb, ajoute-t-elle, appelant \u00e0 \u00ab\u00a0unir toutes les forces de la droite et du centre autour d\u2019un projet commun\u00a0\u00bb.<\/p>\n<p>Un agenda judiciaire \u00e0 g\u00e9rer<\/p>\n<p class=\" wall-content\">Exclue des R\u00e9publicains en 2024 apr\u00e8s avoir \u00e9t\u00e9 recrut\u00e9e en janvier 2024 par Gabriel Attal pour entrer dans son gouvernement comme ministre de la Culture, Rachida Dati a repris sa carte chez LR. De son c\u00f4t\u00e9, Michel Barnier a martel\u00e9 d\u00e9but ao\u00fbt ne pas \u00eatre <a href=\"https:\/\/actu.fr\/ile-de-france\/paris_75056\/aucune-ambition-municipale-candidat-a-la-legislative-partielle-a-paris-michel-barnier-joue-l-apaisement_62932960.html\" target=\"_blank\" rel=\"noopener\">\u00ab\u00a0candidat \u00e0 autre chose qu\u2019\u00e0 la d\u00e9putation\u00a0\u00bb<\/a>.<\/p>\n<p class=\" wall-content\">A cet agenda \u00e9lectoral, Mme Dati, 59 ans, doit faire correspondre son agenda judiciaire : elle a \u00e9t\u00e9 <a href=\"https:\/\/actu.fr\/politique\/rachida-dati-bientot-jugee-900-000-euros-touches-corruption-on-vous-resume-l-affaire-point-par-point_62945361.html\" target=\"_blank\" rel=\"noopener\">renvoy\u00e9e le 22 juillet en proc\u00e8s<\/a> pour corruption et trafic d\u2019influence, soup\u00e7onn\u00e9e d\u2019avoir per\u00e7u 900.000 euros entre 2010 et 2012 pour des prestations de conseil avec une filiale de l\u2019alliance Renault-Nissan, mais sans avoir r\u00e9ellement travaill\u00e9, alors qu\u2019elle \u00e9tait avocate et d\u00e9put\u00e9e europ\u00e9enne. Elle a fait appel de la d\u00e9cision. La date pr\u00e9cise du proc\u00e8s devrait \u00eatre fix\u00e9e lors d\u2019une premi\u00e8re audience pr\u00e9vue le 29 septembre.<\/p>\n<p class=\" wall-content\"><strong>Avec AFP<\/strong><\/p>\n<p class=\" wall-content\">Personnalisez votre actualit\u00e9 en ajoutant vos villes et m\u00e9dias en favori avec <a href=\"https:\/\/moncompte.actu.fr\" title=\"D\u00e9couvez Mon Actu\" rel=\"nofollow noopener\" data-trk=\"{&quot;cta&quot;:{&quot;action&quot;:&quot;https:\\\/\\\/moncompte.actu.fr&quot;,&quot;category&quot;:&quot;mon compte&quot;,&quot;from&quot;:&quot;article footer&quot;,&quot;name&quot;:&quot;Mon actu&quot;,&quot;type&quot;:&quot;cta&quot;}}\" target=\"_blank\">Mon Actu<\/a>.<\/p>\n","protected":false},"excerpt":{"rendered":"Par Thomas Martin Publi\u00e9 le 24 ao\u00fbt 2025 \u00e0 9h14 Qui en doutait ? La ministre de la&hellip;\n","protected":false},"author":2,"featured_media":340180,"comment_status":"","ping_status":"","sticky":false,"template":"","format":"standard","meta":{"footnotes":""},"categories":[1888],"tags":[1111,1928,11,1927,8513,1777,674,1011,27,27636,3434,12,1926,626,1925,316,417,25],"class_list":{"0":"post-340179","1":"post","2":"type-post","3":"status-publish","4":"format-standard","5":"has-post-thumbnail","7":"category-paris","8":"tag-actu","9":"tag-actu-paris","10":"tag-actualites","11":"tag-actualites-paris","12":"tag-elections-legislatives","13":"tag-eu","14":"tag-europe","15":"tag-fr","16":"tag-france","17":"tag-michel-barnier","18":"tag-municipales-2026","19":"tag-news","20":"tag-news-paris","21":"tag-paris","22":"tag-paris-news","23":"tag-politique","24":"tag-rachida-dati","25":"tag-republique-francaise"},"share_on_mastodon":{"url":"https:\/\/pubeurope.com\/@fr\/115082582062209477","error":""},"_links":{"self":[{"href":"https:\/\/www.europesays.com\/fr\/wp-json\/wp\/v2\/posts\/340179","targetHints":{"allow":["GET"]}}],"collection":[{"href":"https:\/\/www.europesays.com\/fr\/wp-json\/wp\/v2\/posts"}],"about":[{"href":"https:\/\/www.europesays.com\/fr\/wp-json\/wp\/v2\/types\/post"}],"author":[{"embeddable":true,"href":"https:\/\/www.europesays.com\/fr\/wp-json\/wp\/v2\/users\/2"}],"replies":[{"embeddable":true,"href":"https:\/\/www.europesays.com\/fr\/wp-json\/wp\/v2\/comments?post=340179"}],"version-history":[{"count":0,"href":"https:\/\/www.europesays.com\/fr\/wp-json\/wp\/v2\/posts\/340179\/revisions"}],"wp:featuredmedia":[{"embeddable":true,"href":"https:\/\/www.europesays.com\/fr\/wp-json\/wp\/v2\/media\/340180"}],"wp:attachment":[{"href":"https:\/\/www.europesays.com\/fr\/wp-json\/wp\/v2\/media?parent=340179"}],"wp:term":[{"taxonomy":"category","embeddable":true,"href":"https:\/\/www.europesays.com\/fr\/wp-json\/wp\/v2\/categories?post=340179"},{"taxonomy":"post_tag","embeddable":true,"href":"https:\/\/www.europesays.com\/fr\/wp-json\/wp\/v2\/tags?post=340179"}],"curies":[{"name":"wp","href":"https:\/\/api.w.org\/{rel}","templated":true}]}}