{"id":340181,"date":"2025-08-24T07:33:30","date_gmt":"2025-08-24T07:33:30","guid":{"rendered":"https:\/\/www.europesays.com\/fr\/340181\/"},"modified":"2025-08-24T07:33:30","modified_gmt":"2025-08-24T07:33:30","slug":"les-infos-de-18h-paris-le-pronostic-vital-de-lhomme-poignarde-a-six-reprises-nest-pas-engage","status":"publish","type":"post","link":"https:\/\/www.europesays.com\/fr\/340181\/","title":{"rendered":"Les infos de 18h &#8211; Paris : le pronostic vital de l&rsquo;homme poignard\u00e9 \u00e0 six reprises n&rsquo;est pas engag\u00e9"},"content":{"rendered":"<p class=\"article-p mdl\">Six coups de couteau pour avoir voulu d\u00e9fendre sa compagne. L&rsquo;agression a eu lieu tard dans la nuit du vendredi 22 au samedi 23 ao\u00fbt dans la soir\u00e9e \u00e0 Paris dans le tramway T3.<\/p>\n<p class=\"article-p mdl\">Vers 0h15, un homme bouscule puis insulte une femme qui voyage avec son compagnon. Celui-ci proteste, et au niveau de l&rsquo;arr\u00eat <strong>Porte de Vanves<\/strong>, les deux hommes sortent du tramway et \u00e9changent <strong>des coups de poing<\/strong>. L&rsquo;auteur des insultes sort alors un couteau et\u00a0<a class=\"link\" href=\"https:\/\/www.rtl.fr\/actu\/justice-faits-divers\/info-rtl-paris-un-homme-poignarde-a-six-reprises-pour-avoir-defendu-sa-compagne-importunee-dans-le-tramway-7900532639\" target=\"_blank\" rel=\"noopener\">poignarde alors \u00e0 six reprises<\/a>\u00a0le voyageur qui s&rsquo;effondre au sol.\u00a0<\/p>\n<p class=\"article-p mdl\">L&rsquo;homme est <strong>gri\u00e8vement bless\u00e9<\/strong> et est \u00e9vacu\u00e9 en urgence absolue vers l&rsquo;h\u00f4pital Georges Pompidou. Son pronostic vital n&rsquo;est, pour l&rsquo;heure, pas engag\u00e9. L&rsquo;agresseur, lui, a \u00e9t\u00e9 identifi\u00e9 par des t\u00e9moins et interpell\u00e9 dans le XVe arrondissement de Paris. Il est \u00e2g\u00e9 de 42 ans et est <strong>connu des services de police<\/strong>. Il a \u00e9t\u00e9 plac\u00e9 en garde \u00e0 vue pour tentative d&rsquo;homicide volontaire, d&rsquo;apr\u00e8s le parquet de Paris \u00e0 RTL. L&rsquo;enqu\u00eate a \u00e9t\u00e9 confi\u00e9e au troisi\u00e8me district de police judiciaire de Paris.<\/p>\n<p>            \u00c0 \u00e9couter \u00e9galement dans ce journal<\/p>\n<p class=\"article-p mdl\"><strong>Politique &#8211; <\/strong>Avant une rentr\u00e9e qui s&rsquo;annonce agit\u00e9e pour lui, <strong>Fran\u00e7ois Bayrou<\/strong> s&rsquo;exprimera ce lundi 25 ao\u00fbt lors d&rsquo;une\u00a0<a class=\"link\" href=\"https:\/\/www.rtl.fr\/actu\/politique\/francois-bayrou-le-premier-ministre-prendra-la-parole-lors-d-une-conference-de-presse-ce-lundi-a-16h-7900532671\" target=\"_blank\" rel=\"noopener\">conf\u00e9rence de presse<\/a>.\u00a0<\/p>\n<p class=\"article-p mdl\">\u00a0<\/p>\n<p class=\"article-p mdl\"><strong>Var &#8211;<\/strong> \u00c0 Saint-Rapha\u00ebl, le maire LR inaugure, samedi 23 ao\u00fbt, une <strong>st\u00e8le<\/strong> en hommage aux victimes des \u201ctotalitarismes communistes\u201d. Une initiative qui indigne les oppositions.<\/p>\n<p class=\"article-p mdl\"><strong>Pyr\u00e9n\u00e9es-Orientales &#8211;<\/strong> Dans l&rsquo;affaire du groupe de\u00a0<a class=\"link\" href=\"https:\/\/www.rtl.fr\/actu\/justice-faits-divers\/les-infos-de-12h30-150-enfants-israeliens-refoules-d-un-parc-de-loisirs-le-point-sur-l-affaire-7900532675\" target=\"_blank\" rel=\"noopener\">jeunes Isra\u00e9liens refus\u00e9s d&rsquo;un parc de loisirs<\/a>, la garde \u00e0 vue du g\u00e9rant s&rsquo;est achev\u00e9e \u00e0 la mi-journ\u00e9e. Il a \u00e9t\u00e9 <strong>d\u00e9f\u00e9r\u00e9 au palais de justice<\/strong> de Perpignan et devrait \u00eatre pr\u00e9sent\u00e9 \u00e0 un juge en vue de sa <strong>mise en examen<\/strong>.<\/p>\n<p>    La r\u00e9daction vous recommande<\/p>\n<p class=\"s-newsletter__title\">\n                L\u2019actualit\u00e9 par la r\u00e9daction de RTL dans votre bo\u00eete mail.\n            <\/p>\n<p class=\"s-newsletter__subtitle\">\n                Gr\u00e2ce \u00e0 votre compte RTL abonnez-vous \u00e0 la newsletter RTL info pour suivre toute l&rsquo;actualit\u00e9 au quotidien\n            <\/p>\n<p>\n                                    Lire la suite\n                                <\/p>\n","protected":false},"excerpt":{"rendered":"Six coups de couteau pour avoir voulu d\u00e9fendre sa compagne. L&rsquo;agression a eu lieu tard dans la nuit&hellip;\n","protected":false},"author":2,"featured_media":249462,"comment_status":"","ping_status":"","sticky":false,"template":"","format":"standard","meta":{"footnotes":""},"categories":[1888],"tags":[1111,1928,11,1927,5264,1777,674,107,1011,27,12,1926,626,1925,362,360,25],"class_list":{"0":"post-340181","1":"post","2":"type-post","3":"status-publish","4":"format-standard","5":"has-post-thumbnail","7":"category-paris","8":"tag-actu","9":"tag-actu-paris","10":"tag-actualites","11":"tag-actualites-paris","12":"tag-couteau","13":"tag-eu","14":"tag-europe","15":"tag-fil-info","16":"tag-fr","17":"tag-france","18":"tag-news","19":"tag-news-paris","20":"tag-paris","21":"tag-paris-news","22":"tag-replay","23":"tag-replay-integral","24":"tag-republique-francaise"},"share_on_mastodon":{"url":"https:\/\/pubeurope.com\/@fr\/115082586196150853","error":""},"_links":{"self":[{"href":"https:\/\/www.europesays.com\/fr\/wp-json\/wp\/v2\/posts\/340181","targetHints":{"allow":["GET"]}}],"collection":[{"href":"https:\/\/www.europesays.com\/fr\/wp-json\/wp\/v2\/posts"}],"about":[{"href":"https:\/\/www.europesays.com\/fr\/wp-json\/wp\/v2\/types\/post"}],"author":[{"embeddable":true,"href":"https:\/\/www.europesays.com\/fr\/wp-json\/wp\/v2\/users\/2"}],"replies":[{"embeddable":true,"href":"https:\/\/www.europesays.com\/fr\/wp-json\/wp\/v2\/comments?post=340181"}],"version-history":[{"count":0,"href":"https:\/\/www.europesays.com\/fr\/wp-json\/wp\/v2\/posts\/340181\/revisions"}],"wp:featuredmedia":[{"embeddable":true,"href":"https:\/\/www.europesays.com\/fr\/wp-json\/wp\/v2\/media\/249462"}],"wp:attachment":[{"href":"https:\/\/www.europesays.com\/fr\/wp-json\/wp\/v2\/media?parent=340181"}],"wp:term":[{"taxonomy":"category","embeddable":true,"href":"https:\/\/www.europesays.com\/fr\/wp-json\/wp\/v2\/categories?post=340181"},{"taxonomy":"post_tag","embeddable":true,"href":"https:\/\/www.europesays.com\/fr\/wp-json\/wp\/v2\/tags?post=340181"}],"curies":[{"name":"wp","href":"https:\/\/api.w.org\/{rel}","templated":true}]}}