{"id":340182,"date":"2025-08-24T07:34:33","date_gmt":"2025-08-24T07:34:33","guid":{"rendered":"https:\/\/www.europesays.com\/fr\/340182\/"},"modified":"2025-08-24T07:34:33","modified_gmt":"2025-08-24T07:34:33","slug":"ukraine-paris-convoque-lambassadrice-ditalie-apres-les-propos-juges-inacceptables","status":"publish","type":"post","link":"https:\/\/www.europesays.com\/fr\/340182\/","title":{"rendered":"Ukraine\u00a0: Paris convoque l\u2019ambassadrice d\u2019Italie apr\u00e8s les propos jug\u00e9s \u00ab\u00a0inacceptables\u00a0\u00bb"},"content":{"rendered":"<p><strong>\u00ab\u00a0\u00c0 la suite des propos inacceptables\u00a0\u00bb<\/strong> tenus par le <a href=\"https:\/\/www.ouest-france.fr\/europe\/italie\/\" target=\"_self\" rel=\"noopener\">vice-Premier ministre italien<\/a> \u00e0 l\u2019encontre du chef de l\u2019\u00c9tat Emmanuel Macron, la France a convoqu\u00e9 l\u2019ambassadrice d\u2019Italie en France, Emanuela D\u2019Alessandro, a-t-on appris vendredi 22\u00a0ao\u00fbt de source diplomatique.<\/p>\n<p>Interrog\u00e9 lors d\u2019un d\u00e9placement \u00e0 Milan sur un \u00e9ventuel d\u00e9ploiement de soldats italiens en Ukraine apr\u00e8s un arr\u00eat des hostilit\u00e9s, comme la France et le Royaume-Uni envisagent de le faire, Matteo Salvini avait sugg\u00e9r\u00e9 qu\u2019Emmanuel Macron <strong>\u00ab\u00a0y aille lui-m\u00eame<\/strong>\u00a0\u00bb en mettant un casque et prenant un fusil.<\/p>\n<p><strong>Lire aussi\u00a0:<\/strong> <a href=\"https:\/\/rennes.maville.com\/actu\/actudet_-soldats-occidentaux-en-ukraine-pour-matteo-salvini-emmanuel-macron-doit-se-faire-soigner-_54135-6281230_actu.Htm\" target=\"_self\" rel=\"noopener\">Soldats occidentaux en Ukraine\u00a0: pour Matteo Salvini, Emmanuel Macron doit \u00ab\u00a0se faire soigner\u00a0\u00bb<\/a><\/p>\n<p>\u00c0 l\u2019encontre du \u00ab\u00a0climat de confiance\u00a0\u00bb entre les deux pays<\/p>\n<p><strong>\u00ab\u00a0Il a \u00e9t\u00e9 rappel\u00e9 \u00e0 l\u2019ambassadrice <\/strong>[convoqu\u00e9e jeudi, NDLR]<strong> que ces propos allaient \u00e0 l\u2019encontre du climat de confiance et de la relation historique entre nos deux pays mais aussi des r\u00e9cents d\u00e9veloppements bilat\u00e9raux, qui ont mis en \u00e9vidence des convergences fortes entre les deux pays, notamment s\u2019agissant du soutien sans faille \u00e0 l\u2019Ukraine\u00a0\u00bb<\/strong>, a-t-on pr\u00e9cis\u00e9 de source diplomatique, confirmant une information de la radio France Inter.Le chef du parti antimigrants Lega, proche de la cheffe de l\u2019extr\u00eame droite fran\u00e7aise Marine Le\u00a0Pen, avait d\u00e9j\u00e0 qualifi\u00e9 en mars dernier le pr\u00e9sident fran\u00e7ais de <strong>\u00ab\u00a0fou\u00a0\u00bb<\/strong>, l\u2019accusant de pousser l\u2019Europe \u00e0 la guerre avec la Russie.<\/p>\n<p><strong>Lire aussi\u00a0: <\/strong> <a href=\"https:\/\/hyeres.maville.com\/actu\/actudet_-recit.-guerre-en-ukraine-alaska-washington...-une-semaine-diplomatique-aux-resultats-mitiges-_54135-6943803_actu.Htm\" target=\"_self\" rel=\"noopener\">R\u00c9CIT. Guerre en Ukraine\u00a0: Alaska, Washington\u2026 Une semaine diplomatique aux r\u00e9sultats mitig\u00e9s<\/a><\/p>\n<p>Des soldats comme garantie de s\u00e9curit\u00e9<\/p>\n<p>La France et le Royaume-Uni, qui ont pris la t\u00eate d\u2019une <strong>\u00ab\u00a0coalition des volontaires\u00a0\u00bb<\/strong>, envisagent de d\u00e9ployer des contingents en Ukraine comme garantie de s\u00e9curit\u00e9 pour pr\u00e9venir une reprise des hostilit\u00e9s une fois qu\u2019un cessez-le-feu ou un accord de paix aura \u00e9t\u00e9 conclu entre Kiev et Moscou.<\/p>\n<p>La Premi\u00e8re ministre italienne Giorgia Meloni de son c\u00f4t\u00e9 s\u2019y refuse.<\/p>\n<p>\u00a0<\/p>\n","protected":false},"excerpt":{"rendered":"\u00ab\u00a0\u00c0 la suite des propos inacceptables\u00a0\u00bb tenus par le vice-Premier ministre italien \u00e0 l\u2019encontre du chef de l\u2019\u00c9tat&hellip;\n","protected":false},"author":2,"featured_media":340183,"comment_status":"","ping_status":"","sticky":false,"template":"","format":"standard","meta":{"footnotes":""},"categories":[1888],"tags":[11,19726,40199,1777,674,1011,27,47634,452,11515,2047,12,626,8437,25,47635,220],"class_list":{"0":"post-340182","1":"post","2":"type-post","3":"status-publish","4":"format-standard","5":"has-post-thumbnail","7":"category-paris","8":"tag-actualites","9":"tag-ambassadrice","10":"tag-convoque","11":"tag-eu","12":"tag-europe","13":"tag-fr","14":"tag-france","15":"tag-inacceptables","16":"tag-italie","17":"tag-juges","18":"tag-mans","19":"tag-news","20":"tag-paris","21":"tag-propos","22":"tag-republique-francaise","23":"tag-salvini","24":"tag-ukraine"},"share_on_mastodon":{"url":"https:\/\/pubeurope.com\/@fr\/115082590010750904","error":""},"_links":{"self":[{"href":"https:\/\/www.europesays.com\/fr\/wp-json\/wp\/v2\/posts\/340182","targetHints":{"allow":["GET"]}}],"collection":[{"href":"https:\/\/www.europesays.com\/fr\/wp-json\/wp\/v2\/posts"}],"about":[{"href":"https:\/\/www.europesays.com\/fr\/wp-json\/wp\/v2\/types\/post"}],"author":[{"embeddable":true,"href":"https:\/\/www.europesays.com\/fr\/wp-json\/wp\/v2\/users\/2"}],"replies":[{"embeddable":true,"href":"https:\/\/www.europesays.com\/fr\/wp-json\/wp\/v2\/comments?post=340182"}],"version-history":[{"count":0,"href":"https:\/\/www.europesays.com\/fr\/wp-json\/wp\/v2\/posts\/340182\/revisions"}],"wp:featuredmedia":[{"embeddable":true,"href":"https:\/\/www.europesays.com\/fr\/wp-json\/wp\/v2\/media\/340183"}],"wp:attachment":[{"href":"https:\/\/www.europesays.com\/fr\/wp-json\/wp\/v2\/media?parent=340182"}],"wp:term":[{"taxonomy":"category","embeddable":true,"href":"https:\/\/www.europesays.com\/fr\/wp-json\/wp\/v2\/categories?post=340182"},{"taxonomy":"post_tag","embeddable":true,"href":"https:\/\/www.europesays.com\/fr\/wp-json\/wp\/v2\/tags?post=340182"}],"curies":[{"name":"wp","href":"https:\/\/api.w.org\/{rel}","templated":true}]}}