{"id":340184,"date":"2025-08-24T07:35:10","date_gmt":"2025-08-24T07:35:10","guid":{"rendered":"https:\/\/www.europesays.com\/fr\/340184\/"},"modified":"2025-08-24T07:35:10","modified_gmt":"2025-08-24T07:35:10","slug":"dati-maintient-sa-candidature-face-a-lex-premier-ministre-barnier","status":"publish","type":"post","link":"https:\/\/www.europesays.com\/fr\/340184\/","title":{"rendered":"Dati maintient sa candidature face \u00e0 l\u2019ex-Premier ministre Barnier"},"content":{"rendered":"<p>      <img fetchpriority=\"high\" decoding=\"async\" class=\"mx-auto\" src=\"data:image\/svg+xml,%3Csvg%20xmlns%3D%27http%3A%2F%2Fwww.w3.org%2F2000%2Fsvg%27%20fill%3D%22%23e4e4e4%22%20viewBox%3D%270%200%20510%20340%27%20width%3D%22510%22%20height%3D%22340%22%3E%3Cpath%20d%3D%27M0%200h510v340H0z%27%2F%3E%3C%2Fsvg%3E\"  loading=\"eager\" width=\"510\" height=\"340\" data-oncrawl-image-size=\"510x340\" alt=\"La ministre de la Culture Rachida Dati quitte l\u2019Elys\u00e9e, le 13\u00a0novembre 2024. Photo d\u2019illustration. \"\/>      <\/p>\n<p class=\"latino-100m text-grey-600\">\n            La ministre de la Culture Rachida Dati quitte l\u2019Elys\u00e9e, le 13\u00a0novembre 2024. Photo d\u2019illustration. \u00a0LUDOVIC MARIN \/ AFP        <\/p>\n<p>        Lire\u00a0plus\u00a0tard      <\/p>\n<p><a aria-label=\"Nous suivre sur Google News\" href=\"https:\/\/news.google.com\/publications\/CAAqBwgKMJe4nQkw3dFs?hl=fr&amp;gl=FR&amp;ceid=FR%3Afr\" target=\"_blank\" data-piano=\"Page_Article,Sous_date_publi,Nous_suivre_sur_google_news,1er_clic,action\" class=\"btn btn--small btn--tertiary btn--icon-only\" rel=\"noopener\"><\/p>\n<p>      Google Actualit\u00e9s<br \/>\n  <\/a><\/p>\n<p>  Partager<\/p>\n<p>        Facebook<\/p>\n<p>        Bluesky<\/p>\n<p>        E-mail<\/p>\n<p>        Copier le lien<\/p>\n<p>      Envoyer<\/p>\n<p>      S\u2019abonner    <\/p>\n<p class=\"node__paragraphe antonia-750r text-grey-800 pb-24 pb-md-30\">\nLa ministre de la Culture <a href=\"https:\/\/www.nouvelobs.com\/dossiers\/20250604.OBS104615\/l-affaire-rachida-dati-toutes-nos-revelations.html\" target=\"_blank\" rel=\"noopener\">Rachida Dati<\/a>, qui vise la mairie de Paris en 2026, a annonc\u00e9 samedi le maintien de sa candidature \u00e0 la l\u00e9gislative partielle dans la 2e circonscription de Paris face \u00e0 <a href=\"https:\/\/www.nouvelobs.com\/politique\/20240905.OBS93226\/dix-choses-a-savoir-sur-michel-barnier-nouveau-premier-ministre.html\" target=\"_blank\" rel=\"noopener\">l\u2019ex-Premier ministre Michel Barnier<\/a>, pourtant investi par son parti Les R\u00e9publicains.<\/p>\n<p class=\"latino-500b text-grey-600 pb-16\">A lire aussi<\/p>\n<p><a href=\"https:\/\/www.nouvelobs.com\/politique\/20250604.OBS104614\/la-nouvelle-affaire-rachida-dati-revelations-sur-l-argent-cache-de-l-ex-deputee-europeenne.html\" data-article-key=\"20250604.OBS104614\" class=\"link--box flex-grow-1\" data-piano=\"Page_Article,Lire_aussi,,Lien1,navigation\" target=\"_blank\" rel=\"noopener\"><\/p>\n<p>                <img decoding=\"async\" src=\"data:image\/svg+xml,%3Csvg%20xmlns%3D%27http%3A%2F%2Fwww.w3.org%2F2000%2Fsvg%27%20fill%3D%22%23e4e4e4%22%20viewBox%3D%270%200%20120%2080%27%20width%3D%22120%22%20height%3D%2280%22%3E%3Cpath%20d%3D%27M0%200h120v80H0z%27%2F%3E%3C%2Fsvg%3E\"  width=\"120\" height=\"80\" loading=\"lazy\" alt=\"Rachida Dati, ministre de la Culture, le 29\u00a0avril 2025\u00a0\u00e0 Paris.\"\/><\/p>\n<p class=\"latino-300r latino-lg-600m text-grey-800\">\n                      <strong class=\"latino-300b latino-lg-600m text-grey-500\">Enqu\u00eate\u00a0<\/strong><br \/>\n                    La nouvelle affaire Rachida Dati : r\u00e9v\u00e9lations sur l\u2019argent cach\u00e9 de l\u2019ex-d\u00e9put\u00e9e europ\u00e9enne        <\/p>\n<p><\/a><\/p>\n<p class=\"node__paragraphe antonia-750r text-grey-800 pb-24 pb-md-30\">\n\u00ab\u00a0L\u2019\u00e9lection l\u00e9gislative qui aura lieu dans ma circonscription des 5e, 6e et 7e arrondissements sera la premi\u00e8re \u00e9tape du rassemblement et de la dynamique de victoire \u00e0 Paris (\u2026) J\u2019invite les forces politiques de la droite et du centre \u00e0 prendre leurs responsabilit\u00e9s. D\u00e8s \u00e0 pr\u00e9sent, j\u2019assumerai les miennes et je le ferai jusqu\u2019au bout\u00a0\u00bb, a-t-elle d\u00e9clar\u00e9 dans un entretien \u00e0 \u00ab\u00a0<a target=\"_blank\" href=\"https:\/\/www.latribune.fr\/la-tribune-dimanche\/opinions\/opinion-pour-paris-le-temps-de-l-union-et-de-la-victoire-par-rachida-dati-ministre-de-la-culture-1031328.html\" rel=\"noopener\">La Tribune Dimanche<\/a>\u00a0\u00bb, malgr\u00e9 <a href=\"https:\/\/www.nouvelobs.com\/justice\/20250722.OBS106133\/rachida-dati-bientot-jugee-pour-corruption-ce-que-dit-l-ordonnance-de-renvoi-des-juges-d-instruction.html\" target=\"_blank\" rel=\"noopener\">les poursuites judiciaires<\/a> qui p\u00e8sent sur elle.<\/p>\n<p class=\"node__paragraphe antonia-750r text-grey-800 pb-24 pb-md-30\">\nLa maire LR du 7e arrondissement n\u2019a pas appr\u00e9ci\u00e9 la candidature de Michel Barnier, qu\u2019elle estime \u00ab\u00a0instrumentalis\u00e9\u00a0\u00bb, dans cette circonscription o\u00f9 l\u2019\u00e9lection du d\u00e9put\u00e9 macroniste Jean Laussucq a \u00e9t\u00e9 invalid\u00e9e par le Conseil constitutionnel pour irr\u00e9gularit\u00e9s dans ses comptes de campagne. L\u2019\u00e9lection doit se tenir les 21 et 28 septembre.<\/p>\n<p>\u00ab\u00a0Un seul objectif\u00a0: gagner Paris\u00a0\u00bb<\/p>\n<p class=\"node__paragraphe antonia-750r text-grey-800 pb-24 pb-md-30\">\nFin juillet, la pr\u00e9sidente de la f\u00e9d\u00e9ration LR de Paris Agn\u00e8s Evren esp\u00e9rait encore trouver un accord \u00ab\u00a0d\u2019ici la rentr\u00e9e\u00a0\u00bb avec Rachida Dati afin d\u2019\u00e9viter une guerre fratricide.<\/p>\n<p class=\"node__paragraphe antonia-750r text-grey-800 pb-24 pb-md-30\">\nC\u2019\u00e9tait sans compter la volont\u00e9 d\u2019en d\u00e9coudre de Rachida Dati. \u00ab\u00a0Je me pr\u00e9sente aux suffrages des Parisiens pour un seul objectif\u00a0: gagner Paris et rendre aux Parisiens la ville qu\u2019ils m\u00e9ritent\u00a0\u00bb, d\u00e9clare-t-elle \u00e0 l\u2019hebdomadaire, estimant que Paris \u00ab\u00a0vit une crise sans pr\u00e9c\u00e9dent\u00a0\u00bb.<\/p>\n<p class=\"node__paragraphe antonia-750r text-grey-800 pb-24 pb-md-30\">\n\u00ab\u00a0Aujourd\u2019hui, nous avons l\u2019opportunit\u00e9 historique de tourner cette page. Nous avons un projet solide, des \u00e9lus implant\u00e9s dans tous les arrondissements et l\u2019\u00e9nergie pour transformer notre capitale\u00a0\u00bb, ajoute-t-elle, appelant \u00e0 \u00ab\u00a0unir toutes les forces de la droite et du centre autour d\u2019un projet commun\u00a0\u00bb.<\/p>\n<p class=\"latino-500b text-grey-600 pb-16\">A lire aussi<\/p>\n<p><a href=\"https:\/\/www.nouvelobs.com\/politique\/20250723.OBS106161\/de-la-justice-aux-journalistes-les-trois-declarations-les-plus-trumpistes-de-rachida-dati.html\" data-article-key=\"20250723.OBS106161\" class=\"link--box flex-grow-1\" data-piano=\"Page_Article,Lire_aussi,,Lien2,navigation\" target=\"_blank\" rel=\"noopener\"><\/p>\n<p>                <img decoding=\"async\" src=\"data:image\/svg+xml,%3Csvg%20xmlns%3D%27http%3A%2F%2Fwww.w3.org%2F2000%2Fsvg%27%20fill%3D%22%23e4e4e4%22%20viewBox%3D%270%200%20120%2080%27%20width%3D%22120%22%20height%3D%2280%22%3E%3Cpath%20d%3D%27M0%200h120v80H0z%27%2F%3E%3C%2Fsvg%3E\"  width=\"120\" height=\"79\" loading=\"lazy\" alt=\"Rachida Dati \u00e0 Morlaix, en Bretagne, le 17\u00a0juillet 2025. \"\/><\/p>\n<p class=\"latino-300r latino-lg-600m text-grey-800\">\n                      <strong class=\"latino-300b latino-lg-600m text-grey-500\">D\u00e9cryptage\u00a0<\/strong><br \/>\n                    De la justice aux journalistes\u00a0: les trois d\u00e9clarations les plus trumpistes de Rachida Dati        <\/p>\n<p><\/a><\/p>\n<p class=\"node__paragraphe antonia-750r text-grey-800 pb-24 pb-md-30\">\nExclue des R\u00e9publicains en 2024 apr\u00e8s avoir \u00e9t\u00e9 recrut\u00e9e en janvier 2024 par Gabriel Attal pour <a href=\"https:\/\/www.nouvelobs.com\/politique\/20240111.OBS83168\/rachida-dati-ministre-de-la-culture-et-la-droite-bling-bling-fit-son-retour-au-gouvernement.html\" target=\"_blank\" rel=\"noopener\">entrer dans son gouvernement comme ministre de la Culture<\/a>, Rachida Dati a repris sa carte chez LR. De son c\u00f4t\u00e9, Michel Barnier a martel\u00e9 d\u00e9but ao\u00fbt ne pas \u00eatre \u00ab\u00a0candidat \u00e0 autre chose qu\u2019\u00e0 la d\u00e9putation\u00a0\u00bb.<\/p>\n<p class=\"node__paragraphe antonia-750r text-grey-800 pb-24 pb-md-30\">\nA cet agenda \u00e9lectoral, Rachida Dati, 59 ans, doit faire correspondre son agenda judiciaire\u00a0: elle a \u00e9t\u00e9 renvoy\u00e9e le 22 juillet en proc\u00e8s pour corruption et trafic d\u2019influence, soup\u00e7onn\u00e9e d\u2019avoir per\u00e7u 900\u00a0000 euros entre 2010 et 2012 pour des prestations de conseil avec une filiale de l\u2019alliance Renault-Nissan, mais sans avoir r\u00e9ellement travaill\u00e9, alors qu\u2019elle \u00e9tait avocate et d\u00e9put\u00e9e europ\u00e9enne. Elle a fait appel de la d\u00e9cision. La date pr\u00e9cise du proc\u00e8s devrait \u00eatre fix\u00e9e lors d\u2019une premi\u00e8re audience pr\u00e9vue le 29 septembre.<\/p>\n<p class=\"authors latino-600m text-grey-800\">\n<p>  Par\u00a0<br \/>\nLe Nouvel Obs avec AFP<\/p>\n","protected":false},"excerpt":{"rendered":"La ministre de la Culture Rachida Dati quitte l\u2019Elys\u00e9e, le 13\u00a0novembre 2024. Photo d\u2019illustration. \u00a0LUDOVIC MARIN \/ AFP&hellip;\n","protected":false},"author":2,"featured_media":340185,"comment_status":"","ping_status":"","sticky":false,"template":"","format":"standard","meta":{"footnotes":""},"categories":[1888],"tags":[17,11,47636,33380,1777,674,2823,1011,27,39286,5767,12,626,928,316,417,25],"class_list":{"0":"post-340184","1":"post","2":"type-post","3":"status-publish","4":"format-standard","5":"has-post-thumbnail","7":"category-paris","8":"tag-17","9":"tag-actualites","10":"tag-candidature","11":"tag-dati","12":"tag-eu","13":"tag-europe","14":"tag-face","15":"tag-fr","16":"tag-france","17":"tag-legislative","18":"tag-maintient","19":"tag-news","20":"tag-paris","21":"tag-partielle","22":"tag-politique","23":"tag-rachida-dati","24":"tag-republique-francaise"},"share_on_mastodon":{"url":"https:\/\/pubeurope.com\/@fr\/115082593848488638","error":""},"_links":{"self":[{"href":"https:\/\/www.europesays.com\/fr\/wp-json\/wp\/v2\/posts\/340184","targetHints":{"allow":["GET"]}}],"collection":[{"href":"https:\/\/www.europesays.com\/fr\/wp-json\/wp\/v2\/posts"}],"about":[{"href":"https:\/\/www.europesays.com\/fr\/wp-json\/wp\/v2\/types\/post"}],"author":[{"embeddable":true,"href":"https:\/\/www.europesays.com\/fr\/wp-json\/wp\/v2\/users\/2"}],"replies":[{"embeddable":true,"href":"https:\/\/www.europesays.com\/fr\/wp-json\/wp\/v2\/comments?post=340184"}],"version-history":[{"count":0,"href":"https:\/\/www.europesays.com\/fr\/wp-json\/wp\/v2\/posts\/340184\/revisions"}],"wp:featuredmedia":[{"embeddable":true,"href":"https:\/\/www.europesays.com\/fr\/wp-json\/wp\/v2\/media\/340185"}],"wp:attachment":[{"href":"https:\/\/www.europesays.com\/fr\/wp-json\/wp\/v2\/media?parent=340184"}],"wp:term":[{"taxonomy":"category","embeddable":true,"href":"https:\/\/www.europesays.com\/fr\/wp-json\/wp\/v2\/categories?post=340184"},{"taxonomy":"post_tag","embeddable":true,"href":"https:\/\/www.europesays.com\/fr\/wp-json\/wp\/v2\/tags?post=340184"}],"curies":[{"name":"wp","href":"https:\/\/api.w.org\/{rel}","templated":true}]}}