{"id":340186,"date":"2025-08-24T07:36:18","date_gmt":"2025-08-24T07:36:18","guid":{"rendered":"https:\/\/www.europesays.com\/fr\/340186\/"},"modified":"2025-08-24T07:36:18","modified_gmt":"2025-08-24T07:36:18","slug":"trump-nomme-sergio-gor-ambassadeur-en-inde-alors-que-les-tensions-commerciales-et-le-differend-sur-le-petrole-avec-la-russie-sintensifient","status":"publish","type":"post","link":"https:\/\/www.europesays.com\/fr\/340186\/","title":{"rendered":"Trump nomme Sergio Gor ambassadeur en Inde alors que les tensions commerciales et le diff\u00e9rend sur le p\u00e9trole avec la Russie s&rsquo;intensifient"},"content":{"rendered":"<p>Le pr\u00e9sident <strong>Donald Trump<\/strong> a propos\u00e9 vendredi <strong>Sergio Gor<\/strong>, son chef du personnel pr\u00e9sidentiel, au poste d\u2019ambassadeur des \u00c9tats-Unis en Inde, malgr\u00e9 les controverses en cours entourant le pass\u00e9 de Gor et une querelle publique avec <strong>Elon Musk<\/strong> au sujet de la falsification pr\u00e9sum\u00e9e de documents f\u00e9d\u00e9raux.<\/p>\n<p>Une nomination strat\u00e9gique en pleine crise diplomatique<\/p>\n<p>Trump a annonc\u00e9 la nomination sur le r\u00e9seau Truth Social, d\u00e9clarant qu\u2019il \u201cpromouvait Sergio Gor pour qu\u2019il devienne notre prochain ambassadeur des \u00c9tats-Unis aupr\u00e8s de la R\u00e9publique de l\u2019Inde, et envoy\u00e9 sp\u00e9cial pour les affaires de l\u2019Asie du Sud et de l\u2019Asie centrale\u201d. Le pr\u00e9sident a cit\u00e9 la loyaut\u00e9 de Gor et affirm\u00e9 que son \u00e9quipe avait plac\u00e9 pr\u00e8s de 4 000 personnes au sein du gouvernement, bien que ce chiffre reste \u00e0 v\u00e9rifier.<\/p>\n<p><a href=\"https:\/\/truthsocial.com\/@realDonaldTrump\/posts\/115074344428193585\" data-wpel-link=\"external\" rel=\"external noopener noreferrer nofollow\" target=\"_blank\"><img loading=\"lazy\" decoding=\"async\" width=\"654\" height=\"780\" src=\"https:\/\/www.europesays.com\/fr\/wp-content\/uploads\/2025\/08\/image-425.png\" alt=\"\" class=\"wp-image-1041147\"\/><\/a><\/p>\n<p>La nomination intervient alors que les relations entre les \u00c9tats-Unis et l\u2019Inde sont confront\u00e9es \u00e0 des tensions importantes li\u00e9es \u00e0 des <a href=\"https:\/\/www.benzinga.com\/markets\/asia\/25\/08\/46908150\/trump-tariffs-india-russian-oil-imports-2025\" data-wpel-link=\"external\" rel=\"external noopener noreferrer nofollow\" target=\"_blank\">diff\u00e9rends commerciaux<\/a> et des achats de p\u00e9trole russe. Trump a menac\u00e9 d\u2019augmenter \u201csubstantiellement\u201d les tarifs douaniers sur les produits indiens apr\u00e8s le maintien par l\u2019Inde de son commerce \u00e9nerg\u00e9tique avec la Russie, qui repr\u00e9sente d\u00e9sormais 39 % des importations de p\u00e9trole de l\u2019Inde contre 2,5 % avant la guerre.<\/p>\n<p>Le parcours et les qualifications de Gor<\/p>\n<p>Selon le <a href=\"https:\/\/www.nytimes.com\/2025\/08\/22\/us\/politics\/sergio-gor-ambassador-india.html\" data-wpel-link=\"external\" rel=\"external noopener noreferrer nofollow\" target=\"_blank\">rapport<\/a> du New York Times, Gor a travaill\u00e9 auparavant pour le s\u00e9nateur <strong>Rand Paul<\/strong> et a entretenu des relations \u00e9troites avec l\u2019entourage de Trump, notamment avec <strong>Donald Trump Jr.<\/strong> Il a aid\u00e9 \u00e0 cr\u00e9er une maison d\u2019\u00e9dition qui a vers\u00e9 des millions \u00e0 Trump pour la production de livres lorsqu\u2019il \u00e9tait hors du pouvoir et a dirig\u00e9 un super comit\u00e9 d\u2019action politique (PAC) soutenant le pr\u00e9sident en 2024, fortement soutenu par <strong>Isaac Perlmutter<\/strong>, ancien cadre de <strong>Marvel Entertainment<\/strong> .<\/p>\n<p><strong>Trump a \u00e9galement salu\u00e9 Gor comme un \u201cgrand ami, qui est \u00e0 mes c\u00f4t\u00e9s depuis de nombreuses ann\u00e9es\u201d,<\/strong> en insistant sur l\u2019importance d\u2019avoir quelqu\u2019un en qui il peut \u201cavoir une confiance totale\u201d dans la r\u00e9gion la plus peupl\u00e9e du monde. La relation commerciale bilat\u00e9rale a d\u00e9pass\u00e9 129 milliards de dollars l\u2019ann\u00e9e derni\u00e8re, ce qui rend le r\u00f4le d\u2019ambassadeur crucial dans le contexte des tensions actuelles concernant les achats de p\u00e9trole russe par l\u2019Inde.<\/p>\n<p>Un parcours sem\u00e9 d\u2019emb\u00fbches au milieu d\u2019une querelle Musk-Gor<\/p>\n<p>La nomination est compliqu\u00e9e par les <a href=\"https:\/\/www.benzinga.com\/news\/politics\/25\/06\/46042180\/elon-musk-levels-federal-crime-accusation-against-trump-aide-sergio-gor\" data-wpel-link=\"external\" rel=\"external noopener noreferrer nofollow\" target=\"_blank\">accusations publiques<\/a> du PDG de <strong>Tesla Inc.<\/strong> (NASDAQ:<a class=\"ticker\" href=\"http:\/\/fr.benzinga.com\/quote\/TSLA#NASDAQ\" data-wpel-link=\"internal\" rel=\"nofollow noopener\" target=\"_blank\">TSLA<\/a>), <strong>Elon Musk<\/strong>, selon lesquelles Gor \u201ca d\u00e9lib\u00e9r\u00e9ment menti sur son lieu de naissance sur des formulaires f\u00e9d\u00e9raux\u201d, le qualifiant de \u201ccrime grave\u201d.<\/p>\n<p>La querelle a d\u00e9g\u00e9n\u00e9r\u00e9 apr\u00e8s que Gor aurait pouss\u00e9 Trump \u00e0 retirer la nomination de Jared Isaacman \u00e0 la NASA, ce qui a encore tendu les liens de Musk avec la Maison Blanche. Cependant, la Maison Blanche maintient que Gor a fait l\u2019objet d\u2019une enqu\u00eate de s\u00e9curit\u00e9 appropri\u00e9e et qu\u2019il d\u00e9tient l\u2019habilitation de s\u00e9curit\u00e9 n\u00e9cessaire.<\/p>\n<p>Gor a besoin de la confirmation du S\u00e9nat pour occuper le poste d\u2019ambassadeur, bien que son r\u00f4le d\u2019envoy\u00e9 sp\u00e9cial ne n\u00e9cessite qu\u2019une nomination pr\u00e9sidentielle.<\/p>\n<p><strong>Lire la suite :<\/strong><\/p>\n<p><strong>Avertissement :<\/strong> Ce contenu a \u00e9t\u00e9 partiellement produit \u00e0 l\u2019aide d\u2019outils d\u2019IA et a \u00e9t\u00e9 examin\u00e9 et publi\u00e9 par les \u00e9diteurs de Benzinga.<\/p>\n<p>Photo avec l\u2019aimable autorisation de : Shutterstock<\/p>\n","protected":false},"excerpt":{"rendered":"Le pr\u00e9sident Donald Trump a propos\u00e9 vendredi Sergio Gor, son chef du personnel pr\u00e9sidentiel, au poste d\u2019ambassadeur des&hellip;\n","protected":false},"author":2,"featured_media":340187,"comment_status":"","ping_status":"","sticky":false,"template":"","format":"standard","meta":{"footnotes":""},"categories":[1591],"tags":[11,1887,12,1885,1886,132],"class_list":{"0":"post-340186","1":"post","2":"type-post","3":"status-publish","4":"format-standard","5":"has-post-thumbnail","7":"category-russie","8":"tag-actualites","9":"tag-federation-de-russie","10":"tag-news","11":"tag-russia","12":"tag-russian-federation","13":"tag-russie"},"share_on_mastodon":{"url":"https:\/\/pubeurope.com\/@fr\/115082598208002258","error":""},"_links":{"self":[{"href":"https:\/\/www.europesays.com\/fr\/wp-json\/wp\/v2\/posts\/340186","targetHints":{"allow":["GET"]}}],"collection":[{"href":"https:\/\/www.europesays.com\/fr\/wp-json\/wp\/v2\/posts"}],"about":[{"href":"https:\/\/www.europesays.com\/fr\/wp-json\/wp\/v2\/types\/post"}],"author":[{"embeddable":true,"href":"https:\/\/www.europesays.com\/fr\/wp-json\/wp\/v2\/users\/2"}],"replies":[{"embeddable":true,"href":"https:\/\/www.europesays.com\/fr\/wp-json\/wp\/v2\/comments?post=340186"}],"version-history":[{"count":0,"href":"https:\/\/www.europesays.com\/fr\/wp-json\/wp\/v2\/posts\/340186\/revisions"}],"wp:featuredmedia":[{"embeddable":true,"href":"https:\/\/www.europesays.com\/fr\/wp-json\/wp\/v2\/media\/340187"}],"wp:attachment":[{"href":"https:\/\/www.europesays.com\/fr\/wp-json\/wp\/v2\/media?parent=340186"}],"wp:term":[{"taxonomy":"category","embeddable":true,"href":"https:\/\/www.europesays.com\/fr\/wp-json\/wp\/v2\/categories?post=340186"},{"taxonomy":"post_tag","embeddable":true,"href":"https:\/\/www.europesays.com\/fr\/wp-json\/wp\/v2\/tags?post=340186"}],"curies":[{"name":"wp","href":"https:\/\/api.w.org\/{rel}","templated":true}]}}