{"id":340188,"date":"2025-08-24T07:37:10","date_gmt":"2025-08-24T07:37:10","guid":{"rendered":"https:\/\/www.europesays.com\/fr\/340188\/"},"modified":"2025-08-24T07:37:10","modified_gmt":"2025-08-24T07:37:10","slug":"kiev-lance-une-serie-dattaques-aux-drones-sur-la-russie-le-jour-de-la-fete-de-son-independance","status":"publish","type":"post","link":"https:\/\/www.europesays.com\/fr\/340188\/","title":{"rendered":"Kiev lance une s\u00e9rie d\u2019attaques aux drones sur la Russie le jour de la f\u00eate de son ind\u00e9pendance"},"content":{"rendered":"<p>   La Russie vis\u00e9e par plusieurs attaques ukrainiennes dans une centrale nucl\u00e9aire et un port p\u00e9trolier             <\/p>\n<p class=\"post__live-container--answer-text post__space-node\">Les autorit\u00e9s locales russes ont indiqu\u00e9 dans la nuit avoir intercept\u00e9 des drones ukrainiens dans des r\u00e9gions parfois \u00e9loign\u00e9es du front comme celle de Saint-P\u00e9tersbourg, au nord-ouest du pays, ou sur la Volga.<\/p>\n<p class=\"post__live-container--answer-text post__space-node\">C\u2019est l\u2019un de ces missiles, abattu peu apr\u00e8s minuit par la d\u00e9fense anti-a\u00e9rienne russe, qui \u00ab\u00a0a explos\u00e9 et endommag\u00e9 un transformateur auxiliaire\u00a0\u00bb sur le terrain de la centrale nucl\u00e9aire situ\u00e9e dans la r\u00e9gion russe frontali\u00e8re de Koursk, provoquant un incendie, selon son op\u00e9rateur. \u00ab\u00a0L\u2019incendie a \u00e9t\u00e9 \u00e9teint\u00a0\u00bb, a-t-il ajout\u00e9, pr\u00e9cisant qu\u2019il n\u2019y avait aucune victime mais que le fonctionnement d\u2019un r\u00e9acteur avait \u00e9t\u00e9 r\u00e9duit.\u00a0Le taux de radiation n\u2019a, selon lui, \u00ab\u00a0pas chang\u00e9\u00a0\u00bb.<\/p>\n<p class=\"post__live-container--answer-text post__space-node\">Sur la c\u00f4te de la Baltique, l\u2019interception de dix drones sur le port d\u2019Oust-Louga, pr\u00e8s de Saint-P\u00e9tersbourg, a provoqu\u00e9 un incendie dans un terminal p\u00e9trolier du groupe russe Novatek, a indiqu\u00e9 le gouverneur r\u00e9gional Alexandre Drozdenko <a href=\"https:\/\/t.me\/drozdenko_au_lo\/8050\" target=\"_blank\" rel=\"noopener nofollow\" title=\"Nouvelle fen\u00eatre\">sur Telegram<\/a>. \u00ab\u00a0Les pompiers et le minist\u00e8re des situations d\u2019urgence sont \u00e0 l\u2019\u0153uvre pour l\u2019\u00e9teindre\u00a0\u00bb, a-t-il ajout\u00e9.<\/p>\n<p class=\"post__live-container--answer-text post__space-node\">Ces attaques interviennent alors que l\u2019Ukraine, ancienne r\u00e9publique sovi\u00e9tique, c\u00e9l\u00e8bre dimanche ses trente-quatre\u00a0ans d\u2019ind\u00e9pendance. \u00ab\u00a0Le peuple ukrainien ne se rendra jamais et ne renoncera jamais \u00e0 son ind\u00e9pendance\u00a0\u00bb, a insist\u00e9 le chef des arm\u00e9es, Oleksandr Syrsky, dimanche matin \u00e0 cette occasion, tandis que le chef de la diplomatie, Andrii Sybiha, a qualifi\u00e9 l\u2019ind\u00e9pendance de l\u2019Ukraine de \u00ab\u00a0pierre angulaire de la s\u00e9curit\u00e9 de l\u2019Europe\u00a0\u00bb.<\/p>\n<p class=\"post__live-container--answer-text post__space-node\">C\u00f4t\u00e9 ukrainien, une femme de 47\u00a0ans est morte dimanche matin dans une frappe de drone russe dans la r\u00e9gion de Dnipropetrovsk, \u00e0 l\u2019est du pays, selon le gouverneur r\u00e9gional Serhi Lyssak <a href=\"https:\/\/t.me\/dnipropetrovskaODA\/23814\" target=\"_blank\" rel=\"noopener nofollow\" title=\"Nouvelle fen\u00eatre\">sur Telegram<\/a>.<\/p>\n","protected":false},"excerpt":{"rendered":"La Russie vis\u00e9e par plusieurs attaques ukrainiennes dans une centrale nucl\u00e9aire et un port p\u00e9trolier Les autorit\u00e9s locales&hellip;\n","protected":false},"author":2,"featured_media":339969,"comment_status":"","ping_status":"","sticky":false,"template":"","format":"standard","meta":{"footnotes":""},"categories":[1590],"tags":[11,1777,674,12,220],"class_list":{"0":"post-340188","1":"post","2":"type-post","3":"status-publish","4":"format-standard","5":"has-post-thumbnail","7":"category-ukraine","8":"tag-actualites","9":"tag-eu","10":"tag-europe","11":"tag-news","12":"tag-ukraine"},"share_on_mastodon":{"url":"https:\/\/pubeurope.com\/@fr\/115082602005223251","error":""},"_links":{"self":[{"href":"https:\/\/www.europesays.com\/fr\/wp-json\/wp\/v2\/posts\/340188","targetHints":{"allow":["GET"]}}],"collection":[{"href":"https:\/\/www.europesays.com\/fr\/wp-json\/wp\/v2\/posts"}],"about":[{"href":"https:\/\/www.europesays.com\/fr\/wp-json\/wp\/v2\/types\/post"}],"author":[{"embeddable":true,"href":"https:\/\/www.europesays.com\/fr\/wp-json\/wp\/v2\/users\/2"}],"replies":[{"embeddable":true,"href":"https:\/\/www.europesays.com\/fr\/wp-json\/wp\/v2\/comments?post=340188"}],"version-history":[{"count":0,"href":"https:\/\/www.europesays.com\/fr\/wp-json\/wp\/v2\/posts\/340188\/revisions"}],"wp:featuredmedia":[{"embeddable":true,"href":"https:\/\/www.europesays.com\/fr\/wp-json\/wp\/v2\/media\/339969"}],"wp:attachment":[{"href":"https:\/\/www.europesays.com\/fr\/wp-json\/wp\/v2\/media?parent=340188"}],"wp:term":[{"taxonomy":"category","embeddable":true,"href":"https:\/\/www.europesays.com\/fr\/wp-json\/wp\/v2\/categories?post=340188"},{"taxonomy":"post_tag","embeddable":true,"href":"https:\/\/www.europesays.com\/fr\/wp-json\/wp\/v2\/tags?post=340188"}],"curies":[{"name":"wp","href":"https:\/\/api.w.org\/{rel}","templated":true}]}}