{"id":340191,"date":"2025-08-24T07:39:12","date_gmt":"2025-08-24T07:39:12","guid":{"rendered":"https:\/\/www.europesays.com\/fr\/340191\/"},"modified":"2025-08-24T07:39:12","modified_gmt":"2025-08-24T07:39:12","slug":"reconnaissance-faciale-le-royaume-uni-scanne-des-millions-de-visages-en-temps-reel","status":"publish","type":"post","link":"https:\/\/www.europesays.com\/fr\/340191\/","title":{"rendered":"Reconnaissance faciale: le Royaume-Uni scanne des millions de visages en temps r\u00e9el"},"content":{"rendered":"<p>Publi\u00e924. ao\u00fbt 2025, 09:09<\/p>\n<p>Reconnaissance faciale: Des millions de visages scann\u00e9s en temps r\u00e9el au Royaume-Uni<\/p>\n<p>Unique en Europe, le d\u00e9ploiement massif de la reconnaissance faciale au Royaume-Uni soul\u00e8ve des inqui\u00e9tudes.<\/p>\n<p><img loading=\"lazy\" decoding=\"async\" src=\"https:\/\/www.europesays.com\/fr\/wp-content\/uploads\/2025\/08\/5429586e-3bb7-4a7c-ad41-91fd61bb738b.jpg\" alt=\"\u00abLa reconnaissance faciale en temps r\u00e9el est un outil efficace qui a permis plus de 1 000 arrestations depuis d\u00e9but 2024\u00bb, a assur\u00e9 Mark Rowley, le chef de la police de Londres, qui pr\u00e9voit de \u00abplus que doubler son usage\u00bb.\" title=\"\u00abLa reconnaissance faciale en temps r\u00e9el est un outil efficace qui a permis plus de 1 000 arrestations depuis d\u00e9but 2024\u00bb, a assur\u00e9 Mark Rowley, le chef de la police de Londres, qui pr\u00e9voit de \u00abplus que doubler son usage\u00bb.\"  width=\"961\" height=\"641\"\/><\/p>\n<p>\u00abLa reconnaissance faciale en temps r\u00e9el est un outil efficace qui a permis plus de 1 000 arrestations depuis d\u00e9but 2024\u00bb, a assur\u00e9 Mark Rowley, le chef de la police de Londres, qui pr\u00e9voit de \u00abplus que doubler son usage\u00bb.<\/p>\n<p>AFP<\/p>\n<p>\u00c0 l\u2019entr\u00e9e d\u2019un supermarch\u00e9, dans la foule d\u2019un festival: des millions de Britanniques ont d\u00e9sormais le visage scann\u00e9 par des technologies de reconnaissance faciale en temps r\u00e9el, dans le seul pays europ\u00e9en \u00e0 les d\u00e9ployer \u00e0 grande \u00e9chelle. Au carnaval de Notting Hill, o\u00f9 deux millions de personnes sont attendues dimanche et lundi, des cam\u00e9ras utilisant ce proc\u00e9d\u00e9 ont \u00e9t\u00e9 install\u00e9es aux entr\u00e9es et sorties de la parade.<\/p>\n<p>L\u2019objectif, selon la police: \u00abidentifier et intercepter\u00bb en direct des personnes recherch\u00e9es, en scannant les visages et en les comparant aux milliers de suspects dans sa base de donn\u00e9es. \u00abLa reconnaissance faciale en temps r\u00e9el est un outil efficace (&#8230;) qui a permis plus de 1 000 arrestations depuis d\u00e9but 2024\u00bb, a assur\u00e9 Mark Rowley, le chef de la police de Londres, qui pr\u00e9voit de \u00abplus que doubler son usage\u00bb.<\/p>\n<p>\u00abUn pays de suspects\u00bb<\/p>\n<p>Le recours \u00e0 ces technologies a d\u00e9j\u00e0 consid\u00e9rablement augment\u00e9 depuis trois ans, passant de dix op\u00e9rations entre 2016 et 2019 \u00e0 une centaine depuis d\u00e9but 2025. Au total, les visages de 4,7 millions de personnes ont \u00e9t\u00e9 scann\u00e9s en 2024 au Royaume-Uni. Les cam\u00e9ras sont install\u00e9es sur le toit d\u2019un van, o\u00f9 op\u00e8rent des agents de police, et, lorsqu\u2019un suspect passe \u00e0 proximit\u00e9, le syst\u00e8me utilisant l\u2019intelligence artificielle d\u00e9clenche une alerte permettant d\u2019imm\u00e9diatement l\u2019interpeller.<\/p>\n<p>Son utilisation \u00ab\u00e0 grande \u00e9chelle\u00bb, \u00e0 l\u2019occasion du couronnement de Charles III en 2023, ou cette ann\u00e9e avant les concerts d\u2019Oasis et les matchs du tournoi des Six Nations, transforme le Royaume-Uni en \u00abun pays de suspects\u00bb, s\u2019inqui\u00e8te l\u2019organisation Big Brother Watch. \u00abIl n\u2019y a pas de base l\u00e9gislative (&#8230;) donc la police a le champ libre pour \u00e9crire ses propres r\u00e8gles\u00bb, d\u00e9clare Rebecca Vincent, sa directrice int\u00e9rimaire.<\/p>\n<p>Son usage priv\u00e9 par des supermarch\u00e9s ou des magasins pour lutter contre des vols \u00e0 l\u2019\u00e9talage en forte augmentation les pr\u00e9occupe, avec \u00abtr\u00e8s peu d\u2019informations\u00bb sur leur collecte des donn\u00e9es. La plupart utilisent Facewatch, un prestataire qui constitue une liste de suspects d\u2019infractions dans les magasins qu\u2019il surveille, et donne l\u2019alerte d\u00e8s que l\u2019un d\u2019eux entre dans un commerce.<\/p>\n<p>Interdit dans l\u2019UE<\/p>\n<p>Dans l\u2019UE, la l\u00e9gislation encadrant depuis f\u00e9vrier l\u2019intelligence artificielle interdit le recours aux technologies de reconnaissance faciale en temps r\u00e9el, avec des exceptions notamment pour la lutte antiterroriste. Hormis quelques cas aux \u00c9tats-Unis, \u00abil n\u2019y a rien de comparable dans les pays europ\u00e9ens ou dans d\u2019autres d\u00e9mocraties, l\u2019usage de cette technologie (au Royaume-Uni) s\u2019apparentant davantage \u00e0 celui d\u2019\u00c9tats autoritaires comme la Chine\u00bb, souligne Rebecca Vincent.<\/p>\n<p>\u00abCela change la mani\u00e8re d\u2019habiter en ville en supprimant la possibilit\u00e9 de vivre dans l\u2019anonymat\u00bb et peut d\u00e9courager la participation notamment aux manifestations, avertit Daragh Murray, ma\u00eetre de conf\u00e9rence \u00e0 l\u2019universit\u00e9 Queen Mary de Londres.<\/p>\n<p>Cam\u00e9ras dans des quartiers difficiles<\/p>\n<p>La ministre de l\u2019Int\u00e9rieur Yvette Cooper a r\u00e9cemment promis un \u00abcadre l\u00e9gal\u00bb pour d\u00e9limiter son usage, mettant l\u2019accent sur la lutte contre les \u00abcrimes graves\u00bb. Sans attendre, le Home office vient d\u2019\u00e9tendre le recours \u00e0 ce proc\u00e9d\u00e9 \u00e0 sept nouvelles r\u00e9gions du Royaume-Uni.<\/p>\n<p>Des cam\u00e9ras permanentes doivent aussi \u00eatre install\u00e9es \u00e0 Croydon, un quartier du sud de la capitale jug\u00e9 difficile. La police assure disposer de \u00abgaranties robustes\u00bb, promettant de supprimer les donn\u00e9es biom\u00e9triques des personnes n\u2019ayant rien \u00e0 se reprocher. Mais le r\u00e9gulateur britannique charg\u00e9 des droits humains a estim\u00e9 que l\u2019utilisation de cette technologie par les policiers londoniens \u00e9tait \u00abill\u00e9gale\u00bb car \u00abincompatible\u00bb avec le respect de ces droits.<\/p>\n<p>Onze organisations avaient exhort\u00e9 la police \u00e0 renoncer \u00e0 l\u2019utiliser pendant le carnaval de Notting Hill, l\u2019accusant de \u00abcibler injustement\u00bb cette communaut\u00e9 et insistant sur les biais raciaux de l\u2019IA. Elles citent le cas de Shaun Thompson, un homme noir arr\u00eat\u00e9 apr\u00e8s avoir \u00e9t\u00e9 identifi\u00e9 \u00e0 tort par l\u2019une de ces cam\u00e9ras, qui a d\u00e9pos\u00e9 un recours en justice contre la police londonienne.<\/p>\n<p>Tu nous suis d\u00e9j\u00e0 sur WhatsApp?<\/p>\n<p>Abonne-toi \u00e0 notre cha\u00eene, active la petite \ud83d\udd14 et tu recevras un <strong>r\u00e9cap de l&rsquo;actu<\/strong> chaque jour en <strong>d\u00e9but de soir\u00e9e<\/strong>.<\/p>\n<p>(AFP\/mc)<\/p>\n","protected":false},"excerpt":{"rendered":"Publi\u00e924. ao\u00fbt 2025, 09:09 Reconnaissance faciale: Des millions de visages scann\u00e9s en temps r\u00e9el au Royaume-Uni Unique en&hellip;\n","protected":false},"author":2,"featured_media":340192,"comment_status":"","ping_status":"","sticky":false,"template":"","format":"standard","meta":{"footnotes":""},"categories":[1588],"tags":[11,1777,674,12,473,1853,1851,1850,1852],"class_list":{"0":"post-340191","1":"post","2":"type-post","3":"status-publish","4":"format-standard","5":"has-post-thumbnail","7":"category-royaume-uni","8":"tag-actualites","9":"tag-eu","10":"tag-europe","11":"tag-news","12":"tag-royaume-uni","13":"tag-royaume-uni-de-grande-bretagne-et-dirlande-du-nord","14":"tag-uk","15":"tag-united-kingdom","16":"tag-united-kingdom-of-great-britain-and-northern-ireland"},"share_on_mastodon":{"url":"https:\/\/pubeurope.com\/@fr\/115082609519312190","error":""},"_links":{"self":[{"href":"https:\/\/www.europesays.com\/fr\/wp-json\/wp\/v2\/posts\/340191","targetHints":{"allow":["GET"]}}],"collection":[{"href":"https:\/\/www.europesays.com\/fr\/wp-json\/wp\/v2\/posts"}],"about":[{"href":"https:\/\/www.europesays.com\/fr\/wp-json\/wp\/v2\/types\/post"}],"author":[{"embeddable":true,"href":"https:\/\/www.europesays.com\/fr\/wp-json\/wp\/v2\/users\/2"}],"replies":[{"embeddable":true,"href":"https:\/\/www.europesays.com\/fr\/wp-json\/wp\/v2\/comments?post=340191"}],"version-history":[{"count":0,"href":"https:\/\/www.europesays.com\/fr\/wp-json\/wp\/v2\/posts\/340191\/revisions"}],"wp:featuredmedia":[{"embeddable":true,"href":"https:\/\/www.europesays.com\/fr\/wp-json\/wp\/v2\/media\/340192"}],"wp:attachment":[{"href":"https:\/\/www.europesays.com\/fr\/wp-json\/wp\/v2\/media?parent=340191"}],"wp:term":[{"taxonomy":"category","embeddable":true,"href":"https:\/\/www.europesays.com\/fr\/wp-json\/wp\/v2\/categories?post=340191"},{"taxonomy":"post_tag","embeddable":true,"href":"https:\/\/www.europesays.com\/fr\/wp-json\/wp\/v2\/tags?post=340191"}],"curies":[{"name":"wp","href":"https:\/\/api.w.org\/{rel}","templated":true}]}}