{"id":340193,"date":"2025-08-24T07:40:11","date_gmt":"2025-08-24T07:40:11","guid":{"rendered":"https:\/\/www.europesays.com\/fr\/340193\/"},"modified":"2025-08-24T07:40:11","modified_gmt":"2025-08-24T07:40:11","slug":"une-deuxieme-victoire-de-lallemagne-sur-lespagne","status":"publish","type":"post","link":"https:\/\/www.europesays.com\/fr\/340193\/","title":{"rendered":"Une deuxi\u00e8me victoire de l&rsquo;Allemagne sur l&rsquo;Espagne"},"content":{"rendered":"<p>La r\u00e9p\u00e9tition g\u00e9n\u00e9rale \u00e0 guichets ferm\u00e9s \u00e0 la LANXESS Arena de Cologne a \u00e9t\u00e9 un succ\u00e8s puisque la Mannschaft a battu une deuxi\u00e8me fois l&rsquo;Espagne (95-78) apr\u00e8s sa victoire \u00e0 Madrid (105-106). Comme souvent, c&rsquo;est le duo compos\u00e9 de Franz Wagner (29 points et six rebonds) et de Dennis Schr\u00f6der (22 points et neuf passes) qui a \u00e9t\u00e9 le plus percutant.<\/p>\n<p>En pr\u00e9paration, l&rsquo;Allemagne s&rsquo;est \u00e9galement impos\u00e9e \u00e0 la Slov\u00e9nie (deux fois) et \u00e0 la Turquie, et s&rsquo;est inclin\u00e9e face \u00e0 la Serbie.<\/p>\n<p>Le coach Alex Mumbru a fourni son roster d\u00e9finitif compos\u00e9 de Isaac Bonga, Oscar Da Silva, Tristan Da Silva, Justus Hollatz, Leon Kratzer, Maodo Lo, Andreas Obst, Dennis Schroder, Daniel Theis, Johannes Thiemann, Johannes Voigtmann, et Franz Wagner.<\/p>\n<p>En raison d&rsquo;une blessure musculaire, le meneur de jeu David Kramer n&rsquo;a pas re\u00e7u le feu vert du Real Madrid pour disputer l&rsquo;EuroBasket.<\/p>\n<blockquote><p>\u00ab C&rsquo;est un coup dur pour nous \u00bb, a d\u00e9clar\u00e9 Alex Mumbru. \u00ab David \u00e9tait cens\u00e9 \u00eatre un \u00e9l\u00e9ment important de notre \u00e9quipe. Nous devons maintenant compenser son absence du mieux que nous pouvons. Bien s\u00fbr, je suis aussi profond\u00e9ment d\u00e9sol\u00e9 pour lui personnellement\u00a0; David aurait m\u00e9rit\u00e9 d&rsquo;\u00eatre l\u00e0. \u00bb<\/p><\/blockquote>\n","protected":false},"excerpt":{"rendered":"La r\u00e9p\u00e9tition g\u00e9n\u00e9rale \u00e0 guichets ferm\u00e9s \u00e0 la LANXESS Arena de Cologne a \u00e9t\u00e9 un succ\u00e8s puisque la&hellip;\n","protected":false},"author":2,"featured_media":340194,"comment_status":"","ping_status":"","sticky":false,"template":"","format":"standard","meta":{"footnotes":""},"categories":[1587],"tags":[11,672,1804,1805,1803,1777,674,1801,12,1802],"class_list":{"0":"post-340193","1":"post","2":"type-post","3":"status-publish","4":"format-standard","5":"has-post-thumbnail","7":"category-allemagne","8":"tag-actualites","9":"tag-allemagne","10":"tag-bundesrepublik-deutschland","11":"tag-de","12":"tag-deutschland","13":"tag-eu","14":"tag-europe","15":"tag-germany","16":"tag-news","17":"tag-republique-federale-dallemagne"},"share_on_mastodon":{"url":"https:\/\/pubeurope.com\/@fr\/115082613509223157","error":""},"_links":{"self":[{"href":"https:\/\/www.europesays.com\/fr\/wp-json\/wp\/v2\/posts\/340193","targetHints":{"allow":["GET"]}}],"collection":[{"href":"https:\/\/www.europesays.com\/fr\/wp-json\/wp\/v2\/posts"}],"about":[{"href":"https:\/\/www.europesays.com\/fr\/wp-json\/wp\/v2\/types\/post"}],"author":[{"embeddable":true,"href":"https:\/\/www.europesays.com\/fr\/wp-json\/wp\/v2\/users\/2"}],"replies":[{"embeddable":true,"href":"https:\/\/www.europesays.com\/fr\/wp-json\/wp\/v2\/comments?post=340193"}],"version-history":[{"count":0,"href":"https:\/\/www.europesays.com\/fr\/wp-json\/wp\/v2\/posts\/340193\/revisions"}],"wp:featuredmedia":[{"embeddable":true,"href":"https:\/\/www.europesays.com\/fr\/wp-json\/wp\/v2\/media\/340194"}],"wp:attachment":[{"href":"https:\/\/www.europesays.com\/fr\/wp-json\/wp\/v2\/media?parent=340193"}],"wp:term":[{"taxonomy":"category","embeddable":true,"href":"https:\/\/www.europesays.com\/fr\/wp-json\/wp\/v2\/categories?post=340193"},{"taxonomy":"post_tag","embeddable":true,"href":"https:\/\/www.europesays.com\/fr\/wp-json\/wp\/v2\/tags?post=340193"}],"curies":[{"name":"wp","href":"https:\/\/api.w.org\/{rel}","templated":true}]}}