{"id":340197,"date":"2025-08-24T07:42:21","date_gmt":"2025-08-24T07:42:21","guid":{"rendered":"https:\/\/www.europesays.com\/fr\/340197\/"},"modified":"2025-08-24T07:42:21","modified_gmt":"2025-08-24T07:42:21","slug":"ce-qui-change-aux-frontieres-europeennes-cet-automne","status":"publish","type":"post","link":"https:\/\/www.europesays.com\/fr\/340197\/","title":{"rendered":"ce qui change aux fronti\u00e8res europ\u00e9ennes cet automne"},"content":{"rendered":"<p>En octobre, les tampons sur les passeports vont dispara\u00eetre dans 29 pays europ\u00e9ens, dont la France. L\u2019Union europ\u00e9enne met en place un syst\u00e8me de contr\u00f4le automatis\u00e9 aux fronti\u00e8res ext\u00e9rieures. Ce qui change pour les voyageurs \u2014 et pourquoi certains risquent de le regretter.<\/p>\n<p class=\"fig-paragraph\">Cet automne, les tampons sur les passeports pourraient bient\u00f4t appartenir au pass\u00e9\u00a0: l\u2019Union europ\u00e9enne d\u00e9ploie un contr\u00f4le num\u00e9rique automatis\u00e9 aux fronti\u00e8res. Explication simple pour voyageurs curieux et globe-trotters.<\/p>\n<p class=\"fig-paragraph\">Chaque tampon dans un passeport raconte une histoire. Celle d\u2019un vol, d\u2019un souvenir, d\u2019un d\u00e9tour impr\u00e9vu. Mais cet automne, c\u2019est une page qui pourrait se tourner. Fonctionnel d\u00e8s le 12 octobre 2025, l\u2019Entry\/Exit System (EES) remplacera progressivement le d\u00e9sormais classique tampon des visas \u00e0 l\u2019entr\u00e9e et la sortie de l\u2019espace Schengen. Cette modernisation touchera 29 \u00c9tats, tous les pays de l\u2019Union europ\u00e9enne mis \u00e0 part Chypre et l\u2019Irlande. Mais aussi l\u2019Islande, le Liechtenstein, la Norv\u00e8ge et la Suisse.<\/p>\n<p>                                    <a class=\"fig-a11y-skip a11y-hidden\" href=\"#fig-a11y-skip-main-inarticle\"><br \/>\n        Passer la publicit\u00e9<br \/>\n    <\/a><\/p>\n<p>Comment cela fonctionne\u00a0?<\/p>\n<p class=\"fig-paragraph\">Fini le petit carr\u00e9 d\u2019encre\u00a0: chaque voyageur hors UE sera d\u00e9sormais invit\u00e9 \u00e0 se pr\u00e9senter devant une borne automatis\u00e9e. L\u00e0, on scannera son passeport biom\u00e9trique, on prendra une photo, parfois m\u00eame des empreintes digitales \u2013 le tout en quelques secondes. L\u2019objet de ce nouveau syst\u00e8me\u00a0? Fluidifier les flux, s\u00e9curiser les fronti\u00e8res, tout en suivant la dur\u00e9e de s\u00e9jour des visiteurs.<\/p>\n<p class=\"fig-paragraph\">Cela\u00a0suscite toutefois la r\u00e9ticence de certaines compagnies de transport qui craignent qu\u2019il n\u2019allonge les files d\u2019attente dans les a\u00e9roports ou les gares. Les autorit\u00e9s britanniques ont d\u2019ores et d\u00e9j\u00e0 averti leurs ressortissants que\u00a0\u00abquelques minutes\u00bb\u00a0d\u2019attentes suppl\u00e9mentaires seront n\u00e9cessaires pour que\u00a0\u00abchaque passager\u00bb\u00a0franchisse les fronti\u00e8res.<\/p>\n<p class=\"fig-body-link\">\n            \u00c0 lire aussi<br \/>\n        <a class=\"fig-body-link__link\" href=\"http:\/\/www.lefigaro.fr\/voyages\/conseils\/partir-avec-un-passeport-presque-perime-oui-c-est-possible-mais-pas-partout-20250121\" data-fig-type=\"Article\" data-gtm-custom-categorie=\"navigation\" data-gtm-custom-action=\"crossclick\" data-gtm-custom-label=\"Contextuel\" data-gtm-event=\"customEventSPE\" data-fig-domain=\"LEFIGARO\" target=\"_blank\" rel=\"noopener\">Quels sont les pays qui vous acceptent m\u00eame avec un passeport (presque) p\u00e9rim\u00e9\u00a0?<br \/>\n    <\/a>\n<\/p>\n<p>Ce que cela change pour vous, l\u2019\u0153il du voyageur<\/p>\n<p class=\"fig-paragraph\"><strong>Moins d\u2019attente, plus de style.<\/strong> \u00c0 partir d\u2019octobre, la premi\u00e8re image de l\u2019Europe pourrait \u00eatre une borne moderne, pas l\u2019attente devant un douanier.<\/p>\n<p class=\"fig-paragraph\"><strong>Moins de souvenirs \u00e0 empiler.<\/strong> Les tampons, c\u2019est fini\u2026 mais on peut toujours les photographier, les scanner, les coller dans un carnet de voyage.<\/p>\n<p class=\"fig-paragraph\"><strong>Un parcours (encore) plus digital.<\/strong> Pour peu que l\u2019on d\u00e9gaine rapidement son passeport biometrique, le passage sera fluide.<\/p>\n<p>                                    <a class=\"fig-a11y-skip a11y-hidden\" href=\"#fig-a11y-skip-main-inarticle_mtf\"><br \/>\n        Passer la publicit\u00e9<br \/>\n    <\/a><\/p>\n<p>Pourquoi maintenant\u00a0?<\/p>\n<p class=\"fig-paragraph\">Le syst\u00e8me, valid\u00e9 d\u00e9finitivement dans les r\u00e8glements europ\u00e9ens de 2017, prendra corps dans les six mois \u00e0 venir\u00a0: d\u00e9ploiement progressif d\u00e8s octobre, puis lancement officiel pour tous d\u2019ici avril 2026. Une adaptation qui vise aussi \u00e0 pr\u00e9parer l\u2019arriv\u00e9e simultan\u00e9e de l\u2019ETIAS \u2013 cette fameuse autorisation \u00e9lectronique pour voyager dans l\u2019Union europ\u00e9enne \u00e0 partir de 2026.<\/p>\n<p class=\"fig-paragraph\">Reste une certitude\u00a0: si les contr\u00f4les deviennent plus fluides, les souvenirs, eux, perdront un peu de leur cachet. Fini les tampons dat\u00e9s qu\u2019on feuilletait comme un carnet d\u2019exploration \u2013 d\u00e9sormais, le voyage s\u2019archive en ligne, sans encre ni papier.<\/p>\n<p class=\"fig-body-link\">\n            \u00c0 lire aussi<br \/>\n        <a class=\"fig-body-link__link\" href=\"http:\/\/www.lefigaro.fr\/voyages\/conseils\/pourquoi-vous-ne-devriez-jamais-mettre-votre-passeport-dans-votre-bagage-cabine-20250806\" data-fig-type=\"Article\" data-gtm-custom-categorie=\"navigation\" data-gtm-custom-action=\"crossclick\" data-gtm-custom-label=\"Contextuel\" data-gtm-event=\"customEventSPE\" data-fig-domain=\"LEFIGARO\" target=\"_blank\" rel=\"noopener\">Pourquoi vous ne devriez jamais mettre votre passeport dans votre bagage cabine<br \/>\n    <\/a>\n<\/p>\n<p class=\"fig-paragraph\"><strong>ET AUSSI <\/strong>&#8211; Quel pays offre le passeport le plus \u00abpuissant\u00bb au monde pour voyager en 2025\u00a0?<\/p>\n","protected":false},"excerpt":{"rendered":"En octobre, les tampons sur les passeports vont dispara\u00eetre dans 29 pays europ\u00e9ens, dont la France. L\u2019Union europ\u00e9enne&hellip;\n","protected":false},"author":2,"featured_media":340198,"comment_status":"","ping_status":"","sticky":false,"template":"","format":"standard","meta":{"footnotes":""},"categories":[1586],"tags":[11,1777,674,1779,1011,27,12,4391,38726,25,1778,364,586],"class_list":{"0":"post-340197","1":"post","2":"type-post","3":"status-publish","4":"format-standard","5":"has-post-thumbnail","7":"category-europe","8":"tag-actualites","9":"tag-eu","10":"tag-europe","11":"tag-european-union","12":"tag-fr","13":"tag-france","14":"tag-news","15":"tag-passeport","16":"tag-police-aux-frontieres","17":"tag-republique-francaise","18":"tag-ue","19":"tag-union-europeenne","20":"tag-voyage"},"share_on_mastodon":{"url":"https:\/\/pubeurope.com\/@fr\/115082621315005270","error":""},"_links":{"self":[{"href":"https:\/\/www.europesays.com\/fr\/wp-json\/wp\/v2\/posts\/340197","targetHints":{"allow":["GET"]}}],"collection":[{"href":"https:\/\/www.europesays.com\/fr\/wp-json\/wp\/v2\/posts"}],"about":[{"href":"https:\/\/www.europesays.com\/fr\/wp-json\/wp\/v2\/types\/post"}],"author":[{"embeddable":true,"href":"https:\/\/www.europesays.com\/fr\/wp-json\/wp\/v2\/users\/2"}],"replies":[{"embeddable":true,"href":"https:\/\/www.europesays.com\/fr\/wp-json\/wp\/v2\/comments?post=340197"}],"version-history":[{"count":0,"href":"https:\/\/www.europesays.com\/fr\/wp-json\/wp\/v2\/posts\/340197\/revisions"}],"wp:featuredmedia":[{"embeddable":true,"href":"https:\/\/www.europesays.com\/fr\/wp-json\/wp\/v2\/media\/340198"}],"wp:attachment":[{"href":"https:\/\/www.europesays.com\/fr\/wp-json\/wp\/v2\/media?parent=340197"}],"wp:term":[{"taxonomy":"category","embeddable":true,"href":"https:\/\/www.europesays.com\/fr\/wp-json\/wp\/v2\/categories?post=340197"},{"taxonomy":"post_tag","embeddable":true,"href":"https:\/\/www.europesays.com\/fr\/wp-json\/wp\/v2\/tags?post=340197"}],"curies":[{"name":"wp","href":"https:\/\/api.w.org\/{rel}","templated":true}]}}