{"id":340211,"date":"2025-08-24T07:49:10","date_gmt":"2025-08-24T07:49:10","guid":{"rendered":"https:\/\/www.europesays.com\/fr\/340211\/"},"modified":"2025-08-24T07:49:10","modified_gmt":"2025-08-24T07:49:10","slug":"us-open-carlos-alcaraz-sur-jannik-sinner-la-relation-quon-a-en-dehors-je-pense-quon-nest-pas-habitues-a-voir-ca-avec-deux-joueurs-qui-ont-une-aussi-grande-rivalite-sur-le-court","status":"publish","type":"post","link":"https:\/\/www.europesays.com\/fr\/340211\/","title":{"rendered":"US Open > Carlos Alcaraz sur Jannik Sinner : \u00ab\u00a0La relation qu&rsquo;on a en dehors, je pense qu&rsquo;on n&rsquo;est pas habitu\u00e9s \u00e0 voir \u00e7a avec deux joueurs qui ont une aussi grande rivalit\u00e9 sur le court\u00a0\u00bb"},"content":{"rendered":"<p>De passage en conf\u00e9\u00adrence de presse avant le d\u00e9but de l\u2019US Open, o\u00f9 il se colti\u00adnera Reilly Opelka au premier tour, Carlos Alcaraz a \u00e9voqu\u00e9 sa rela\u00adtion avec Jannik Sinner.\u00a0<\/p>\n<p><strong>\u00ab\u202fComment d\u00e9crire notre rela\u00adtion\u202f? Par le respect qu\u2019on a l\u2019un pour l\u2019autre et la bonne rela\u00adtion qu\u2019on a hors du court. Bien s\u00fbr, tout le monde voit ce que l\u2019on peut faire sur le court quand on s\u2019af\u00adfronte, comment on arrive \u00e0 atteindre tous les deux notre top niveau. Mais la rela\u00adtion qu\u2019on a en dehors, je pense qu\u2019on n\u2019est pas habi\u00adtu\u00e9s \u00e0 voir \u00e7a avec deux joueurs qui ont une aussi grande riva\u00adlit\u00e9 sur le court. Je pense que c\u2019est ce qui la rend sp\u00e9ciale\u202f\u00bb<\/strong>, a d\u00e9clar\u00e9 l\u2019Espagnol dans des propos relay\u00e9s par <a href=\"https:\/\/www.lequipe.fr\/Tennis\/Actualites\/Carlos-alcaraz-sur-jannik-sinner-avant-l-us-open-le-respect-qu-on-a-l-un-pour-l-autre-rend-cette-relation-speciale\/1587121\" data-wpel-link=\"external\" target=\"_blank\" rel=\"nofollow external noopener\">L\u2019Equipe<\/a>.<\/p>\n<p class=\"post-published-date\" style=\"color: silver; font-size: 75%; text-align: left;\">Publi\u00e9 le dimanche 24 ao\u00fbt 2025 \u00e0 08:38<\/p>\n","protected":false},"excerpt":{"rendered":"De passage en conf\u00e9\u00adrence de presse avant le d\u00e9but de l\u2019US Open, o\u00f9 il se colti\u00adnera Reilly Opelka&hellip;\n","protected":false},"author":2,"featured_media":161705,"comment_status":"","ping_status":"","sticky":false,"template":"","format":"standard","meta":{"footnotes":""},"categories":[1415],"tags":[1744,1011,27,2127,60,1467],"class_list":{"0":"post-340211","1":"post","2":"type-post","3":"status-publish","4":"format-standard","5":"has-post-thumbnail","7":"category-tennis","8":"tag-alcaraz","9":"tag-fr","10":"tag-france","11":"tag-sinner","12":"tag-sports","13":"tag-tennis"},"share_on_mastodon":{"url":"https:\/\/pubeurope.com\/@fr\/115082648803849148","error":""},"_links":{"self":[{"href":"https:\/\/www.europesays.com\/fr\/wp-json\/wp\/v2\/posts\/340211","targetHints":{"allow":["GET"]}}],"collection":[{"href":"https:\/\/www.europesays.com\/fr\/wp-json\/wp\/v2\/posts"}],"about":[{"href":"https:\/\/www.europesays.com\/fr\/wp-json\/wp\/v2\/types\/post"}],"author":[{"embeddable":true,"href":"https:\/\/www.europesays.com\/fr\/wp-json\/wp\/v2\/users\/2"}],"replies":[{"embeddable":true,"href":"https:\/\/www.europesays.com\/fr\/wp-json\/wp\/v2\/comments?post=340211"}],"version-history":[{"count":0,"href":"https:\/\/www.europesays.com\/fr\/wp-json\/wp\/v2\/posts\/340211\/revisions"}],"wp:featuredmedia":[{"embeddable":true,"href":"https:\/\/www.europesays.com\/fr\/wp-json\/wp\/v2\/media\/161705"}],"wp:attachment":[{"href":"https:\/\/www.europesays.com\/fr\/wp-json\/wp\/v2\/media?parent=340211"}],"wp:term":[{"taxonomy":"category","embeddable":true,"href":"https:\/\/www.europesays.com\/fr\/wp-json\/wp\/v2\/categories?post=340211"},{"taxonomy":"post_tag","embeddable":true,"href":"https:\/\/www.europesays.com\/fr\/wp-json\/wp\/v2\/tags?post=340211"}],"curies":[{"name":"wp","href":"https:\/\/api.w.org\/{rel}","templated":true}]}}