{"id":340212,"date":"2025-08-24T07:51:15","date_gmt":"2025-08-24T07:51:15","guid":{"rendered":"https:\/\/www.europesays.com\/fr\/340212\/"},"modified":"2025-08-24T07:51:15","modified_gmt":"2025-08-24T07:51:15","slug":"retour-sur-une-penalite-lourde-de-consequences-au-grand-prix-motogp-de-hongrie-%f0%9f%8f%81","status":"publish","type":"post","link":"https:\/\/www.europesays.com\/fr\/340212\/","title":{"rendered":"Retour sur une p\u00e9nalit\u00e9 lourde de cons\u00e9quences au Grand Prix MotoGP de Hongrie \ud83c\udfc1"},"content":{"rendered":"<p><img decoding=\"async\" src=\"https:\/\/www.europesays.com\/fr\/wp-content\/uploads\/2025\/08\/68aa012bc0e3e0175f4deb5f_GnG_1255646_HiRes.jpeg\" alt=\"Lourde p\u00e9nalit\u00e9 pour Bastianini malgr\u00e9 sa d\u00e9claration d'une d\u00e9faillance technique de la moto MotoGP \u00e0 l'origine de l'accident\"\/><br \/>Un incident spectaculaire sous haute tension \ud83c\udfcd\ufe0f<\/p>\n<p>Le Grand Prix MotoGP de Hongrie restera dans les m\u00e9moires pour les amateurs de sensations fortes. Enea Bastianini, pilote de renom au sein de l&rsquo;\u00e9curie <a href=\"https:\/\/www.ktm.com\/fr-fr.html\" target=\"_blank\" rel=\"noopener\">Tech3 KTM<\/a>, a \u00e9t\u00e9 frapp\u00e9 d&rsquo;une sanction particuli\u00e8rement s\u00e9v\u00e8re suite \u00e0 un accrochage retentissant avec Johann Zarco lors de la course sprint. Mais les circonstances de cet incident r\u00e9v\u00e8lent un encha\u00eenement de facteurs techniques et humains qui questionnent le d\u00e9roulement m\u00eame des d\u00e9cisions prises par la direction de course.<\/p>\n<p>L\u2019incident d\u00e9bute d\u00e8s le premier tour sur le circuit du Balaton Park. Alors que la tension est \u00e0 son comble et que chaque pilote cherche \u00e0 imposer son rythme dans le peloton, un contact malheureux survient entre la KTM de Bastianini et la <a href=\"https:\/\/www.yamaha-motor.eu\/fr\/fr\/motorcycles\/\" target=\"_blank\" rel=\"noopener\">Yamaha<\/a> de Fabio Quartararo. Selon les explications du pilote italien, ce premier choc aurait provoqu\u00e9 une d\u00e9faillance du <strong>ride height device<\/strong>, un dispositif crucial de contr\u00f4le de la hauteur de la moto. Ce d\u00e9faut technique aurait, selon son t\u00e9moignage, rendu sa moto incontr\u00f4lable \u00e0 la sortie du virage 9, menant irr\u00e9m\u00e9diablement au crash avec Zarco.<\/p>\n<p>L&rsquo;interpr\u00e9tation de Johann Zarco diff\u00e8re cependant. Le pilote fran\u00e7ais d\u00e9crit l\u2019action comme \u00ab\u00a0folle \u00bb, reprochant \u00e0 Bastianini une prise de risques excessive, typique de son temp\u00e9rament rugueux lorsqu\u2019il doit remonter dans le classement. Ce contraste d\u2019analyses entre les deux pilotes nourrit la pol\u00e9mique et met en lumi\u00e8re la difficult\u00e9 d\u2019\u00e9valuer la responsabilit\u00e9 dans des circonstances m\u00ealant facteurs m\u00e9caniques et humains.<\/p>\n<p>Facteurs techniques : quand la fiabilit\u00e9 de la moto est en question \u2699\ufe0f<\/p>\n<p>L\u2019un des points cl\u00e9s de ce fait de course r\u00e9side dans la rupture du ride height device de la KTM de Bastianini, un \u00e9l\u00e9ment aujourd\u2019hui au c\u0153ur des innovations technologiques en MotoGP. Ce dispositif, con\u00e7u pour optimiser l\u2019a\u00e9rodynamisme et am\u00e9liorer l\u2019adh\u00e9rence en abaissant la moto \u00e0 des moments strat\u00e9giques, agit comme un atout de performance\u2026 quand il fonctionne. Cependant, comme toute technologie avanc\u00e9e, il reste vuln\u00e9rable face aux impr\u00e9vus de la course.<\/p>\n<p>Suite au contact initial avec Quartararo, Bastianini explique : \u00ab\u00a0Le dispositif \u00e9tait cass\u00e9, j\u2019arrivais dans le virage 9 avec la moto affaiss\u00e9e. J\u2019ai essay\u00e9 de freiner bien plus t\u00f4t que d\u2019habitude, pensant pouvoir compenser la d\u00e9faillance, mais je n\u2019ai pas pu stopper la moto \u00e0 temps et j\u2019ai percut\u00e9 Johann violemment, provoquant notre chute commune. \u00bb<\/p>\n<blockquote class=\"twitter-tweet\" data-media-max-width=\"560\">\n<p lang=\"fr\" dir=\"ltr\">Aussi, @Bestia23 &amp; @JohannZarco1 sont hors course \ud83d\udc94 #HungarianGP \ud83c\udded\ud83c\uddfa <a href=\"https:\/\/t.co\/RmM8zePHJu\">pic.twitter.com\/RmM8zePHJu<\/a><\/p>\n<p>\u2014 MotoGP\u2122\ud83c\udfc1 (@MotoGP) <a href=\"https:\/\/twitter.com\/MotoGP\/status\/1959240516438028317\" target=\"_blank\" rel=\"noopener\">23 ao\u00fbt 2025<\/a><\/p><\/blockquote>\n<p>Malgr\u00e9 la soumission de donn\u00e9es techniques \u00e9manant de l\u2019\u00e9quipe Tech3 KTM lors de l\u2019audience devant les commissaires, ces derniers n\u2019ont pas \u00e9t\u00e9 convaincus que la d\u00e9t\u00e9rioration technique \u00e9tait l\u2019unique cause de l\u2019accident. La rapidit\u00e9 des d\u00e9bats, l\u2019incapacit\u00e9 \u00e0 reproduire la d\u00e9faillance sur place, et la pression inh\u00e9rente \u00e0 la comp\u00e9tition ont pes\u00e9 sur leur d\u00e9cision. Ainsi, Bastianini s\u2019est vu attribuer une double p\u00e9nalit\u00e9 longue, infligeant un lourd handicap pour la course du dimanche.<\/p>\n<p>D\u00e9cisions des instances : dilemme entre s\u00e9curit\u00e9 et s\u00e9v\u00e9rit\u00e9 \ud83c\udfc1<\/p>\n<p>La direction de course a tranch\u00e9 en faveur d\u2019une sanction lourde, estimant que Bastianini avait pilot\u00e9 de mani\u00e8re irresponsable, causant l\u2019accident. Ce verdict est intervenu malgr\u00e9 les arguments techniques, renfor\u00e7ant le sentiment de frustration au sein du paddock et soulevant \u00e0 nouveau le d\u00e9bat sur la coh\u00e9rence et l\u2019\u00e9quit\u00e9 des p\u00e9nalit\u00e9s en MotoGP.<\/p>\n<p>Pour les commissaires, il s\u2019agissait du deuxi\u00e8me incident impliquant Bastianini cette saison, la pr\u00e9c\u00e9dente \u00e9tant un contact similaire avec Pecco Bagnaia au Mans. Ce cumul d\u2019infractions a motiv\u00e9 la s\u00e9v\u00e9rit\u00e9 de la d\u00e9cision : une double longue boucle lors de la course principale. Un tel handicap sur le trac\u00e9 \u00e9troit de Balaton Park ne laisse que peu d\u2019espoir au pilote italien pour remonter dans le classement, tant les opportunit\u00e9s de d\u00e9passement sont rares sur ce circuit exigeant.<\/p>\n<p>Du c\u00f4t\u00e9 de <a href=\"https:\/\/www.ktm.com\/fr-fr.html\" target=\"_blank\" rel=\"noopener\">Tech3 KTM<\/a>, la frustration est palpable. L\u2019\u00e9quipe s\u2019estime l\u00e9s\u00e9e par une interpr\u00e9tation trop stricte des faits, et craint pour la comp\u00e9tition sportive. De nombreux observateurs estiment que la direction de course doit imp\u00e9rativement b\u00e9n\u00e9ficier de moyens techniques modernes pour analyser les incidents, afin de ne pas p\u00e9naliser injustement des pilotes confront\u00e9s \u00e0 des d\u00e9faillances ind\u00e9pendantes de leur volont\u00e9.<\/p>\n<p>Cons\u00e9quences sur la saison et perspectives pour Bastianini \ud83d\udd2e<\/p>\n<p>Le v\u00e9ritable impact de cette p\u00e9nalit\u00e9 pourrait se faire sentir bien au-del\u00e0 de ce Grand Prix de Hongrie. La saison MotoGP 2025 est caract\u00e9ris\u00e9e par une homog\u00e9n\u00e9it\u00e9 de performance in\u00e9dite. Chaque point perdu p\u00e8se lourd, et la double p\u00e9nalit\u00e9 inflig\u00e9e \u00e0 Bastianini met en p\u00e9ril ses ambitions au classement g\u00e9n\u00e9ral.<\/p>\n<p>Ce revers est d\u2019autant plus difficile \u00e0 encaisser que le circuit de Balaton Park, introduit r\u00e9cemment au calendrier, ne pardonne aucune erreur. Les statistiques le d\u00e9montrent : en moyenne, un pilote p\u00e9nalis\u00e9 d&rsquo;une double longue boucle perd entre 12 et 15 secondes, ce qui compromet quasi d\u00e9finitivement ses chances de podium, surtout face \u00e0 une concurrence f\u00e9roce emmen\u00e9e par des pilotes tels que Jorge Martin, Maverick Vi\u00f1ales ou encore Pecco Bagnaia.<\/p>\n<p>Pour Enea Bastianini, la suite de la saison s\u2019annonce comme un d\u00e9fi mental autant que sportif. Les choix strat\u00e9giques de l\u2019\u00e9quipe, la capacit\u00e9 \u00e0 rebondir apr\u00e8s l\u2019adversit\u00e9 et le soutien de ses fans seront d\u00e9terminants pour la poursuite de sa carri\u00e8re au sommet.<\/p>\n<p>Analyse des r\u00e9actions du paddock et enjeux pour la MotoGP en 2025 \ud83c\udf0d<\/p>\n<p>L\u2019accident, la sanction et ses interpr\u00e9tations nourrissent de nombreuses discussions dans le paddock. Certains d\u00e9fenseurs d\u2019une \u00ab\u00a0ligne dure\u00a0\u00bb soutiennent que la s\u00e9v\u00e9rit\u00e9 est n\u00e9cessaire pour assurer la s\u00e9curit\u00e9 des pilotes, d\u2019autres plaident pour un examen plus nuanc\u00e9, tenant compte des avanc\u00e9es technologiques et des risques impr\u00e9vus qu\u2019elles engendrent.<\/p>\n<p>La <a href=\"https:\/\/www.motogp.com\/fr\" target=\"_blank\" rel=\"noopener\">MotoGP<\/a>, discipline ultra-m\u00e9diatis\u00e9e et vecteur d\u2019innovation, se trouve aujourd\u2019hui \u00e0 la crois\u00e9e des chemins. Les instances dirigeantes doivent r\u00e9inventer les protocoles de jugement, int\u00e9grer plus d\u2019expertise m\u00e9canique lors des audiences et communiquer en toute transparence avec les \u00e9quipes pour \u00e9viter l\u2019\u00e9cueil des d\u00e9cisions contest\u00e9es.<\/p>\n<p>Pour le public et les supporters, ce type d\u2019incident participe \u00e0 la dramaturgie du championnat. Il rappelle que le sport moto, par essence, conjugue prouesses, risques, impr\u00e9vus et parfois injustice. Les d\u00e9bats qui en r\u00e9sultent participent \u00e0 l\u2019\u00e9volution des r\u00e8gles, \u00e0 la maturation du championnat, mais aussi \u00e0 la passion qui anime ses fans.<\/p>\n<p>Face \u00e0 l\u2019adversit\u00e9, Enea Bastianini a adress\u00e9 un message de r\u00e9silience : \u00ab\u00a0Je vais travailler plus dur, apprendre de cette exp\u00e9rience et revenir plus fort.\u00a0\u00bb Ses mots r\u00e9sonnent comme un message d\u2019espoir pour tous ceux qui, dans le sport ou dans la vie, doivent se relever apr\u00e8s l\u2019\u00e9preuve.<\/p>\n<p><strong>En MotoGP comme ailleurs, chaque incident est une occasion de progresser, de se r\u00e9inventer et de repousser les limites. Que cette course inspire tous les passionn\u00e9s \u00e0 ne jamais abandonner leurs r\u00eaves, quelles que soient les emb\u00fbches sur la route \u2728.<\/strong><\/p>\n<p>Apr\u00e8s chaque chute, repartir demande passion et d\u00e9termination, \u00e0 l&rsquo;image d&rsquo;un r\u00eaveur devant une <a href=\"https:\/\/www.joinsteer.com\" target=\"_blank\" rel=\"noopener\">BMW M3<\/a> accessible en leasing chez Joinsteer. Pour vivre l\u2019\u00e9motion de la comp\u00e9tition jusque dans votre quotidien, laissez-vous tenter par la LOA et hissez-vous sur votre propre circuit.<\/p>\n<p><script async src=\"https:\/\/platform.twitter.com\/widgets.js\" charset=\"utf-8\"><\/script><\/p>\n","protected":false},"excerpt":{"rendered":"Un incident spectaculaire sous haute tension \ud83c\udfcd\ufe0f Le Grand Prix MotoGP de Hongrie restera dans les m\u00e9moires pour&hellip;\n","protected":false},"author":2,"featured_media":340213,"comment_status":"","ping_status":"","sticky":false,"template":"","format":"standard","meta":{"footnotes":""},"categories":[1413],"tags":[1011,27,1457,1456,60],"class_list":{"0":"post-340212","1":"post","2":"type-post","3":"status-publish","4":"format-standard","5":"has-post-thumbnail","7":"category-moto","8":"tag-fr","9":"tag-france","10":"tag-moto","11":"tag-motocycle","12":"tag-sports"},"share_on_mastodon":{"url":"https:\/\/pubeurope.com\/@fr\/115082657101527846","error":""},"_links":{"self":[{"href":"https:\/\/www.europesays.com\/fr\/wp-json\/wp\/v2\/posts\/340212","targetHints":{"allow":["GET"]}}],"collection":[{"href":"https:\/\/www.europesays.com\/fr\/wp-json\/wp\/v2\/posts"}],"about":[{"href":"https:\/\/www.europesays.com\/fr\/wp-json\/wp\/v2\/types\/post"}],"author":[{"embeddable":true,"href":"https:\/\/www.europesays.com\/fr\/wp-json\/wp\/v2\/users\/2"}],"replies":[{"embeddable":true,"href":"https:\/\/www.europesays.com\/fr\/wp-json\/wp\/v2\/comments?post=340212"}],"version-history":[{"count":0,"href":"https:\/\/www.europesays.com\/fr\/wp-json\/wp\/v2\/posts\/340212\/revisions"}],"wp:featuredmedia":[{"embeddable":true,"href":"https:\/\/www.europesays.com\/fr\/wp-json\/wp\/v2\/media\/340213"}],"wp:attachment":[{"href":"https:\/\/www.europesays.com\/fr\/wp-json\/wp\/v2\/media?parent=340212"}],"wp:term":[{"taxonomy":"category","embeddable":true,"href":"https:\/\/www.europesays.com\/fr\/wp-json\/wp\/v2\/categories?post=340212"},{"taxonomy":"post_tag","embeddable":true,"href":"https:\/\/www.europesays.com\/fr\/wp-json\/wp\/v2\/tags?post=340212"}],"curies":[{"name":"wp","href":"https:\/\/api.w.org\/{rel}","templated":true}]}}